{"id":27444,"date":"2022-09-02T11:22:27","date_gmt":"2022-09-02T17:22:27","guid":{"rendered":"https:\/\/www.gesmujer.org\/sitio\/?p=27444"},"modified":"2022-09-02T11:22:29","modified_gmt":"2022-09-02T17:22:29","slug":"aplazan-por-sexta-vez-audiencia-de-presunto-feminicida-de-joselyn-joven-asesinada-en-la-mixteca-de-oaxaca","status":"publish","type":"post","link":"https:\/\/www.gesmujer.org\/sitio\/?p=27444","title":{"rendered":"Aplazan por sexta vez audiencia de presunto feminicida de Joselyn, joven asesinada en la Mixteca de Oaxaca"},"content":{"rendered":"\n<p><strong>Jueves 01 de septiembre del 2022, Juana Garc\u00eda, El Universal Oaxaca.-<\/strong> Por sexta vez fue cancelada y aplazada la audiencia intermedia de V\u00edctor D. T. S., presunto feminicida de la joven\u00a0<strong>Joselyn Vargas Ortiz<\/strong>, desaparecida en agosto del 2018 y localizada sin vida en diciembre del 2020 en\u00a0<strong>Huajuapan de Le\u00f3n<\/strong>, en la regi\u00f3n Mixteca de Oaxaca.<\/p>\n\n\n\n<p>La audiencia estaba programada este mi\u00e9rcoles; sin embargo, por sexta ocasi\u00f3n, el juez de control Alfredo Bautista Manuel, del Juzgado Mixto de Primera Instancia del Circuito Judicial de la Mixteca, aplaz\u00f3 nuevamente la cita intermedia&nbsp;para la tarde de este jueves.<\/p>\n\n\n\n<p>Ante esta situaci\u00f3n, la colectiva\u00a0<strong>Marea Verde<\/strong>\u00a0se ha pronunciado que se detenga el aplazamiento de las audiencias y\u00a0exigen que este jueves se lleve a cabo, sin excusa, como fue anunciado el d\u00eda de ayer mi\u00e9rcoles.<\/p>\n\n\n\n<p>\u201cNos pronunciamos con exigencia que se detenga el aplazamiento de las audiencias en caso del&nbsp;<strong>feminicidio de Joselyn Alejandra Vargas<\/strong>&nbsp;<strong>Ortiz<\/strong>, ya que por sexta ocasi\u00f3n nuevamente es aplazada su audiencia por solicitud del imputado\u201d, se\u00f1alan.<\/p>\n\n\n\n<p>\u201cExigimos al juez de Control Alfredo Bautista Manuel que se ejecute la audiencia programada, para este jueves en punto de las 18:00 horas\u201d, indican en un comunicado.<\/p>\n\n\n\n<p>En ocasiones anteriores, la familia de la joven Joselyn ha manifestado a\u00a0<strong>EL UNIVERSAL<\/strong>\u00a0que los atrasos en las audiencias han sido agotadores y desgastantes para los familiares.<\/p>\n\n\n\n<p>\u201cEl aplazamiento ha sido muy cansado y agotador, ya casi dos a\u00f1os en que la familia ha estado en este proceso y nada m\u00e1s no concluye\u201d.<\/p>\n\n\n\n<p>Antes de esta anulaci\u00f3n, el pasado 29 de julio tambi\u00e9n fue cancelada la audiencia, en aquella ocasi\u00f3n a la familia le fue notificada un d\u00eda antes la nueva suspensi\u00f3n.<\/p>\n\n\n\n<p>&nbsp;\u201cEl argumento del imputado fue primero un amparo, el cual estaba en proceso; luego los defensores del imputado renunciaron al caso por cuestiones econ\u00f3micas\u201d, explic\u00f3 la familia de la v\u00edctima.<\/p>\n\n\n\n<p>\u201cEl caso ha sido demasiado lento, precisamente por todas esas pr\u00f3rrogas que se han venido dando, pero esper\u00e1bamos que a partir de hoy en la que estaba programada la audiencia intermedia ya se siga una secuencia para las dem\u00e1s audiencias\u201d, han dicho los familiares.<\/p>\n\n\n\n<p>El pasado 28 de agosto se cumplieron cuatro a\u00f1os de la desaparici\u00f3n de Joselyn Vargas Ortiz, en inmediaciones de la colonia Tepeyac en Huajuapan de Le\u00f3n. El cuerpo de la joven fue localizado dos a\u00f1os despu\u00e9s, a mediados de diciembre del 2020.<\/p>\n\n\n\n<p>El Grupo de Estudios sobre la Mujer Rosario Castellanos (GES Mujer) documenta que en lo que va de la actual administraci\u00f3n&nbsp;suman 679&nbsp;<strong>muertes violentas<\/strong>, de \u00e9stas 97 han sucedido durante 2022.<\/p>\n\n\n\n<p>Apenas, el 31 de agosto GESMujer emiti\u00f3 un comunicado en el que, ante las cifras que ha dejado la\u00a0<strong>violencia feminicida en Oaxaca<\/strong>, asegura que la Alerta de Violencia de G\u00e9nero (AVG) declarada hace cuatro a\u00f1os para 40 municipios de Oaxaca, es un fracaso.<\/p>\n\n\n\n<p>Fuente: <a href=\"https:\/\/oaxaca.eluniversal.com.mx\/sociedad\/aplazan-por-sexta-vez-audiencia-de-presunto-feminicida-de-joselyn-joven-asesinada-en-la\">https:\/\/oaxaca.eluniversal.com.mx\/sociedad\/aplazan-por-sexta-vez-audiencia-de-presunto-feminicida-de-joselyn-joven-asesinada-en-la<\/a><\/p>\n","protected":false},"excerpt":{"rendered":"<p>Jueves 01 de septiembre del 2022, Juana Garc\u00eda, El Universal Oaxaca.- Por sexta vez fue cancelada y aplazada la audiencia intermedia de V\u00edctor D. T. S., presunto feminicida de la joven\u00a0Joselyn Vargas Ortiz, desaparecida en agosto del 2018 y localizada sin vida en diciembre del 2020 en\u00a0Huajuapan de Le\u00f3n, en la regi\u00f3n Mixteca de Oaxaca. [&hellip;]<\/p>\n","protected":false},"author":4,"featured_media":27445,"comment_status":"closed","ping_status":"open","sticky":false,"template":"","format":"standard","meta":{"give_campaign_id":0,"rs_blank_template":"","rs_page_bg_color":"","slide_template_v7":"","footnotes":""},"categories":[575,91,32,3],"tags":[75,58,80,67],"class_list":["post-27444","post","type-post","status-publish","format-standard","has-post-thumbnail","hentry","category-blog","category-notas","category-novedades","category-portada","tag-feminicidios","tag-gesmujer","tag-oaxaca","tag-violencia"],"_links":{"self":[{"href":"https:\/\/www.gesmujer.org\/sitio\/index.php?rest_route=\/wp\/v2\/posts\/27444","targetHints":{"allow":["GET"]}}],"collection":[{"href":"https:\/\/www.gesmujer.org\/sitio\/index.php?rest_route=\/wp\/v2\/posts"}],"about":[{"href":"https:\/\/www.gesmujer.org\/sitio\/index.php?rest_route=\/wp\/v2\/types\/post"}],"author":[{"embeddable":true,"href":"https:\/\/www.gesmujer.org\/sitio\/index.php?rest_route=\/wp\/v2\/users\/4"}],"replies":[{"embeddable":true,"href":"https:\/\/www.gesmujer.org\/sitio\/index.php?rest_route=%2Fwp%2Fv2%2Fcomments&post=27444"}],"version-history":[{"count":1,"href":"https:\/\/www.gesmujer.org\/sitio\/index.php?rest_route=\/wp\/v2\/posts\/27444\/revisions"}],"predecessor-version":[{"id":27446,"href":"https:\/\/www.gesmujer.org\/sitio\/index.php?rest_route=\/wp\/v2\/posts\/27444\/revisions\/27446"}],"wp:featuredmedia":[{"embeddable":true,"href":"https:\/\/www.gesmujer.org\/sitio\/index.php?rest_route=\/wp\/v2\/media\/27445"}],"wp:attachment":[{"href":"https:\/\/www.gesmujer.org\/sitio\/index.php?rest_route=%2Fwp%2Fv2%2Fmedia&parent=27444"}],"wp:term":[{"taxonomy":"category","embeddable":true,"href":"https:\/\/www.gesmujer.org\/sitio\/index.php?rest_route=%2Fwp%2Fv2%2Fcategories&post=27444"},{"taxonomy":"post_tag","embeddable":true,"href":"https:\/\/www.gesmujer.org\/sitio\/index.php?rest_route=%2Fwp%2Fv2%2Ftags&post=27444"}],"curies":[{"name":"wp","href":"https:\/\/api.w.org\/{rel}","templated":true}]}}