{"id":27538,"date":"2022-09-20T09:56:15","date_gmt":"2022-09-20T15:56:15","guid":{"rendered":"https:\/\/www.gesmujer.org\/sitio\/?p=27538"},"modified":"2022-09-20T09:56:17","modified_gmt":"2022-09-20T15:56:17","slug":"ejecutan-a-una-mujer-en-san-blas-atempa-oaxaca-suman-siete-feminicidios-en-lo-que-va-de-septiembre","status":"publish","type":"post","link":"https:\/\/www.gesmujer.org\/sitio\/?p=27538","title":{"rendered":"Ejecutan a una mujer en San Blas Atempa, Oaxaca; suman siete feminicidios en lo que va de septiembre"},"content":{"rendered":"\n<p><strong>Viernes 16 de Septiembre del 2022 , Pedro Mat\u00edas, Proceso.- <\/strong>Teresa R. L., de 54 a\u00f1os de edad, fue ejecutada en el municipio de San Blas Atempa, con ella suman 689 casos de mujeres asesinadas en Oaxaca durante el sexenio del priista Alejandro Murat Hinojosa, inform\u00f3 el Grupo de Estudios Sobre la Mujer \u201cRosario Castellanos\u201d (GESMujer).<\/p>\n\n\n\n<p>Con este nuevo feminicidio suman siete las mujeres asesinadas en Oaxaca tan s\u00f3lo en los primeros 15 d\u00edas del mes de septiembre y 107 casos en lo que va de\u00a02022.<\/p>\n\n\n\n<p>El caso m\u00e1s reciente ocurri\u00f3 el pasado 14 de septiembre en el Istmo de Tehuantepec, en la calzada del Pante\u00f3n del municipio de San Blas Atempa, cuando dos sujetos que viajaban a bordo de una motocicleta descargaron sus armas contra Teresa R. L., quien recibi\u00f3 tres impactos que le cegaron la vida.<\/p>\n\n\n\n<p>Antes, el 9 de septiembre, en la regi\u00f3n de la Costa, en el municipio de Pinotepa Nacional fue ejecutada Lourdes M.T., de 35 a\u00f1os, quien se desempe\u00f1aba como despachadora del&nbsp;sitio de taxis locales&nbsp;Aurora L\u00f3pez Acevedo.<\/p>\n\n\n\n<p>El mismo 9 de septiembre, en Santo Domingo Ingenio, se report\u00f3 el asesinato de Alexander C. V., de 42 a\u00f1os de edad, y de su madre, Elfega V. L., de 65 a\u00f1os, quienes fueron ultimados presuntamente por Felipe C. V., los hechos ocurrieron en un domicilio ubicado en el barrio Comej\u00e9n.<\/p>\n\n\n\n<p>Un d\u00eda antes, el 8 de septiembre, fue asesinada a balazos Zoila G. V., de 59 a\u00f1os, cuyo cuerpo fue localizado en inmediaciones del paraje&nbsp;Yuta Un Inu camino a San Pedro Tulixtlahuaca, perteneciente al municipio de San Pedro Atoyac, regi\u00f3n de la Costa.<\/p>\n\n\n\n<p>Tambi\u00e9n ese d\u00eda se report\u00f3 que una mujer ingres\u00f3 al hospital de la ciudad San Juan Bautista Tuxtepec,&nbsp;luego de que su pareja la golpe\u00f3&nbsp;y le dispar\u00f3 con arma de fuego en Santa Mar\u00eda Yavego, en la cuenca del Papaloapan; sin embargo, el 12 de septiembre falleci\u00f3 a consecuencia de las lesiones que sufri\u00f3 durante el ataque.<\/p>\n\n\n\n<p>Derivado de la comisi\u00f3n del delito de feminicidio agravado, se inici\u00f3 la carpeta de investigaci\u00f3n 31423\/FCUE\/TUXTEPEC\/2022 y la Fiscal\u00eda General del Estado de Oaxaca (FGEO) ejecut\u00f3 una orden de aprehensi\u00f3n contra un hombre, quien es probable responsable del delito de feminicidio&nbsp;cometido en Santa Mar\u00eda Yaveo, perteneciente al municipio de Santiago Yaveo.<\/p>\n\n\n\n<p>El mi\u00e9rcoles 7 de septiembre, en la comunidad de San Andr\u00e9s Copala, perteneciente a San Pedro Mixtepec, se report\u00f3 que Hilda Cruz Tadeo fue rociada con gasolina al mismo tiempo que su esposo le prendi\u00f3 fuego. El presunto feminicida fue detenido.<\/p>\n\n\n\n<p>Y el 2 de septiembre, en San Jos\u00e9 Tenango, se perpetr\u00f3 un ataque armado en la vivienda de\u00a0Hip\u00f3lito Eligio G.\u00a0y su esposa Severiana, quienes fueron ultimados a balazos.<\/p>\n\n\n\n<p>Fuente: https:\/\/www.proceso.com.mx\/nacional\/estados\/2022\/9\/16\/ejecutan-una-mujer-en-san-blas-atempa-oaxaca-suman-siete-feminicidios-en-lo-que-va-de-septiembre-293454.html<\/p>\n","protected":false},"excerpt":{"rendered":"<p>Viernes 16 de Septiembre del 2022 , Pedro Mat\u00edas, Proceso.- Teresa R. L., de 54 a\u00f1os de edad, fue ejecutada en el municipio de San Blas Atempa, con ella suman 689 casos de mujeres asesinadas en Oaxaca durante el sexenio del priista Alejandro Murat Hinojosa, inform\u00f3 el Grupo de Estudios Sobre la Mujer \u201cRosario Castellanos\u201d [&hellip;]<\/p>\n","protected":false},"author":4,"featured_media":27539,"comment_status":"closed","ping_status":"open","sticky":false,"template":"","format":"standard","meta":{"give_campaign_id":0,"rs_blank_template":"","rs_page_bg_color":"","slide_template_v7":"","footnotes":""},"categories":[575,91,32,3],"tags":[60,75,58,80,67],"class_list":["post-27538","post","type-post","status-publish","format-standard","has-post-thumbnail","hentry","category-blog","category-notas","category-novedades","category-portada","tag-derechos-mujeres","tag-feminicidios","tag-gesmujer","tag-oaxaca","tag-violencia"],"_links":{"self":[{"href":"https:\/\/www.gesmujer.org\/sitio\/index.php?rest_route=\/wp\/v2\/posts\/27538","targetHints":{"allow":["GET"]}}],"collection":[{"href":"https:\/\/www.gesmujer.org\/sitio\/index.php?rest_route=\/wp\/v2\/posts"}],"about":[{"href":"https:\/\/www.gesmujer.org\/sitio\/index.php?rest_route=\/wp\/v2\/types\/post"}],"author":[{"embeddable":true,"href":"https:\/\/www.gesmujer.org\/sitio\/index.php?rest_route=\/wp\/v2\/users\/4"}],"replies":[{"embeddable":true,"href":"https:\/\/www.gesmujer.org\/sitio\/index.php?rest_route=%2Fwp%2Fv2%2Fcomments&post=27538"}],"version-history":[{"count":1,"href":"https:\/\/www.gesmujer.org\/sitio\/index.php?rest_route=\/wp\/v2\/posts\/27538\/revisions"}],"predecessor-version":[{"id":27540,"href":"https:\/\/www.gesmujer.org\/sitio\/index.php?rest_route=\/wp\/v2\/posts\/27538\/revisions\/27540"}],"wp:featuredmedia":[{"embeddable":true,"href":"https:\/\/www.gesmujer.org\/sitio\/index.php?rest_route=\/wp\/v2\/media\/27539"}],"wp:attachment":[{"href":"https:\/\/www.gesmujer.org\/sitio\/index.php?rest_route=%2Fwp%2Fv2%2Fmedia&parent=27538"}],"wp:term":[{"taxonomy":"category","embeddable":true,"href":"https:\/\/www.gesmujer.org\/sitio\/index.php?rest_route=%2Fwp%2Fv2%2Fcategories&post=27538"},{"taxonomy":"post_tag","embeddable":true,"href":"https:\/\/www.gesmujer.org\/sitio\/index.php?rest_route=%2Fwp%2Fv2%2Ftags&post=27538"}],"curies":[{"name":"wp","href":"https:\/\/api.w.org\/{rel}","templated":true}]}}