{"id":27659,"date":"2022-10-01T14:18:44","date_gmt":"2022-10-01T20:18:44","guid":{"rendered":"https:\/\/www.gesmujer.org\/sitio\/?p=27659"},"modified":"2022-10-01T14:18:47","modified_gmt":"2022-10-01T20:18:47","slug":"esto-es-su-primavera-oaxaquena","status":"publish","type":"post","link":"https:\/\/www.gesmujer.org\/sitio\/esto-es-su-primavera-oaxaquena\/","title":{"rendered":"\u00bfESTO ES SU PRIMAVERA OAXAQUE\u00d1A?"},"content":{"rendered":"\n<p><strong>LA MAYORIA DE DIPUTADAS Y DIPUTADOS DE MORENA, PT<br>Y PARTIDO VERDE, GENERAN RETROCESO HACIA LOS<br>DERECHOS POL\u00cdTICOS DE LAS MUJERES IND\u00cdGENAS EN<br>OAXACA.<\/strong><\/p>\n\n\n\n<p><br>Somos mujeres ind\u00edgenas, autoridades, lideresas comunitarias, mujeres<br>organizadas, que hemos generado y participado desde hace mucho tiempo en<br>procesos de fortalecimiento de nuestros derechos como mujeres ind\u00edgenas y<br>en general como mujeres, es por eso, que nos:<br>PRONUNCIAMOS<\/p>\n\n\n\n<p><br>En contra de la aprobaci\u00f3n a la modificaci\u00f3n del Transitorio Tercero del<br>Decreto 1511, aprobado por mayor\u00eda de Diputadas y Diputados de Morena, PT<br>y Partido Verde, al frenar el cumplimiento de la paridad en municipios que se<br>rigen por Sistemas Normativos Ind\u00edgenas, al establecer ahora que \u00e9sta sea de<br>manera \u201cgradual\u201d e indefinida.<\/p>\n\n\n\n<p><br>Esta reforma, representa una violaci\u00f3n a los derechos humanos de las mujeres<br>ind\u00edgenas e implica un retroceso a los espacios ya ganados. Esta modificaci\u00f3n a<br>la ley, no reducir\u00e1 la violencia, menos generar\u00e1 cambios estructurales a favor<br>de las mujeres.<\/p>\n\n\n\n<p><br>Es falso el \u201cdiscurso\u201d que la paridad atenta contra la autonom\u00eda y libre<br>determinaci\u00f3n de los pueblos, detr\u00e1s de este discurso se sigue impidiendo la<br>participaci\u00f3n de las mujeres, diferentes municipios con sistemas de cargos han<br>mostrado que si se pueden ejercer estos dos derechos en armon\u00eda.<br>La comunidad y comunalidad se fortalece con la participaci\u00f3n de las mujeres<br>en los espacios de toma de decisi\u00f3n, en las mismas condiciones que los<br>hombres. El sistema de cargos y\/o escalaf\u00f3n si puede valorar el aporte de las<br>mujeres a la comunidad.<\/p>\n\n\n\n<p><br>El Congreso de Oaxaca, las servidoras y servidores p\u00fablicos deben analizar la<br>situaci\u00f3n estructural que enfrentan las mujeres ind\u00edgenas desde una<br>perspectiva intercultural y de g\u00e9nero, generando leyes, pol\u00edticas p\u00fablicas y<br>presupuesto que materialice y garantice el ejercicio de los derechos de las<br>mujeres ind\u00edgenas, entre ellos los pol\u00edticos-electorales.<br><\/p>\n\n\n\n<p>Condenamos que las Diputadas que fijaron postura para defender esta reforma<br>\u201cretrograda\u201d lo hagan desde un discurso racista y clasista, que nos consideren<br>como mujeres incapaces, ya que seg\u00fan ellas las mujeres que somos<br>autoridades en nuestras comunidades, no tenemos \u201ccapacidad de decisi\u00f3n\u201d,<br>pues s\u00f3lo obedecemos lo que nos dicen los \u201casesores\u201d o porque no nos dejan<br>participar en las asamblea, nos siguen mirando como personas incapaces,<br>como si necesitamos tutelaje y protecci\u00f3n especial, es la misma mirada<br>colonialista que no se termina de erradicar.<\/p>\n\n\n\n<p><br>Condenamos y condenaremos siempre toda acci\u00f3n u omisi\u00f3n de cualquier<br>partido pol\u00edtico que atente en contra de los derechos de las mujeres.<br>Hacemos un llamado a todas las mujeres a reflexionar sobre los avances que<br>se han construido en torno a nuestros derechos pol\u00edticos. Defendamos los<br>avances. No al retroceso.<\/p>\n\n\n\n<p><br>Exigimos respeto, las mujeres ind\u00edgenas, no somos incapaces, necesitamos<br>que se garanticen nuestros derechos, no que se nos resten.<br>Exigimos que se garantice las acciones afirmativas de g\u00e9nero eliminando<br>cualquier forma de discriminaci\u00f3n y exclusi\u00f3n hist\u00f3rica o estructural.<br>Exigimos al ejecutivo, veto a esta reforma, no m\u00e1s simulaci\u00f3n, no m\u00e1s<br>espera, no m\u00e1s discursos sin acciones concretas y efectivas.<\/p>\n\n\n\n<p><br>\u00a1Hasta que la dignidad y nuestra participaci\u00f3n pol\u00edtica se<br>hagan costumbre!<br>\u00a1Todas Las Mujeres, Todos los Derechos!<br>\u00a1Sin la participaci\u00f3n de las mujeres no hay colectividad ni<br>comunalidad!<br><\/p>\n\n\n\n<p>Firmantes:<br>Autoridades y lideresas comunitarias:<\/p>\n\n\n\n<ul class=\"wp-block-list\"><li>Evic Juli\u00e1n Estrada, Empoderamiento A.C., San Juan Lalana<\/li><li>Irene Santos L\u00f3pez, Regidora de Hacienda, San Jacinto Tlacotepec<\/li><li>Florentina Ruiz V\u00e9lez, Regidora de Educaci\u00f3n, Santa Cruz Zenzontepec<\/li><li>Esther Rodr\u00edguez (regidora de obras), Municipio de San Jer\u00f3nimo<br>Coatl\u00e1n.<\/li><li>Mar\u00eda Magdalena Fabi\u00e1n (Titular de la Instancia de la Mujer del Municipio<br>de San Mart\u00edn Lachil\u00e1)<\/li><li>Eumilce Vasquez Marroqu\u00edn (presidenta del DIF de Santa Mar\u00eda<br>Zacatepec).<\/li><li>Yajtzahui Torres Martinez (Villa Talea de Castro).<\/li><li>Zuleyma P\u00e9rez Rojas (El Coyul Huamelula, Tehuantepec)<\/li><li>Asunci\u00f3n Sandoval Idelfonso (Asunci\u00f3n Cacalotepec, mixe)<\/li><li>Felicitas Cruz Bautista (presienta del comit\u00e9 de agua en San Gabriel<br>Mixtepec).<\/li><li>Nadia Areli Ort\u00edz Silva, (presidenta de Salud y Ecolog\u00eda en la agencia de<br>Santiago Cacaotepec, Etla).<\/li><li>Lidia Aguilar, San Agust\u00edn Tlaxiaco<\/li><li>Maricela Reyes Guzm\u00e1n (exregidora de Hacienda en San Sebasti\u00e1n<br>Nicananduta, Teposcolula).<\/li><li>Rebeca Hern\u00e1ndez V\u00e1squez, (ex alcaldesa de San Mart\u00edn Huamelulpam).<\/li><li>Edith Marisol Vargas P\u00e9rez, Teotitl\u00e1n de Flores Mag\u00f3n.<\/li><li>Mari Carmen Ortega Bravo<\/li><li>Mar\u00eda del Carmen Santiago Laguna<\/li><li>Ruth Valeria Santiago Lagunas<\/li><li>Alba Leilany Victoria Ortiz<\/li><li>Hita Ortiz Silva<\/li><li>Mijane Jim\u00e9nez Salinas<\/li><li>Alel\u00ed Ram\u00edrez Victoria<br>Organizaciones:<\/li><li>Red de Abogadas Ind\u00edgenas\/capitulo-Oaxaca<\/li><li>Red Nacional de Abogadas Ind\u00edgenas.<\/li><li>Coordinadora Nacional de Mujeres Ind\u00edgenas CONAMI<\/li><li>Centro para los Derechos de la Mujer Naaxwiin (regi\u00f3n Istmo)<\/li><li>Mano Amiga de la Costa Chica<\/li><li>Luna del Sur A.C<\/li><li>Colectivo Mujeres Mazatecas que miran a favor de la Tierra (regi\u00f3n<\/li><li>Organizaciones Indias por los Derechos Humanos en Oaxaca (OIDHO)<\/li><li>Consorcio para el Di\u00e1logo Parlamentario y la Equidad Oaxaca.<\/li><li>Colectivo Chicatanas<\/li><li>Colectiva Jur\u00eddica por la Dignidad Disidente, COJUDIDI<\/li><li>Centro Universitario Huitepec<\/li><li>Grupo de Estudios sobre la Mujer Rosario Castellanos<\/li><li>CAMPO A.C.<\/li><li>SOROR<\/li><li>Colectivo Mujer Nueva<\/li><li>Comit\u00e9 Damian Gallardo<\/li><li>Colectivas \u201cMujeres Lilas en Oaxaca\u201d<\/li><li>Red Mariposas de Mujeres<\/li><li>Acciones y Voces del Campo, AVOCAM, A.C<\/li><li>COCO\u00d1ATU A.C. (regi\u00f3n Costa)<\/li><li>Red Chimalli A.C.<\/li><li>IDEMO<\/li><li>Colectivo, Na Zanda, Mujeres Proactivas<\/li><li>Centro Integral Jur\u00eddico Pro-Derechos, AC<\/li><li>Movimiento Tochtepetl<\/li><li>La Mandarina<\/li><li>Mujeres Tejiendo Comunidad<\/li><li>Hitandekas, A.C.<\/li><li>Fuentes de Agua Viva, A.C.<\/li><li>Fundaci\u00f3n Abraxas Oaxaca<\/li><li>Antimonumentas Vivas nos Queremos<\/li><li>Grupo Mujeres Sabinas A.C.<\/li><li>Arteeducadoras de Santa Clara Coatita, Ecatepec.<\/li><li>Mujeres Abriendo Caminos<\/li><li>Achicopaladas<\/li><li>Tequio Jur\u00eddico<\/li><li>Espiral por la Vida, AC.<\/li><li>SURCO<\/li><li>UCIO-EZ<\/li><li>Marea Verde Mixteca<\/li><li>Escuela para la Libertad de las Mujeres<\/li><li>Te acompa\u00f1o, Abrazaditas<\/li><li>Las campamentas<br>Activista y Defensoras de Derechos Humanos:<\/li><li>Flora Guti\u00e9rrez Guti\u00e9rrez<\/li><li>Elizabeth Olvera V\u00e1squez<\/li><li>Patricia Torres Sandoval<\/li><li>Yesica S\u00e1nchez Maya<\/li><li>Alicia Guzm\u00e1n Ortiz<\/li><li>Lizbeth D\u00edaz<\/li><li>Mariana Garc\u00eda Ortiz<\/li><li>Rosa Delia Mart\u00ednez Hern\u00e1ndez<\/li><li>Clara Morales Rodr\u00edguez<\/li><li>Pilar Monterrubio Viloria<\/li><li>Roc\u00edo Melchor<\/li><li>Tania Santiago<\/li><li>Rogelia Gonz\u00e1lez Ruiz, fundadora de Grupo 8 de marzo A.C<\/li><li>Aimme Rodr\u00edguez V\u00e1squez, de Consolidando un M\u00e9xico Mejor.<\/li><li>Ana Mar\u00eda Hern\u00e1ndez C\u00e1rdenas<\/li><li>Libia Edith Valdez Santiago<\/li><li>Diana Luz V\u00e1zquez Ruiz (Promotora de la Ley Sabina contra Deudores<br>Alimentarios).<\/li><li>Ana Delia Mart\u00ednez<\/li><li>Felipa Garc\u00eda Sandoval<\/li><li>Adriana Marcelina Linares Arroyo<\/li><li>Yolanda Barrando Hern\u00e1ndez<\/li><li>Noem\u00ed Ortiz Santiago<\/li><li>Bellanira L\u00f3pez S\u00e1nchez<\/li><li>Dayse Melissa Mart\u00ednez Silva<\/li><li>Ricarda Ram\u00edrez Juli\u00e1n<\/li><li>Elizabeth Guadalupe Mosqueda Rivera<\/li><li>Beatriz Picazo P\u00e9rez<\/li><li>Laura Yadira Morelos<\/li><li>Mariana Libertad Espinoza<\/li><li>Nizayeejh Ch\u00e1vez<\/li><li>Guadalupe Santaella Rivas<\/li><li>Gloria Irene Ponce Quezada<\/li><li>Ariadna Monserrat Jim\u00e9nez Ruiz<\/li><li>Magic Jane Community<\/li><li>Yessica Ivonne Garc\u00eda Zarate<\/li><li>Jeanett Altamirano Raymundo<\/li><li>Victoria Jim\u00e9nez Isabel<\/li><\/ul>\n","protected":false},"excerpt":{"rendered":"<p>LA MAYORIA DE DIPUTADAS Y DIPUTADOS DE MORENA, PTY PARTIDO VERDE, GENERAN RETROCESO HACIA LOSDERECHOS POL\u00cdTICOS DE LAS MUJERES IND\u00cdGENAS ENOAXACA. Somos mujeres ind\u00edgenas, autoridades, lideresas comunitarias, mujeresorganizadas, que hemos generado y participado desde hace mucho tiempo enprocesos de fortalecimiento de nuestros derechos como mujeres ind\u00edgenas yen general como mujeres, es por eso, que nos:PRONUNCIAMOS [&hellip;]<\/p>\n","protected":false},"author":4,"featured_media":27660,"comment_status":"closed","ping_status":"open","sticky":false,"template":"","format":"standard","meta":{"give_campaign_id":0,"footnotes":""},"categories":[575,36,91,32,3],"tags":[43,60,63,58,77,80],"class_list":["post-27659","post","type-post","status-publish","format-standard","has-post-thumbnail","hentry","category-blog","category-comunicados","category-notas","category-novedades","category-portada","tag-derechos","tag-derechos-mujeres","tag-equidad-de-genero","tag-gesmujer","tag-mujeres-indigenas","tag-oaxaca"],"yoast_head":"<!-- This site is optimized with the Yoast SEO plugin v27.4 - https:\/\/yoast.com\/product\/yoast-seo-wordpress\/ -->\n<title>\u00bfESTO ES SU PRIMAVERA OAXAQUE\u00d1A? - GESMujer &quot;Rosario Castellanos&quot;<\/title>\n<meta name=\"robots\" content=\"index, follow, max-snippet:-1, max-image-preview:large, max-video-preview:-1\" \/>\n<link rel=\"canonical\" href=\"https:\/\/www.gesmujer.org\/sitio\/esto-es-su-primavera-oaxaquena\/\" \/>\n<meta property=\"og:locale\" content=\"es_MX\" \/>\n<meta property=\"og:type\" content=\"article\" \/>\n<meta property=\"og:title\" content=\"\u00bfESTO ES SU PRIMAVERA OAXAQUE\u00d1A? - GESMujer &quot;Rosario Castellanos&quot;\" \/>\n<meta property=\"og:description\" content=\"LA MAYORIA DE DIPUTADAS Y DIPUTADOS DE MORENA, PTY PARTIDO VERDE, GENERAN RETROCESO HACIA LOSDERECHOS POL\u00cdTICOS DE LAS MUJERES IND\u00cdGENAS ENOAXACA. Somos mujeres ind\u00edgenas, autoridades, lideresas comunitarias, mujeresorganizadas, que hemos generado y participado desde hace mucho tiempo enprocesos de fortalecimiento de nuestros derechos como mujeres ind\u00edgenas yen general como mujeres, es por eso, que nos:PRONUNCIAMOS [&hellip;]\" \/>\n<meta property=\"og:url\" content=\"https:\/\/www.gesmujer.org\/sitio\/esto-es-su-primavera-oaxaquena\/\" \/>\n<meta property=\"og:site_name\" content=\"GESMujer &quot;Rosario Castellanos&quot;\" \/>\n<meta property=\"article:publisher\" content=\"https:\/\/www.facebook.com\/gesmujer.rosario.castellanos.ac\" \/>\n<meta property=\"article:published_time\" content=\"2022-10-01T20:18:44+00:00\" \/>\n<meta property=\"article:modified_time\" content=\"2022-10-01T20:18:47+00:00\" \/>\n<meta property=\"og:image\" content=\"https:\/\/www.gesmujer.org\/sitio\/wp-content\/uploads\/2022\/10\/310269506_405981165028584_6651822178267143125_n.jpg\" \/>\n\t<meta property=\"og:image:width\" content=\"1280\" \/>\n\t<meta property=\"og:image:height\" content=\"1072\" \/>\n\t<meta property=\"og:image:type\" content=\"image\/jpeg\" \/>\n<meta name=\"author\" content=\"cendoc\" \/>\n<meta name=\"twitter:card\" content=\"summary_large_image\" \/>\n<meta name=\"twitter:creator\" content=\"@GES_Mujer\" \/>\n<meta name=\"twitter:site\" content=\"@GES_Mujer\" \/>\n<meta name=\"twitter:label1\" content=\"Escrito por\" \/>\n\t<meta name=\"twitter:data1\" content=\"cendoc\" \/>\n\t<meta name=\"twitter:label2\" content=\"Tiempo de lectura\" \/>\n\t<meta name=\"twitter:data2\" content=\"5 minutos\" \/>\n<script type=\"application\/ld+json\" class=\"yoast-schema-graph\">{\"@context\":\"https:\\\/\\\/schema.org\",\"@graph\":[{\"@type\":\"Article\",\"@id\":\"https:\\\/\\\/www.gesmujer.org\\\/sitio\\\/esto-es-su-primavera-oaxaquena\\\/#article\",\"isPartOf\":{\"@id\":\"https:\\\/\\\/www.gesmujer.org\\\/sitio\\\/esto-es-su-primavera-oaxaquena\\\/\"},\"author\":{\"name\":\"cendoc\",\"@id\":\"https:\\\/\\\/www.gesmujer.org\\\/sitio\\\/#\\\/schema\\\/person\\\/50e03387f883646c2714c51783a7e288\"},\"headline\":\"\u00bfESTO ES SU PRIMAVERA OAXAQUE\u00d1A?\",\"datePublished\":\"2022-10-01T20:18:44+00:00\",\"dateModified\":\"2022-10-01T20:18:47+00:00\",\"mainEntityOfPage\":{\"@id\":\"https:\\\/\\\/www.gesmujer.org\\\/sitio\\\/esto-es-su-primavera-oaxaquena\\\/\"},\"wordCount\":1114,\"publisher\":{\"@id\":\"https:\\\/\\\/www.gesmujer.org\\\/sitio\\\/#organization\"},\"image\":{\"@id\":\"https:\\\/\\\/www.gesmujer.org\\\/sitio\\\/esto-es-su-primavera-oaxaquena\\\/#primaryimage\"},\"thumbnailUrl\":\"https:\\\/\\\/www.gesmujer.org\\\/sitio\\\/wp-content\\\/uploads\\\/2022\\\/10\\\/310269506_405981165028584_6651822178267143125_n.jpg\",\"keywords\":[\"derechos\",\"Derechos Mujeres\",\"Equidad de g\u00e9nero\",\"GESMujer\",\"Mujeres Ind\u00edgenas\",\"Oaxaca\"],\"articleSection\":[\"Blog\",\"COMUNICADOS\",\"NOTAS\",\"NOTICIAS\",\"portada\"],\"inLanguage\":\"es\"},{\"@type\":\"WebPage\",\"@id\":\"https:\\\/\\\/www.gesmujer.org\\\/sitio\\\/esto-es-su-primavera-oaxaquena\\\/\",\"url\":\"https:\\\/\\\/www.gesmujer.org\\\/sitio\\\/esto-es-su-primavera-oaxaquena\\\/\",\"name\":\"\u00bfESTO ES SU PRIMAVERA OAXAQUE\u00d1A? - GESMujer &quot;Rosario Castellanos&quot;\",\"isPartOf\":{\"@id\":\"https:\\\/\\\/www.gesmujer.org\\\/sitio\\\/#website\"},\"primaryImageOfPage\":{\"@id\":\"https:\\\/\\\/www.gesmujer.org\\\/sitio\\\/esto-es-su-primavera-oaxaquena\\\/#primaryimage\"},\"image\":{\"@id\":\"https:\\\/\\\/www.gesmujer.org\\\/sitio\\\/esto-es-su-primavera-oaxaquena\\\/#primaryimage\"},\"thumbnailUrl\":\"https:\\\/\\\/www.gesmujer.org\\\/sitio\\\/wp-content\\\/uploads\\\/2022\\\/10\\\/310269506_405981165028584_6651822178267143125_n.jpg\",\"datePublished\":\"2022-10-01T20:18:44+00:00\",\"dateModified\":\"2022-10-01T20:18:47+00:00\",\"breadcrumb\":{\"@id\":\"https:\\\/\\\/www.gesmujer.org\\\/sitio\\\/esto-es-su-primavera-oaxaquena\\\/#breadcrumb\"},\"inLanguage\":\"es\",\"potentialAction\":[{\"@type\":\"ReadAction\",\"target\":[\"https:\\\/\\\/www.gesmujer.org\\\/sitio\\\/esto-es-su-primavera-oaxaquena\\\/\"]}]},{\"@type\":\"ImageObject\",\"inLanguage\":\"es\",\"@id\":\"https:\\\/\\\/www.gesmujer.org\\\/sitio\\\/esto-es-su-primavera-oaxaquena\\\/#primaryimage\",\"url\":\"https:\\\/\\\/www.gesmujer.org\\\/sitio\\\/wp-content\\\/uploads\\\/2022\\\/10\\\/310269506_405981165028584_6651822178267143125_n.jpg\",\"contentUrl\":\"https:\\\/\\\/www.gesmujer.org\\\/sitio\\\/wp-content\\\/uploads\\\/2022\\\/10\\\/310269506_405981165028584_6651822178267143125_n.jpg\",\"width\":1280,\"height\":1072},{\"@type\":\"BreadcrumbList\",\"@id\":\"https:\\\/\\\/www.gesmujer.org\\\/sitio\\\/esto-es-su-primavera-oaxaquena\\\/#breadcrumb\",\"itemListElement\":[{\"@type\":\"ListItem\",\"position\":1,\"name\":\"Home\",\"item\":\"https:\\\/\\\/www.gesmujer.org\\\/sitio\\\/\"},{\"@type\":\"ListItem\",\"position\":2,\"name\":\"\u00bfESTO ES SU PRIMAVERA OAXAQUE\u00d1A?\"}]},{\"@type\":\"WebSite\",\"@id\":\"https:\\\/\\\/www.gesmujer.org\\\/sitio\\\/#website\",\"url\":\"https:\\\/\\\/www.gesmujer.org\\\/sitio\\\/\",\"name\":\"GESMujer \\\"Rosario Castellanos\\\"\",\"description\":\"M\u00e1s de 45 a\u00f1os ha llevado a cabo acciones para erradicar la violencia de g\u00e9nero y construir entornos donde las mujeres encuentren su resiliencia, incrementen su agencia y autonom\u00eda que les permita lograr su empoderamiento a trav\u00e9s de cinco l\u00edneas de acci\u00f3n.\",\"publisher\":{\"@id\":\"https:\\\/\\\/www.gesmujer.org\\\/sitio\\\/#organization\"},\"alternateName\":\"GESMujer\",\"potentialAction\":[{\"@type\":\"SearchAction\",\"target\":{\"@type\":\"EntryPoint\",\"urlTemplate\":\"https:\\\/\\\/www.gesmujer.org\\\/sitio\\\/?s={search_term_string}\"},\"query-input\":{\"@type\":\"PropertyValueSpecification\",\"valueRequired\":true,\"valueName\":\"search_term_string\"}}],\"inLanguage\":\"es\"},{\"@type\":\"Organization\",\"@id\":\"https:\\\/\\\/www.gesmujer.org\\\/sitio\\\/#organization\",\"name\":\"Grupo de estudios sobre la mujer Rosario Castellanos ac\",\"alternateName\":\"GESMujer\",\"url\":\"https:\\\/\\\/www.gesmujer.org\\\/sitio\\\/\",\"logo\":{\"@type\":\"ImageObject\",\"inLanguage\":\"es\",\"@id\":\"https:\\\/\\\/www.gesmujer.org\\\/sitio\\\/#\\\/schema\\\/logo\\\/image\\\/\",\"url\":\"https:\\\/\\\/www.gesmujer.org\\\/sitio\\\/wp-content\\\/uploads\\\/2026\\\/03\\\/Logo-GESMujer-300.png\",\"contentUrl\":\"https:\\\/\\\/www.gesmujer.org\\\/sitio\\\/wp-content\\\/uploads\\\/2026\\\/03\\\/Logo-GESMujer-300.png\",\"width\":300,\"height\":141,\"caption\":\"Grupo de estudios sobre la mujer Rosario Castellanos ac\"},\"image\":{\"@id\":\"https:\\\/\\\/www.gesmujer.org\\\/sitio\\\/#\\\/schema\\\/logo\\\/image\\\/\"},\"sameAs\":[\"https:\\\/\\\/www.facebook.com\\\/gesmujer.rosario.castellanos.ac\",\"https:\\\/\\\/x.com\\\/GES_Mujer\",\"https:\\\/\\\/www.instagram.com\\\/ges_mujer\\\/?hl=es\",\"https:\\\/\\\/www.youtube.com\\\/c\\\/GESMujerRosarioCastellanos\\\/videos\",\"https:\\\/\\\/soundcloud.com\\\/gesmujerac\",\"https:\\\/\\\/www.tiktok.com\\\/@gesmujer\"]},{\"@type\":\"Person\",\"@id\":\"https:\\\/\\\/www.gesmujer.org\\\/sitio\\\/#\\\/schema\\\/person\\\/50e03387f883646c2714c51783a7e288\",\"name\":\"cendoc\",\"image\":{\"@type\":\"ImageObject\",\"inLanguage\":\"es\",\"@id\":\"https:\\\/\\\/secure.gravatar.com\\\/avatar\\\/2f187338ccb33c33bc1b08e92e2247a6891db221398e12bbc0f5ff0cfc462495?s=96&d=mm&r=g\",\"url\":\"https:\\\/\\\/secure.gravatar.com\\\/avatar\\\/2f187338ccb33c33bc1b08e92e2247a6891db221398e12bbc0f5ff0cfc462495?s=96&d=mm&r=g\",\"contentUrl\":\"https:\\\/\\\/secure.gravatar.com\\\/avatar\\\/2f187338ccb33c33bc1b08e92e2247a6891db221398e12bbc0f5ff0cfc462495?s=96&d=mm&r=g\",\"caption\":\"cendoc\"},\"sameAs\":[\"http:\\\/\\\/gesmujer.org\"],\"url\":\"https:\\\/\\\/www.gesmujer.org\\\/sitio\\\/author\\\/cendoc\\\/\"}]}<\/script>\n<!-- \/ Yoast SEO plugin. -->","yoast_head_json":{"title":"\u00bfESTO ES SU PRIMAVERA OAXAQUE\u00d1A? - GESMujer &quot;Rosario Castellanos&quot;","robots":{"index":"index","follow":"follow","max-snippet":"max-snippet:-1","max-image-preview":"max-image-preview:large","max-video-preview":"max-video-preview:-1"},"canonical":"https:\/\/www.gesmujer.org\/sitio\/esto-es-su-primavera-oaxaquena\/","og_locale":"es_MX","og_type":"article","og_title":"\u00bfESTO ES SU PRIMAVERA OAXAQUE\u00d1A? - GESMujer &quot;Rosario Castellanos&quot;","og_description":"LA MAYORIA DE DIPUTADAS Y DIPUTADOS DE MORENA, PTY PARTIDO VERDE, GENERAN RETROCESO HACIA LOSDERECHOS POL\u00cdTICOS DE LAS MUJERES IND\u00cdGENAS ENOAXACA. Somos mujeres ind\u00edgenas, autoridades, lideresas comunitarias, mujeresorganizadas, que hemos generado y participado desde hace mucho tiempo enprocesos de fortalecimiento de nuestros derechos como mujeres ind\u00edgenas yen general como mujeres, es por eso, que nos:PRONUNCIAMOS [&hellip;]","og_url":"https:\/\/www.gesmujer.org\/sitio\/esto-es-su-primavera-oaxaquena\/","og_site_name":"GESMujer &quot;Rosario Castellanos&quot;","article_publisher":"https:\/\/www.facebook.com\/gesmujer.rosario.castellanos.ac","article_published_time":"2022-10-01T20:18:44+00:00","article_modified_time":"2022-10-01T20:18:47+00:00","og_image":[{"width":1280,"height":1072,"url":"https:\/\/www.gesmujer.org\/sitio\/wp-content\/uploads\/2022\/10\/310269506_405981165028584_6651822178267143125_n.jpg","type":"image\/jpeg"}],"author":"cendoc","twitter_card":"summary_large_image","twitter_creator":"@GES_Mujer","twitter_site":"@GES_Mujer","twitter_misc":{"Escrito por":"cendoc","Tiempo de lectura":"5 minutos"},"schema":{"@context":"https:\/\/schema.org","@graph":[{"@type":"Article","@id":"https:\/\/www.gesmujer.org\/sitio\/esto-es-su-primavera-oaxaquena\/#article","isPartOf":{"@id":"https:\/\/www.gesmujer.org\/sitio\/esto-es-su-primavera-oaxaquena\/"},"author":{"name":"cendoc","@id":"https:\/\/www.gesmujer.org\/sitio\/#\/schema\/person\/50e03387f883646c2714c51783a7e288"},"headline":"\u00bfESTO ES SU PRIMAVERA OAXAQUE\u00d1A?","datePublished":"2022-10-01T20:18:44+00:00","dateModified":"2022-10-01T20:18:47+00:00","mainEntityOfPage":{"@id":"https:\/\/www.gesmujer.org\/sitio\/esto-es-su-primavera-oaxaquena\/"},"wordCount":1114,"publisher":{"@id":"https:\/\/www.gesmujer.org\/sitio\/#organization"},"image":{"@id":"https:\/\/www.gesmujer.org\/sitio\/esto-es-su-primavera-oaxaquena\/#primaryimage"},"thumbnailUrl":"https:\/\/www.gesmujer.org\/sitio\/wp-content\/uploads\/2022\/10\/310269506_405981165028584_6651822178267143125_n.jpg","keywords":["derechos","Derechos Mujeres","Equidad de g\u00e9nero","GESMujer","Mujeres Ind\u00edgenas","Oaxaca"],"articleSection":["Blog","COMUNICADOS","NOTAS","NOTICIAS","portada"],"inLanguage":"es"},{"@type":"WebPage","@id":"https:\/\/www.gesmujer.org\/sitio\/esto-es-su-primavera-oaxaquena\/","url":"https:\/\/www.gesmujer.org\/sitio\/esto-es-su-primavera-oaxaquena\/","name":"\u00bfESTO ES SU PRIMAVERA OAXAQUE\u00d1A? - GESMujer &quot;Rosario Castellanos&quot;","isPartOf":{"@id":"https:\/\/www.gesmujer.org\/sitio\/#website"},"primaryImageOfPage":{"@id":"https:\/\/www.gesmujer.org\/sitio\/esto-es-su-primavera-oaxaquena\/#primaryimage"},"image":{"@id":"https:\/\/www.gesmujer.org\/sitio\/esto-es-su-primavera-oaxaquena\/#primaryimage"},"thumbnailUrl":"https:\/\/www.gesmujer.org\/sitio\/wp-content\/uploads\/2022\/10\/310269506_405981165028584_6651822178267143125_n.jpg","datePublished":"2022-10-01T20:18:44+00:00","dateModified":"2022-10-01T20:18:47+00:00","breadcrumb":{"@id":"https:\/\/www.gesmujer.org\/sitio\/esto-es-su-primavera-oaxaquena\/#breadcrumb"},"inLanguage":"es","potentialAction":[{"@type":"ReadAction","target":["https:\/\/www.gesmujer.org\/sitio\/esto-es-su-primavera-oaxaquena\/"]}]},{"@type":"ImageObject","inLanguage":"es","@id":"https:\/\/www.gesmujer.org\/sitio\/esto-es-su-primavera-oaxaquena\/#primaryimage","url":"https:\/\/www.gesmujer.org\/sitio\/wp-content\/uploads\/2022\/10\/310269506_405981165028584_6651822178267143125_n.jpg","contentUrl":"https:\/\/www.gesmujer.org\/sitio\/wp-content\/uploads\/2022\/10\/310269506_405981165028584_6651822178267143125_n.jpg","width":1280,"height":1072},{"@type":"BreadcrumbList","@id":"https:\/\/www.gesmujer.org\/sitio\/esto-es-su-primavera-oaxaquena\/#breadcrumb","itemListElement":[{"@type":"ListItem","position":1,"name":"Home","item":"https:\/\/www.gesmujer.org\/sitio\/"},{"@type":"ListItem","position":2,"name":"\u00bfESTO ES SU PRIMAVERA OAXAQUE\u00d1A?"}]},{"@type":"WebSite","@id":"https:\/\/www.gesmujer.org\/sitio\/#website","url":"https:\/\/www.gesmujer.org\/sitio\/","name":"GESMujer \"Rosario Castellanos\"","description":"M\u00e1s de 45 a\u00f1os ha llevado a cabo acciones para erradicar la violencia de g\u00e9nero y construir entornos donde las mujeres encuentren su resiliencia, incrementen su agencia y autonom\u00eda que les permita lograr su empoderamiento a trav\u00e9s de cinco l\u00edneas de acci\u00f3n.","publisher":{"@id":"https:\/\/www.gesmujer.org\/sitio\/#organization"},"alternateName":"GESMujer","potentialAction":[{"@type":"SearchAction","target":{"@type":"EntryPoint","urlTemplate":"https:\/\/www.gesmujer.org\/sitio\/?s={search_term_string}"},"query-input":{"@type":"PropertyValueSpecification","valueRequired":true,"valueName":"search_term_string"}}],"inLanguage":"es"},{"@type":"Organization","@id":"https:\/\/www.gesmujer.org\/sitio\/#organization","name":"Grupo de estudios sobre la mujer Rosario Castellanos ac","alternateName":"GESMujer","url":"https:\/\/www.gesmujer.org\/sitio\/","logo":{"@type":"ImageObject","inLanguage":"es","@id":"https:\/\/www.gesmujer.org\/sitio\/#\/schema\/logo\/image\/","url":"https:\/\/www.gesmujer.org\/sitio\/wp-content\/uploads\/2026\/03\/Logo-GESMujer-300.png","contentUrl":"https:\/\/www.gesmujer.org\/sitio\/wp-content\/uploads\/2026\/03\/Logo-GESMujer-300.png","width":300,"height":141,"caption":"Grupo de estudios sobre la mujer Rosario Castellanos ac"},"image":{"@id":"https:\/\/www.gesmujer.org\/sitio\/#\/schema\/logo\/image\/"},"sameAs":["https:\/\/www.facebook.com\/gesmujer.rosario.castellanos.ac","https:\/\/x.com\/GES_Mujer","https:\/\/www.instagram.com\/ges_mujer\/?hl=es","https:\/\/www.youtube.com\/c\/GESMujerRosarioCastellanos\/videos","https:\/\/soundcloud.com\/gesmujerac","https:\/\/www.tiktok.com\/@gesmujer"]},{"@type":"Person","@id":"https:\/\/www.gesmujer.org\/sitio\/#\/schema\/person\/50e03387f883646c2714c51783a7e288","name":"cendoc","image":{"@type":"ImageObject","inLanguage":"es","@id":"https:\/\/secure.gravatar.com\/avatar\/2f187338ccb33c33bc1b08e92e2247a6891db221398e12bbc0f5ff0cfc462495?s=96&d=mm&r=g","url":"https:\/\/secure.gravatar.com\/avatar\/2f187338ccb33c33bc1b08e92e2247a6891db221398e12bbc0f5ff0cfc462495?s=96&d=mm&r=g","contentUrl":"https:\/\/secure.gravatar.com\/avatar\/2f187338ccb33c33bc1b08e92e2247a6891db221398e12bbc0f5ff0cfc462495?s=96&d=mm&r=g","caption":"cendoc"},"sameAs":["http:\/\/gesmujer.org"],"url":"https:\/\/www.gesmujer.org\/sitio\/author\/cendoc\/"}]}},"_links":{"self":[{"href":"https:\/\/www.gesmujer.org\/sitio\/wp-json\/wp\/v2\/posts\/27659","targetHints":{"allow":["GET"]}}],"collection":[{"href":"https:\/\/www.gesmujer.org\/sitio\/wp-json\/wp\/v2\/posts"}],"about":[{"href":"https:\/\/www.gesmujer.org\/sitio\/wp-json\/wp\/v2\/types\/post"}],"author":[{"embeddable":true,"href":"https:\/\/www.gesmujer.org\/sitio\/wp-json\/wp\/v2\/users\/4"}],"replies":[{"embeddable":true,"href":"https:\/\/www.gesmujer.org\/sitio\/wp-json\/wp\/v2\/comments?post=27659"}],"version-history":[{"count":1,"href":"https:\/\/www.gesmujer.org\/sitio\/wp-json\/wp\/v2\/posts\/27659\/revisions"}],"predecessor-version":[{"id":27661,"href":"https:\/\/www.gesmujer.org\/sitio\/wp-json\/wp\/v2\/posts\/27659\/revisions\/27661"}],"wp:featuredmedia":[{"embeddable":true,"href":"https:\/\/www.gesmujer.org\/sitio\/wp-json\/wp\/v2\/media\/27660"}],"wp:attachment":[{"href":"https:\/\/www.gesmujer.org\/sitio\/wp-json\/wp\/v2\/media?parent=27659"}],"wp:term":[{"taxonomy":"category","embeddable":true,"href":"https:\/\/www.gesmujer.org\/sitio\/wp-json\/wp\/v2\/categories?post=27659"},{"taxonomy":"post_tag","embeddable":true,"href":"https:\/\/www.gesmujer.org\/sitio\/wp-json\/wp\/v2\/tags?post=27659"}],"curies":[{"name":"wp","href":"https:\/\/api.w.org\/{rel}","templated":true}]}}