{"id":27800,"date":"2022-10-25T07:22:09","date_gmt":"2022-10-25T13:22:09","guid":{"rendered":"https:\/\/www.gesmujer.org\/sitio\/?p=27800"},"modified":"2022-10-25T07:22:12","modified_gmt":"2022-10-25T13:22:12","slug":"gesmujer-realiza-campana-para-recaudar-fondos-de-ayuda-para-ninas-y-mujeres-violentadas","status":"publish","type":"post","link":"https:\/\/www.gesmujer.org\/sitio\/?p=27800","title":{"rendered":"GESMujer realiza campa\u00f1a para recaudar fondos de ayuda para ni\u00f1as y mujeres violentadas"},"content":{"rendered":"\n<p><strong>S\u00e1bado 22 de Octubre del 2022, Emmanuel Cano, Primera L\u00ednea.- <\/strong>La organizaci\u00f3n GESMujer, inici\u00f3 la campa\u00f1a &#8220;Por un Oaxaca de ni\u00f1as y mujeres vivas, libres y sin violencias&#8221;, la cual busca obtener fondos econ\u00f3micos para realizar campa\u00f1as de prevenci\u00f3n y ayuda hacia mujeres y ni\u00f1as de la entidad federativa, que han sido violentadas en alg\u00fan momento de su vida.<\/p>\n\n\n\n<p>En este contexto, Aleida Ruiz Sosa, activista, bailarina y mayordoma de esta campa\u00f1a, coment\u00f3 que cada d\u00eda, ni\u00f1as y mujeres son violentadas en alg\u00fan pueblo de Oaxaca, por lo que es necesario llevar la informaci\u00f3n y ayuda para poder prevenir y mitigar el problema de la violencia contra las mujeres, sin embargo, para que esto se realice se necesitan fondos econ\u00f3micos.<\/p>\n\n\n\n<blockquote class=\"wp-block-quote is-layout-flow wp-block-quote-is-layout-flow\"><p><strong>&#8220;Con esta campa\u00f1a podremos apoyar a m\u00e1s ni\u00f1as y mujeres, y garantizarles que tienen aliadas y que no deben sentirse solas en los procesos dif\u00edciles por que pasan&#8221; sentenci\u00f3 Ruiz Sosa  <\/strong> <\/p><\/blockquote>\n\n\n\n<p>Destac\u00f3 que se pretenden organizar eventos dependiendo de la temporada, en este caso, con catrinas y posteriormente alusivas a las fiestas decembrinas, con el fin de no bajar la guardia y seguir combatiendo la violencia contra las mujeres oaxaque\u00f1as.<\/p>\n\n\n\n<p>Fuente:  https:\/\/www.primeralinea.mx\/2022\/10\/22\/ges-mujer-realiza-campana-para-recaudar-fondos-de-ayuda-a-ninas-y-mujeres-violentadas\/<\/p>\n","protected":false},"excerpt":{"rendered":"<p>S\u00e1bado 22 de Octubre del 2022, Emmanuel Cano, Primera L\u00ednea.- La organizaci\u00f3n GESMujer, inici\u00f3 la campa\u00f1a &#8220;Por un Oaxaca de ni\u00f1as y mujeres vivas, libres y sin violencias&#8221;, la cual busca obtener fondos econ\u00f3micos para realizar campa\u00f1as de prevenci\u00f3n y ayuda hacia mujeres y ni\u00f1as de la entidad federativa, que han sido violentadas en alg\u00fan [&hellip;]<\/p>\n","protected":false},"author":4,"featured_media":27801,"comment_status":"closed","ping_status":"open","sticky":false,"template":"","format":"standard","meta":{"give_campaign_id":0,"rs_blank_template":"","rs_page_bg_color":"","slide_template_v7":"","footnotes":""},"categories":[575,64,91,3],"tags":[43,63,58,39,42],"class_list":["post-27800","post","type-post","status-publish","format-standard","has-post-thumbnail","hentry","category-blog","category-procuracion","category-notas","category-portada","tag-derechos","tag-equidad-de-genero","tag-gesmujer","tag-igualdad","tag-mujeres"],"_links":{"self":[{"href":"https:\/\/www.gesmujer.org\/sitio\/index.php?rest_route=\/wp\/v2\/posts\/27800","targetHints":{"allow":["GET"]}}],"collection":[{"href":"https:\/\/www.gesmujer.org\/sitio\/index.php?rest_route=\/wp\/v2\/posts"}],"about":[{"href":"https:\/\/www.gesmujer.org\/sitio\/index.php?rest_route=\/wp\/v2\/types\/post"}],"author":[{"embeddable":true,"href":"https:\/\/www.gesmujer.org\/sitio\/index.php?rest_route=\/wp\/v2\/users\/4"}],"replies":[{"embeddable":true,"href":"https:\/\/www.gesmujer.org\/sitio\/index.php?rest_route=%2Fwp%2Fv2%2Fcomments&post=27800"}],"version-history":[{"count":1,"href":"https:\/\/www.gesmujer.org\/sitio\/index.php?rest_route=\/wp\/v2\/posts\/27800\/revisions"}],"predecessor-version":[{"id":27802,"href":"https:\/\/www.gesmujer.org\/sitio\/index.php?rest_route=\/wp\/v2\/posts\/27800\/revisions\/27802"}],"wp:featuredmedia":[{"embeddable":true,"href":"https:\/\/www.gesmujer.org\/sitio\/index.php?rest_route=\/wp\/v2\/media\/27801"}],"wp:attachment":[{"href":"https:\/\/www.gesmujer.org\/sitio\/index.php?rest_route=%2Fwp%2Fv2%2Fmedia&parent=27800"}],"wp:term":[{"taxonomy":"category","embeddable":true,"href":"https:\/\/www.gesmujer.org\/sitio\/index.php?rest_route=%2Fwp%2Fv2%2Fcategories&post=27800"},{"taxonomy":"post_tag","embeddable":true,"href":"https:\/\/www.gesmujer.org\/sitio\/index.php?rest_route=%2Fwp%2Fv2%2Ftags&post=27800"}],"curies":[{"name":"wp","href":"https:\/\/api.w.org\/{rel}","templated":true}]}}