{"id":27998,"date":"2022-11-16T13:59:32","date_gmt":"2022-11-16T19:59:32","guid":{"rendered":"https:\/\/www.gesmujer.org\/sitio\/?p=27998"},"modified":"2022-11-16T13:59:34","modified_gmt":"2022-11-16T19:59:34","slug":"murat-saldra-del-gobierno-de-oaxaca-por-donde-entro-por-la-puerta-de-atras","status":"publish","type":"post","link":"https:\/\/www.gesmujer.org\/sitio\/?p=27998","title":{"rendered":"Murat saldr\u00e1 del Gobierno de Oaxaca por donde entr\u00f3, por la puerta de atr\u00e1s"},"content":{"rendered":"\n<p><strong>Martes 15 de Noviembre del 2022, Jorge Acevedo, TVBUS.- <\/strong>Cuando Alejandro Murat asumi\u00f3 el Gobierno del Estado de Oaxaca, lo hizo por la puerta de atr\u00e1s y todo parece indicar que as\u00ed va a terminar su mandato, porque en una sede alterna se entreg\u00f3 el sexto y \u00faltimo informe de gobierno, ya que la sede del Congreso se encontraba tomado por el Consejo Ind\u00edgena Popular de Oaxaca Ricardo Flores Mag\u00f3n.<\/p>\n\n\n\n<p>Y es que el 1 de diciembre de 2016, el Congreso estaba tomado por los maestros, por eso tuvo que \u201cmadrugarlos\u201d al rendir protesta durante la madrugada en las instalaciones de la Corporaci\u00f3n Oaxaque\u00f1a de Radio y Televisi\u00f3n (CORTV), aunque para cuando amaneci\u00f3, las calles de la capital estaban despejadas, pero las manifestaciones y plantones regresaron.<\/p>\n\n\n\n<p>A pesar de que el mandatario oaxaque\u00f1o dijo que se ha cumplido con el 95 por ciento de los compromisos que hizo en su campa\u00f1a de 2016, la verdad es que la poblaci\u00f3n oaxaque\u00f1a no est\u00e1 para nada de acuerdo con esta afirmaci\u00f3n, ya que no se vieron obras importantes, que fueran hechas con recursos estatales, porque Murat se la pasa \u201ccacaraqueando\u201d las s\u00faper carreteras a la costa y al istmo, pero estas obras est\u00e1n siendo hechas con recursos federales.<\/p>\n\n\n\n<p>Murat tambi\u00e9n ha dicho que Oaxaca es de los estados m\u00e1s seguros del pa\u00eds, lo cual tampoco se ve as\u00ed, porque antes de que termine su periodo, este sexenio es el m\u00e1s violento para las mujeres, pues de acuerdo con el Grupo de Estudios sobre la Mujer \u201cRosario Castellanos\u201d (GESMujer), en Oaxaca suman 708 asesinatos violentos de mujeres en la administraci\u00f3n actual, de los cuales 126 se han cometido en lo que va del 2022.<\/p>\n\n\n\n<p>En materia de gobernabilidad, Alejandro Murat se ha cansado de decir que existen estas condiciones en la entidad, sin embargo, para quienes viven en la capital, diariamente vivieron marchas, manifestaciones, bloqueos, que afectan el libre tr\u00e1nsito de los ciudadanos, adem\u00e1s la mayor\u00eda de las organizaciones denunciaron falta de atenci\u00f3n por parte del Gobierno del Estado y que por eso ten\u00edan que manifestarse de esa manera.<\/p>\n\n\n\n<p>Uno de los puntos que se pueden considerar como favorables en la administraci\u00f3n muratista, es la difusi\u00f3n que se hizo de la cultura y riquezas artesanales que tiene el estado de Oaxaca, lo cual hizo que la ciudad de Oaxaca de Ju\u00e1rez fuera considerada como el mejor destino para visitar a nivel mundial, por encima de ciudades como Par\u00eds, Londres y otras m\u00e1s.<\/p>\n\n\n\n<p>Fuente: http:\/\/www.tvbus.tv\/web\/2022\/11\/15\/murat-saldra-del-gobierno-de-oaxaca-por-donde-entro-por-la-puerta-de-atras\/<\/p>\n","protected":false},"excerpt":{"rendered":"<p>Martes 15 de Noviembre del 2022, Jorge Acevedo, TVBUS.- Cuando Alejandro Murat asumi\u00f3 el Gobierno del Estado de Oaxaca, lo hizo por la puerta de atr\u00e1s y todo parece indicar que as\u00ed va a terminar su mandato, porque en una sede alterna se entreg\u00f3 el sexto y \u00faltimo informe de gobierno, ya que la sede [&hellip;]<\/p>\n","protected":false},"author":4,"featured_media":27999,"comment_status":"closed","ping_status":"open","sticky":false,"template":"","format":"standard","meta":{"give_campaign_id":0,"rs_blank_template":"","rs_page_bg_color":"","slide_template_v7":"","footnotes":""},"categories":[575,91,32,3],"tags":[43,60,63,75,58,39,42,77,80],"class_list":["post-27998","post","type-post","status-publish","format-standard","has-post-thumbnail","hentry","category-blog","category-notas","category-novedades","category-portada","tag-derechos","tag-derechos-mujeres","tag-equidad-de-genero","tag-feminicidios","tag-gesmujer","tag-igualdad","tag-mujeres","tag-mujeres-indigenas","tag-oaxaca"],"_links":{"self":[{"href":"https:\/\/www.gesmujer.org\/sitio\/index.php?rest_route=\/wp\/v2\/posts\/27998","targetHints":{"allow":["GET"]}}],"collection":[{"href":"https:\/\/www.gesmujer.org\/sitio\/index.php?rest_route=\/wp\/v2\/posts"}],"about":[{"href":"https:\/\/www.gesmujer.org\/sitio\/index.php?rest_route=\/wp\/v2\/types\/post"}],"author":[{"embeddable":true,"href":"https:\/\/www.gesmujer.org\/sitio\/index.php?rest_route=\/wp\/v2\/users\/4"}],"replies":[{"embeddable":true,"href":"https:\/\/www.gesmujer.org\/sitio\/index.php?rest_route=%2Fwp%2Fv2%2Fcomments&post=27998"}],"version-history":[{"count":1,"href":"https:\/\/www.gesmujer.org\/sitio\/index.php?rest_route=\/wp\/v2\/posts\/27998\/revisions"}],"predecessor-version":[{"id":28001,"href":"https:\/\/www.gesmujer.org\/sitio\/index.php?rest_route=\/wp\/v2\/posts\/27998\/revisions\/28001"}],"wp:featuredmedia":[{"embeddable":true,"href":"https:\/\/www.gesmujer.org\/sitio\/index.php?rest_route=\/wp\/v2\/media\/27999"}],"wp:attachment":[{"href":"https:\/\/www.gesmujer.org\/sitio\/index.php?rest_route=%2Fwp%2Fv2%2Fmedia&parent=27998"}],"wp:term":[{"taxonomy":"category","embeddable":true,"href":"https:\/\/www.gesmujer.org\/sitio\/index.php?rest_route=%2Fwp%2Fv2%2Fcategories&post=27998"},{"taxonomy":"post_tag","embeddable":true,"href":"https:\/\/www.gesmujer.org\/sitio\/index.php?rest_route=%2Fwp%2Fv2%2Ftags&post=27998"}],"curies":[{"name":"wp","href":"https:\/\/api.w.org\/{rel}","templated":true}]}}