{"id":28010,"date":"2022-11-21T18:43:33","date_gmt":"2022-11-22T00:43:33","guid":{"rendered":"https:\/\/www.gesmujer.org\/sitio\/?p=28010"},"modified":"2022-11-21T18:43:37","modified_gmt":"2022-11-22T00:43:37","slug":"autocuidado-cuidado-colectivo-y-sanacion-elementos-fundamentales-para-el-control-de-las-luchas-de-las-defensoras","status":"publish","type":"post","link":"https:\/\/www.gesmujer.org\/sitio\/?p=28010","title":{"rendered":"Autocuidado, cuidado colectivo y sanaci\u00f3n, elementos fundamentales para el control de las luchas de las defensoras"},"content":{"rendered":"\n<p><strong>Lunes 21 de Noviembre del 2022, SemM\u00e9xico.- <\/strong>Este viernes se present\u00f3 el libro\u00a0<em>\u201cEntre aguas dulces y mareas, 10 a\u00f1os de construcci\u00f3n y aprendizajes sobre el cuidado y la sanaci\u00f3n entre defensoras y sus colectividades<\/em>\u201d que forma parte de la Iniciativa Mesoamericana de Mujeres Defensoras de Derechos Humanos (IM-Defensoras) y la organizaci\u00f3n Consorcio para el Di\u00e1logo Parlamentario y la Equidad.<\/p>\n\n\n\n<p>El texto explica el proceso hist\u00f3rico de construcci\u00f3n y promoci\u00f3n de la Estrategia de Autocuidado, Cuidado colectivo y Sanaci\u00f3n de la IM-Defensoras, uno de los pilares de su propuesta de Protecci\u00f3n Integral Feminista (PIF).<\/p>\n\n\n\n<p>\u201cHabla de las aguas, de las mareas y de las aguas dulces como una met\u00e1fora de cuando las personas transitamos los procesos de sanaci\u00f3n; no son procesos ni lineales, ni calmos siempre\u201d, se\u00f1al\u00f3 la co-directora de Consorcio Oaxaca, coordinadora de la Estrategia Nacional de Autocuidado, Cuidado Colectivo y Sanaci\u00f3n de la IM-D, activista, sanadora y feminista Ana Mar\u00eda Hern\u00e1ndez C\u00e1rdenas.<\/p>\n\n\n\n<p>\u00abEste libro para nosotras es un parteaguas, en una reflexi\u00f3n autocr\u00edtica y honesta para hablar y abrir nuestros corazones y decir que el bienestar tambi\u00e9n es nuestro derecho\u00bb, dijo en el Librespacio La J\u00edcara, frente a terapeutas, sanadores y sanadoras que han acompa\u00f1ado parte de estos procesos.<\/p>\n\n\n\n<p>Acompa\u00f1ada de Nallely Tello, moderadora de la mesa e integrante de Consorcio Oaxaca, explic\u00f3 que adem\u00e1s: \u201ces un esfuerzo colectivo de muchas defensoras y activistas que nos juntamos en el 2010 en Oaxaca porque en nuestra labor de defensoras y activistas ve\u00edamos que nos estaba revolcando toda la violencia pol\u00edtica, patriarcal, que est\u00e1bamos siendo se\u00f1aladas criminalizadas y nos estaba tocando duro esta violencia, est\u00e1bamos respondiendo de manera aislada, sin mucha reflexi\u00f3n y capoteando esa violencia que nos descoloca\u201d.<\/p>\n\n\n\n<p>Este cuaderno de bit\u00e1cora constituye una carta de navegaci\u00f3n imprescindible para que el autocuidado, el cuidado colectivo y la sanaci\u00f3n sean elementos fundamentales e ineludibles en el trabajo cotidiano de las defensoras, las organizaciones y los movimientos sociales, poniendo la vida y los cuidados en el centro de sus luchas.<\/p>\n\n\n\n<p>Por su parte, Ruth Orozco, editora e integrante de La Pitaya, destac\u00f3 la importancia de hacer una pausa para construir el bienestar personal y colectivo: \u201cesa pausa la pudieron hacer ustedes gracias a poder reconocer en otras ese agotamiento y darse cuenta que el vivir as\u00ed potencia la inseguridad, el riesgo, la distracci\u00f3n y la muerte; potencia el que no lo logremos y que la esperanza finalmente quede sepultada\u201d.<\/p>\n\n\n\n<p>Asimismo, Patricia Yllescas, de la Red Nacional de Defensoras de #DH subray\u00f3 que: \u00abtrabajar el tema de la autoexigencia, de la culpa, de la verg\u00fcenza, son los demonios que tenemos que trabajar las defensoras porque esos son los que nos llevan al abandono de nosotras mismas\u00bb.<\/p>\n\n\n\n<p>Y en ese contexto, la Presidenta del Grupo de Estudios sobre la Mujer \u201cRosario Castellanos\u201d (GesMujer), Ang\u00e9lica Ayala Ortiz abord\u00f3 la experiencia en Casa La Serena, de Consorcio Oaxaca, un lugar para el respiro y sanaci\u00f3n que ha acogido a centenares de defensoras y se ha convertido en un referente en su&nbsp; rubro.<\/p>\n\n\n\n<p>\u201cNosotras tuvimos oportunidad de realizar la vivencia en Casa La Serena, un espacio donde podemos atrevernos a desnudar nuestros cuerpos, nuestras mentes y reconocernos en la mirada de la otra, y reconocer que efectivamente el activismo, el sistema patriarcal, el capitalismo descarnado y el&nbsp; racismo tambi\u00e9n dejan huellas en nuestros cuerpos\u201d, abund\u00f3.<\/p>\n\n\n\n<p>La IM-Defensoras es una articulaci\u00f3n regional de redes de defensoras en El Salvador, Honduras, M\u00e9xico y Nicaragua que aglutina a m\u00e1s de dos mil defensoras y m\u00e1s de 300 organizaciones. Esta organizaci\u00f3n ha sido pionera en integrar el autocuidado, el cuidado colectivo y la sanaci\u00f3n como elementos fundamentales de la protecci\u00f3n a mujeres defensoras y periodistas en riesgo.<\/p>\n\n\n\n<p>Adem\u00e1s del trabajo de Autocuidado, Cuidado Colectivo y Sanaci\u00f3n, la IM-Defensoras fortalece redes de protecci\u00f3n a defensoras en M\u00e9xico, Honduras, El Salvador y Nicaragua; tiene un sistema de Registro de Agresiones, cuenta con dos casas de respiro y dos casa de acogida y desarrolla un trabajo cotidiano de denuncia e incidencia para lograr un entorno de respeto a las mujeres que desde diversos movimientos sociales luchan por un mundo m\u00e1s justo e igualitario.<\/p>\n\n\n\n<p>Fuente: https:\/\/www.semmexico.mx\/autocuidado-cuidado-colectivo-y-sanacion-elementos-fundamentales-para-el-control-de-las-luchas-de-las-defensoras\/<\/p>\n","protected":false},"excerpt":{"rendered":"<p>Lunes 21 de Noviembre del 2022, SemM\u00e9xico.- Este viernes se present\u00f3 el libro\u00a0\u201cEntre aguas dulces y mareas, 10 a\u00f1os de construcci\u00f3n y aprendizajes sobre el cuidado y la sanaci\u00f3n entre defensoras y sus colectividades\u201d que forma parte de la Iniciativa Mesoamericana de Mujeres Defensoras de Derechos Humanos (IM-Defensoras) y la organizaci\u00f3n Consorcio para el Di\u00e1logo [&hellip;]<\/p>\n","protected":false},"author":4,"featured_media":28011,"comment_status":"closed","ping_status":"open","sticky":false,"template":"","format":"standard","meta":{"give_campaign_id":0,"rs_blank_template":"","rs_page_bg_color":"","slide_template_v7":"","footnotes":""},"categories":[575,91,32,3],"tags":[43,60,63,58,39,80],"class_list":["post-28010","post","type-post","status-publish","format-standard","has-post-thumbnail","hentry","category-blog","category-notas","category-novedades","category-portada","tag-derechos","tag-derechos-mujeres","tag-equidad-de-genero","tag-gesmujer","tag-igualdad","tag-oaxaca"],"_links":{"self":[{"href":"https:\/\/www.gesmujer.org\/sitio\/index.php?rest_route=\/wp\/v2\/posts\/28010","targetHints":{"allow":["GET"]}}],"collection":[{"href":"https:\/\/www.gesmujer.org\/sitio\/index.php?rest_route=\/wp\/v2\/posts"}],"about":[{"href":"https:\/\/www.gesmujer.org\/sitio\/index.php?rest_route=\/wp\/v2\/types\/post"}],"author":[{"embeddable":true,"href":"https:\/\/www.gesmujer.org\/sitio\/index.php?rest_route=\/wp\/v2\/users\/4"}],"replies":[{"embeddable":true,"href":"https:\/\/www.gesmujer.org\/sitio\/index.php?rest_route=%2Fwp%2Fv2%2Fcomments&post=28010"}],"version-history":[{"count":1,"href":"https:\/\/www.gesmujer.org\/sitio\/index.php?rest_route=\/wp\/v2\/posts\/28010\/revisions"}],"predecessor-version":[{"id":28012,"href":"https:\/\/www.gesmujer.org\/sitio\/index.php?rest_route=\/wp\/v2\/posts\/28010\/revisions\/28012"}],"wp:featuredmedia":[{"embeddable":true,"href":"https:\/\/www.gesmujer.org\/sitio\/index.php?rest_route=\/wp\/v2\/media\/28011"}],"wp:attachment":[{"href":"https:\/\/www.gesmujer.org\/sitio\/index.php?rest_route=%2Fwp%2Fv2%2Fmedia&parent=28010"}],"wp:term":[{"taxonomy":"category","embeddable":true,"href":"https:\/\/www.gesmujer.org\/sitio\/index.php?rest_route=%2Fwp%2Fv2%2Fcategories&post=28010"},{"taxonomy":"post_tag","embeddable":true,"href":"https:\/\/www.gesmujer.org\/sitio\/index.php?rest_route=%2Fwp%2Fv2%2Ftags&post=28010"}],"curies":[{"name":"wp","href":"https:\/\/api.w.org\/{rel}","templated":true}]}}