{"id":28030,"date":"2022-11-26T10:33:57","date_gmt":"2022-11-26T16:33:57","guid":{"rendered":"https:\/\/www.gesmujer.org\/sitio\/?p=28030"},"modified":"2022-11-26T10:34:01","modified_gmt":"2022-11-26T16:34:01","slug":"oaxacafeminicida-sexeniodeimpunidad","status":"publish","type":"post","link":"https:\/\/www.gesmujer.org\/sitio\/?p=28030","title":{"rendered":"<strong><em>#OaxacaFeminicida #SexeniodeImpunidad<\/em><\/strong>"},"content":{"rendered":"\n<p><strong>Concluye un Sexenio Feminicida encabezado por Alejandro Murat con 715 Feminicidios y 1994 mujeres v\u00edctimas de desaparici\u00f3n<\/strong><\/p>\n\n\n\n<p><strong>Exigimos a Salomon Jara asuma los derechos de las mujeres como agenda de primer orden en su gobierno sino no habr\u00e1 \u201cPrimavera Oaxaque\u00f1a\u201d<\/strong><\/p>\n\n\n\n<p>En Oaxaca estamos a cinco d\u00edas de que concluya el sexenio de la simulaci\u00f3n, corrupci\u00f3n y complicidad con feminicidas, sexenio en el que no se hizo nada que garantizar\u00e1 la vida y la seguridad de las mujeres.&nbsp;<\/p>\n\n\n\n<p>&nbsp;El 30 de agosto del 2018, la Secretar\u00eda de Gobernaci\u00f3n emiti\u00f3 Alerta de Violencia de G\u00e9nero contra las Mujeres para Oaxaca ante la gravedad de la situaci\u00f3n, &nbsp;sin embargo s\u00f3lo fue utilizada para llevar a cabo actos medi\u00e1ticos, pero ninguna acci\u00f3n contundente para la erradicaci\u00f3n y sanci\u00f3n de las violencias contra las mujeres. Desde ese entonces 498 mujeres han sido v\u00edctimas de feminicidio, 1672 de desaparici\u00f3n.<\/p>\n\n\n\n<p>De ah\u00ed que diversas colectivas decidimos convocarnos, convocar a familias y v\u00edctimas de la violencia feminicida y feminicidio para movilizarnos este&nbsp; 25 de noviembre, \u201cD\u00cdA INTERNACIONAL DE LA ELIMINACI\u00d3N DE LA VIOLENCIA CONTRA LA MUJER\u201d, llevando a cabo la<strong>&nbsp;Jornada de indignaci\u00f3n contra el Estado Feminicida&nbsp;<\/strong>los d\u00edas 24 y 25 de noviembre del 2022, la cual tiene como objetivo poner sobre la mesa la impunidad y complicidad sexenal y exigir Justicia para todas.<\/p>\n\n\n\n<p>Murat celebra su sexenio, para nosotras es un sexenio de luto, nosotras le reprochamos su complicidad frente a la violencia, a los feminicidios y la desaparici\u00f3n de mujeres en el Estado. No hay nada que celebrar, en Oaxaca inunda el dolor, el duelo y la tragedia de todas y cada una de las familias que sufren el impacto de que hallan asesinado a una mujer, una hija, una madre, una hermana, una esposa, una amiga; que las hijas, hijos, hijes est\u00e9n en pleno abandono por la pol\u00edtica simulaci\u00f3n, es decir el impacto en el tejido social es profundo.<\/p>\n\n\n\n<p>Denunciamos de manera publica y abierta que a Alejandro Murat no le import\u00f3 Oaxaca ni mucho menos la vida de las mujeres, prioriz\u00f3 los recursos para sus fiestas y promoci\u00f3n turistica que abon\u00f3 a la gentrificaci\u00f3n.<\/p>\n\n\n\n<p>No destin\u00f3 recursos, ni ech\u00f3 a andar ninguna politica p\u00fablica para garantizar los derechos de las mujeres al aborto seguro, hubo retrocesos en materia de paridad, entre otros. Lamentamos que su indiferencia y complicidad hayan costado la vida de las mujeres y que el incremento de la inseguridad en Oaxaca tambi\u00e9n haya incrementado la desaparici\u00f3n de mujeres.<\/p>\n\n\n\n<p>La necedad de que haya puesto un Fiscal como Rub\u00e9n Vasconcelos M\u00e9ndez y que pese a que se denunci\u00f3 su maltrato a las v\u00edctimas lo haya sostenido a costa de la impunidad en los casos, ejemplo de ello son los casos de Mar\u00eda de Sol Cruz Jarqu\u00edn, Maria Elena R\u00edos Ort\u00edz, entre muchos m\u00e1s que han tenido que ir a buscar justicia ante instancias nacionales e internacionales. De igual manera sucede con casos que no se investigan como feminicidio como es el de Aid\u00e9 Hern\u00e1ndez, lo que hace que las cifras oficiales sean maquilladas intentando disfrazar la realidad del feminicidio en Oaxaca. Expresamos tambi\u00e9n la preocupacion por las posibles liberaciones de los feminicidas de Rosa Isela Leyva Mendoza y de Maria Cruz Zaragoza Zamora debido a la complicidad del sistema de procuraci\u00f3n y administraci\u00f3n de justicia, solo por mencionar algunos casos.<\/p>\n\n\n\n<p>No basta que los gobiernos hagan sus grandes eventos en el marco del D\u00eda Internacional de la Eliminaci\u00f3n de la Violencia contra la Mujer, ni que se vistan de color naranja, pues en lo concreto han simulado, ejemplo de ello es la simulacion en la implementaci\u00f3n de la Alerta de Violencia de G\u00e9nero contra las Mujeres en 40 municipios, pues solo es una gran pantalla de humo.<\/p>\n\n\n\n<p>Estamos hartas e indignadas de despertar todo los dias con la horrible noticia de que una mujer fue asesinada, que encontraron partes de un cuerpo tiradas en alg\u00fan lugar bald\u00edo o alg\u00fan basurero, que desapareci\u00f3 una ni\u00f1a, joven o mujer y dos d\u00edas despu\u00e9s es encontrada muerta o madres que hasta el momento no encuentran los cuerpos de sus hijas. Condenamos la violencia a identidades no binarias, quienes son victimas de la lascerante violencia patrialcal de manera cotidiana.<\/p>\n\n\n\n<p>Hacemos un llamado a las autoridades e instituciones competentes y a la sociedad en general a visibilizar y priorizar en la agenda p\u00fablica la atenci\u00f3n de medidas urgentes para garantizar la seguridad de las mujeres, dirigidas a combatir las desapariciones y el feminicidio, ante las alarmantes cifras en nuestro Estado.<\/p>\n\n\n\n<p>Frente a la violencia feminicida las mujeres, v\u00edctimas, feministas, organizaciones civiles y movimiento social unimos fuerzas y caminamos juntas, porque nuestra rabia es digna y nuestra lucha es justa.&nbsp;<strong>Nunca m\u00e1s tendr\u00e1n la comodidad de nuestro silencio.<\/strong><strong><\/strong><\/p>\n\n\n\n<p>En 6 d\u00edas tomar\u00e1 protesta Salom\u00f3n Jara Cruz, como gobernador de Oaxaca, quien ha denominado como \u201c<em>Primavera Oaxaque\u00f1a<\/em>\u201d su administraci\u00f3n, desde ahora le decimos que ya estamos hartas de simulaci\u00f3n, de regalar cargos a los amigos o cuotas por la campa\u00f1a, es urgente que su gabinete est\u00e9 a la altura de la gravedad y urgencia, que su discurso se vea reflejado en la asignaci\u00f3n de presupuesto, en las pol\u00edticas p\u00fablicas, en asumir la implementaci\u00f3n de la Alerta de Violencia de G\u00e9nero contra las Mujeres como algo serio, asumiendo como base de resultados la rendici\u00f3n de cuentas y resultados de su estructura, asi como la depuraci\u00f3n de funcionarias y funcionarios enquistados que han da\u00f1ado la gobernanza, asi como la vida y la seguridad de las mujeres.&nbsp;<\/p>\n\n\n\n<p>Frente a esta grave situaci\u00f3n en Oaxaca, llamamos a la LXV Legislatura a que asuma un rol cr\u00edtico y de revisi\u00f3n de la actuaci\u00f3n de las y los funcionarios que han nombrado, es urgente la renovaci\u00f3n y remoci\u00f3n de quienes no han cumplido con su mandato. Tambi\u00e9n es urgente la etiquetaci\u00f3n y revisi\u00f3n del ejercicio de los recursos p\u00fablicos a favor del pueblo, es urgente erradicar la corrupci\u00f3n.&nbsp;Uno de ellos es el actual Fiscal del Estado.<\/p>\n\n\n\n<p>En Oaxaca urge dejar de ser c\u00f3mplices del machismo, del sexismo cotidiano, de la corrupci\u00f3n e impunidad, es urgente desafiar el pacto patriarcal, generar las posibilidades y condiciones para que las mujeres participemos en la toma de decisiones y nuestras capacidades sean reconocidas en los espacios, colectivos, organizaciones y comunidades a las que pertenecemos.<\/p>\n\n\n\n<p>Frente a la simulaci\u00f3n, reorganizaci\u00f3n&nbsp;<\/p>\n\n\n\n<p>OaxacaFeminicida<\/p>\n\n\n\n<p>CeroImpunidad<\/p>\n\n\n\n<p>NoM\u00e1sSimulaci\u00f3n<\/p>\n\n\n\n<p><strong>\u00a1CERO TOLERANCIA A LA VIOLENCIA HACIA LAS MUJERES!<\/strong><\/p>\n\n\n\n<p><strong>POR LA ERRADICACI\u00d3N DEL PATRIARCADO Y LA DESIGUALDAD ESTRUCTURAL QUE PERMITE Y REPRODUCE LAS VIOLENCIAS DE G\u00c9NERO CONTRA LAS MUJERES&nbsp;<\/strong><\/p>\n\n\n\n<p><strong>\u00a1NO M\u00c1S VIOLENCIA!<\/strong><\/p>\n\n\n\n<p><strong>\u00a1Justicia para Sol!<\/strong><\/p>\n\n\n\n<p><strong>\u00a1Justicia para Maria Elena!<\/strong><\/p>\n\n\n\n<p><strong>\u00a1Justicia para Irma Galindo!<\/strong><\/p>\n\n\n\n<p><strong>\u00a1Justicia para Aid\u00e9!<\/strong><\/p>\n\n\n\n<p><strong>\u00a1Justicia para Mar\u00eda Cruz!<\/strong><\/p>\n\n\n\n<p><strong>\u00a1Justicia para Rosa Isela!<\/strong><\/p>\n\n\n\n<p><strong>\u00a1Justicia para Claudia Uruchurtu!<\/strong><\/p>\n\n\n\n<p><strong>\u00a1Justicia para las 715 V\u00edctimas del Feminicidio!&nbsp;<\/strong><\/p>\n\n\n\n<p><strong>\u00a1JUSTICIA PARA TODAS!<\/strong><\/p>\n\n\n\n<p><strong>\u00a1Alto a la desaparici\u00f3n de mujeres !<\/strong><\/p>\n\n\n\n<p><strong>\u00a1No m\u00e1s hu\u00e9rfanas y hu\u00e9rfanos por Feminicidios !<\/strong><\/p>\n\n\n\n<p>&nbsp;Atentamente&nbsp;<\/p>\n\n\n\n<p>Centro de Apoyo al Movimiento Popular Oaxaque\u00f1o (CAMPO)<\/p>\n\n\n\n<p>Centro de Apoyo para la Educaci\u00f3n y Creatividad Calpulli<\/p>\n\n\n\n<p>Centro Universitario Comunal de San Antonio Huitepec<\/p>\n\n\n\n<p>Colectiva&nbsp;en Resistencia \u201cMaestras de la Secci\u00f3n 22\u201d<\/p>\n\n\n\n<p>Colectiva Chicatanas<\/p>\n\n\n\n<p>Colectiva Jur\u00eddica por la Dignidad Disidente *COJUDIDI\u201d<\/p>\n\n\n\n<p>Colectiva Mujer Nueva<\/p>\n\n\n\n<p>Comit\u00e9 de familiares y amigos \u201cDami\u00e1n Gallardo Mart\u00ednez\u201d<\/p>\n\n\n\n<p>Consejo Aut\u00f3nomo de las Mujeres de la Asamblea de la API<\/p>\n\n\n\n<p>Consorcio para el Di\u00e1logo Parlamentario y la Equidad Oaxaca<\/p>\n\n\n\n<p>Coordinadora Estatal de Padres de Familia Oaxaca<\/p>\n\n\n\n<p>Espiral por la Vida<\/p>\n\n\n\n<p>Frente de egresadas ENRUVA<\/p>\n\n\n\n<p>Grupo de Estudios sobre la Mujer \u201cRosario Castellanos\u201d (GESMujer)<\/p>\n\n\n\n<p>Grupo de Mujeres Sabinas<\/p>\n\n\n\n<p>La Campamenta<\/p>\n\n\n\n<p>Limeddh-Oaxaca<\/p>\n\n\n\n<p>Madres contra el Feminicidio y la Impunidad<\/p>\n\n\n\n<p>Mano Vuelta<\/p>\n\n\n\n<p>Marea Verde Mixteca<\/p>\n\n\n\n<p>Oaxaperras<\/p>\n\n\n\n<p>Ojo de Agua Comunicaci\u00f3n<\/p>\n\n\n\n<p>Organizaciones Indias por los Derechos Humanos en Oaxaca (OIDHO)<\/p>\n\n\n\n<p>Red de Abogadas Ind\u00edgenas cap\u00edtulo Oaxaca RAI<\/p>\n\n\n\n<p>Red de Mujeres para una vida libre de Violencia \u201cREMUVI\u201d<\/p>\n\n\n\n<p>Red Mariposas de Mujeres Mixes<\/p>\n\n\n\n<p>Servicios para una Educaci\u00f3n Alternativa A.C. (EDUCA)<\/p>\n\n\n\n<p>Servicios Universitarios y Redes de Conocimientos en Oaxaca, (SURCO)<\/p>\n\n\n\n<p>SOROR<\/p>\n\n\n\n<p>Siempre Vivas<\/p>\n\n\n\n<p>Tequio Jur\u00eddico A.C.<\/p>\n\n\n\n<p>Uni\u00f3n Campesina Ind\u00edgena de Oaxaca \u201cEmiliano Zapata\u201d (UCIO-EZ)<\/p>\n\n\n\n<p>Universidad Aut\u00f3noma Comunal de Oaxaca de San Antonio Huitepec (UACO)<\/p>\n\n\n\n<p>Universidad de la Tierra Oaxaca, (UNITIERRA)<\/p>\n\n\n\n<p><strong><br>V\u00cdCTIMAS:<\/strong><\/p>\n\n\n\n<p>Soledad Jarquin Edgar<\/p>\n\n\n\n<p>Mar\u00eda Fernanda Cruz Jarqu\u00edn<\/p>\n\n\n\n<p>Paulina Cruz Jarqu\u00edn<\/p>\n\n\n\n<p>Lucia Ram\u00edrez Cruz<\/p>\n\n\n\n<p>Marlene Joaqu\u00edn Ojeda<\/p>\n\n\n\n<p>Familiares de Aid\u00e9 Hern\u00e1ndezPublicada en&nbsp;<a href=\"https:\/\/consorciooaxaca.org\/category\/boletines-y-comunicados\/\">Boletines y Comunicados<\/a>,&nbsp;<a href=\"https:\/\/consorciooaxaca.org\/category\/boletines-y-comunicados\/feminicidios\/\">Feminicidios<\/a>,&nbsp;<a href=\"https:\/\/consorciooaxaca.org\/category\/portada\/\">Portada<\/a>,&nbsp;<a href=\"https:\/\/consorciooaxaca.org\/category\/boletines-y-comunicados\/violencia\/\">Violencia<\/a><\/p>\n\n\n\n<h2 class=\"wp-block-heading\">Navegaci\u00f3n de entradas<\/h2>\n","protected":false},"excerpt":{"rendered":"<p>Concluye un Sexenio Feminicida encabezado por Alejandro Murat con 715 Feminicidios y 1994 mujeres v\u00edctimas de desaparici\u00f3n Exigimos a Salomon Jara asuma los derechos de las mujeres como agenda de primer orden en su gobierno sino no habr\u00e1 \u201cPrimavera Oaxaque\u00f1a\u201d En Oaxaca estamos a cinco d\u00edas de que concluya el sexenio de la simulaci\u00f3n, corrupci\u00f3n [&hellip;]<\/p>\n","protected":false},"author":4,"featured_media":28032,"comment_status":"closed","ping_status":"open","sticky":false,"template":"","format":"standard","meta":{"give_campaign_id":0,"rs_blank_template":"","rs_page_bg_color":"","slide_template_v7":"","footnotes":""},"categories":[575,36,91,32],"tags":[43,60,63,75,58,39,42,77,80,67],"class_list":["post-28030","post","type-post","status-publish","format-standard","has-post-thumbnail","hentry","category-blog","category-comunicados","category-notas","category-novedades","tag-derechos","tag-derechos-mujeres","tag-equidad-de-genero","tag-feminicidios","tag-gesmujer","tag-igualdad","tag-mujeres","tag-mujeres-indigenas","tag-oaxaca","tag-violencia"],"_links":{"self":[{"href":"https:\/\/www.gesmujer.org\/sitio\/index.php?rest_route=\/wp\/v2\/posts\/28030","targetHints":{"allow":["GET"]}}],"collection":[{"href":"https:\/\/www.gesmujer.org\/sitio\/index.php?rest_route=\/wp\/v2\/posts"}],"about":[{"href":"https:\/\/www.gesmujer.org\/sitio\/index.php?rest_route=\/wp\/v2\/types\/post"}],"author":[{"embeddable":true,"href":"https:\/\/www.gesmujer.org\/sitio\/index.php?rest_route=\/wp\/v2\/users\/4"}],"replies":[{"embeddable":true,"href":"https:\/\/www.gesmujer.org\/sitio\/index.php?rest_route=%2Fwp%2Fv2%2Fcomments&post=28030"}],"version-history":[{"count":1,"href":"https:\/\/www.gesmujer.org\/sitio\/index.php?rest_route=\/wp\/v2\/posts\/28030\/revisions"}],"predecessor-version":[{"id":28033,"href":"https:\/\/www.gesmujer.org\/sitio\/index.php?rest_route=\/wp\/v2\/posts\/28030\/revisions\/28033"}],"wp:featuredmedia":[{"embeddable":true,"href":"https:\/\/www.gesmujer.org\/sitio\/index.php?rest_route=\/wp\/v2\/media\/28032"}],"wp:attachment":[{"href":"https:\/\/www.gesmujer.org\/sitio\/index.php?rest_route=%2Fwp%2Fv2%2Fmedia&parent=28030"}],"wp:term":[{"taxonomy":"category","embeddable":true,"href":"https:\/\/www.gesmujer.org\/sitio\/index.php?rest_route=%2Fwp%2Fv2%2Fcategories&post=28030"},{"taxonomy":"post_tag","embeddable":true,"href":"https:\/\/www.gesmujer.org\/sitio\/index.php?rest_route=%2Fwp%2Fv2%2Ftags&post=28030"}],"curies":[{"name":"wp","href":"https:\/\/api.w.org\/{rel}","templated":true}]}}