{"id":28146,"date":"2022-12-16T10:55:10","date_gmt":"2022-12-16T16:55:10","guid":{"rendered":"https:\/\/www.gesmujer.org\/sitio\/?p=28146"},"modified":"2022-12-16T10:55:13","modified_gmt":"2022-12-16T16:55:13","slug":"suman-seis-feminicidios-en-los-primeros-15-dias-del-gobierno-de-salomon-jara-en-oaxaca","status":"publish","type":"post","link":"https:\/\/www.gesmujer.org\/sitio\/?p=28146","title":{"rendered":"Suman seis feminicidios en los primeros 15 d\u00edas del gobierno de Salom\u00f3n Jara en Oaxaca"},"content":{"rendered":"\n<p><strong>Jueves 15 de Diciembre, Pedro Mat\u00edas, Proceso.- <\/strong> Con los asesinatos de Adela M\u00eda y Diana Edith en las \u00faltimas 24 horas, suman seis los feminicidios documentados en los primeros 15 d\u00edas del gobierno del morenista Salom\u00f3n Jara Cruz.<\/p>\n\n\n\n<p>De acuerdo con el seguimiento del Grupo de Estudios sobre la Mujer \u201cRosario Castellanos\u201d (GESMujer), del 1 de enero al 14 de diciembre de 2022 tienen registradas\u00a0139 mujeres asesinadas en la entidad.<\/p>\n\n\n\n<p>El caso m\u00e1s reciente ocurri\u00f3 este mi\u00e9rcoles 14 de diciembre al ser localizada sin vida la joven Adela M\u00eda Cort\u00e9s Varela, en un camino de terracer\u00eda que comunica a la Playa Brasil, en el Puerto de Salina Cruz.<\/p>\n\n\n\n<p>El cuerpo de la joven que hab\u00eda sido reportada como desaparecida presenta varios impactos de arma de fuego.<\/p>\n\n\n\n<p>Horas antes, en el fraccionamiento El Rosario, ubicado en el municipio de San Sebasti\u00e1n Tutla, en la Zona Metropolitana de Oaxaca, fue asesinada Diana Edith G. H., de 49 a\u00f1os de edad, precisamente cuando sali\u00f3 a tirar su basura.<\/p>\n\n\n\n<p>Trascendi\u00f3 que su agresor vest\u00eda su\u00e9ter negro con rojo, pantal\u00f3n de vestir&nbsp; color negro o azul y logr\u00f3 huir en una motocicleta color negro.<\/p>\n\n\n\n<p>Por su parte, la Fiscal\u00eda General del Estado de Oaxaca inici\u00f3 las investigaciones correspondientes luego del ataque armado en el que falleci\u00f3 una mujer en calles del fraccionamiento el Rosario.<\/p>\n\n\n\n<p>Detall\u00f3 que los hechos ocurrieron la ma\u00f1ana del&nbsp;martes en la v\u00eda p\u00fablica, en la calle de Tehuantepec esquina con Salina Cruz, donde personas hasta el momento desconocidas agredieron a balazos a la mujer identificada por las iniciales D. E. G. H., quien perdi\u00f3 la vida por las heridas infligidas.<\/p>\n\n\n\n<p>Desde ese primer momento, la Fiscal\u00eda Especializada para la Atenci\u00f3n a Delitos Contra la Mujer por Raz\u00f3n de G\u00e9nero atrajo el caso bajo el Protocolo Ministerial, Policial y Pericial del Delito de Feminicidio en el Estado de Oaxaca y con perspectiva de g\u00e9nero, adem\u00e1s que integr\u00f3 la carpeta de investigaci\u00f3n 42538\/FMUJ\/UFEM\/2022.<\/p>\n\n\n\n<p>Cabe mencionar que el informe de GESMujer lleva un registro de asesinatos de mujeres por sexenio: Con Jos\u00e9 Murat Casab se documentaron 429 casos; con Ulises Ruiz Ortiz, 283; con Gabino Cu\u00e9 Monteagudo, 527; con Alejandro Murat Hinojosa, 715, y con Salom\u00f3n Jara, que inici\u00f3 su sexenio este 1 de diciembre, ya lleva seis.<\/p>\n\n\n\n<p>Fuente: https:\/\/www.proceso.com.mx\/nacional\/estados\/2022\/12\/15\/suman-seis-feminicidios-en-los-primeros-15-dias-del-gobierno-de-salomon-jara-en-oaxaca-298766.html<\/p>\n","protected":false},"excerpt":{"rendered":"<p>Jueves 15 de Diciembre, Pedro Mat\u00edas, Proceso.- Con los asesinatos de Adela M\u00eda y Diana Edith en las \u00faltimas 24 horas, suman seis los feminicidios documentados en los primeros 15 d\u00edas del gobierno del morenista Salom\u00f3n Jara Cruz. De acuerdo con el seguimiento del Grupo de Estudios sobre la Mujer \u201cRosario Castellanos\u201d (GESMujer), del 1 [&hellip;]<\/p>\n","protected":false},"author":4,"featured_media":28147,"comment_status":"closed","ping_status":"open","sticky":false,"template":"","format":"standard","meta":{"footnotes":""},"categories":[575,568,91,32,3],"tags":[75,58,80,67],"class_list":["post-28146","post","type-post","status-publish","format-standard","has-post-thumbnail","hentry","category-blog","category-monitoreo","category-notas","category-novedades","category-portada","tag-feminicidios","tag-gesmujer","tag-oaxaca","tag-violencia"],"_links":{"self":[{"href":"https:\/\/www.gesmujer.org\/sitio\/index.php?rest_route=\/wp\/v2\/posts\/28146","targetHints":{"allow":["GET"]}}],"collection":[{"href":"https:\/\/www.gesmujer.org\/sitio\/index.php?rest_route=\/wp\/v2\/posts"}],"about":[{"href":"https:\/\/www.gesmujer.org\/sitio\/index.php?rest_route=\/wp\/v2\/types\/post"}],"author":[{"embeddable":true,"href":"https:\/\/www.gesmujer.org\/sitio\/index.php?rest_route=\/wp\/v2\/users\/4"}],"replies":[{"embeddable":true,"href":"https:\/\/www.gesmujer.org\/sitio\/index.php?rest_route=%2Fwp%2Fv2%2Fcomments&post=28146"}],"version-history":[{"count":1,"href":"https:\/\/www.gesmujer.org\/sitio\/index.php?rest_route=\/wp\/v2\/posts\/28146\/revisions"}],"predecessor-version":[{"id":28148,"href":"https:\/\/www.gesmujer.org\/sitio\/index.php?rest_route=\/wp\/v2\/posts\/28146\/revisions\/28148"}],"wp:featuredmedia":[{"embeddable":true,"href":"https:\/\/www.gesmujer.org\/sitio\/index.php?rest_route=\/wp\/v2\/media\/28147"}],"wp:attachment":[{"href":"https:\/\/www.gesmujer.org\/sitio\/index.php?rest_route=%2Fwp%2Fv2%2Fmedia&parent=28146"}],"wp:term":[{"taxonomy":"category","embeddable":true,"href":"https:\/\/www.gesmujer.org\/sitio\/index.php?rest_route=%2Fwp%2Fv2%2Fcategories&post=28146"},{"taxonomy":"post_tag","embeddable":true,"href":"https:\/\/www.gesmujer.org\/sitio\/index.php?rest_route=%2Fwp%2Fv2%2Ftags&post=28146"}],"curies":[{"name":"wp","href":"https:\/\/api.w.org\/{rel}","templated":true}]}}