{"id":28178,"date":"2022-12-24T12:25:00","date_gmt":"2022-12-24T18:25:00","guid":{"rendered":"https:\/\/www.gesmujer.org\/sitio\/?p=28178"},"modified":"2022-12-24T12:25:04","modified_gmt":"2022-12-24T18:25:04","slug":"posicionamiento-del-gesmujer-ante-la-renuncia-de-arturo-peimbert-como-fiscal-general-de-oaxaca","status":"publish","type":"post","link":"https:\/\/www.gesmujer.org\/sitio\/?p=28178","title":{"rendered":"Posicionamiento del GESMujer ante la renuncia de Arturo Peimbert como Fiscal general de Oaxaca"},"content":{"rendered":"\n<p class=\"has-text-align-left\">Durante el 2021, el Monitoreo de violencia feminicida de GESMujer concluy\u00f3 con un registro de 87<br>casos de ni\u00f1as y mujeres asesinadas de manera violenta, fue el primer a\u00f1o del FGEO Arturo<br>Peimbert, para su segundo a\u00f1o, antes de concluir el 2022 se han registrado 142 casos m\u00e1s, lo que<br>significa un incremento anual del 61%.<\/p>\n\n\n\n<p class=\"has-text-align-left\"><br>Con estas cifras indignantes y dolorosas, Arturo Peimbert decide renunciar a su cargo, renuncia que<br>ha sido demandada por familias de las v\u00edctimas de feminicidio, sobrevivientes de tentativa de<br>feminicidio, por mujeres que han enfrentado m\u00faltiples formas de violencias y que han sido<br>revictimizadas en las instancias de procuraci\u00f3n de justicia, demanda a la que nos sumamos las<br>colectivas y organizaciones feministas pues conocemos de la problem\u00e1tica que obstaculiza el acceso<br>a la justicia para las mujeres.<\/p>\n\n\n\n<p class=\"has-text-align-left\"><br>Arturo Peimbert renuncia, sin explicar los motivos, pero afirmando que no obedece a ning\u00fan tipo<br>de presi\u00f3n pol\u00edtica, lo cual puede valorarse como una decisi\u00f3n positiva, pues los resultados<br>evidentemente muestran que reconoce que no hubo capacidad para atender la violencia por raz\u00f3n<br>de g\u00e9nero, para realizar procesos de investigaci\u00f3n de asesinatos violentos bajo el protocolo de<br>feminicidio, ni una adecuada integraci\u00f3n de las carpetas de investigaci\u00f3n de los diferentes casos de<br>violencias para evitar la impunidad.<\/p>\n\n\n\n<p class=\"has-text-align-left\"><br>Sin embargo, una renuncia a menos de un mes de iniciada la actual administraci\u00f3n de Salom\u00f3n Jara,<br>cuando a\u00fan le quedaban cinco a\u00f1os como Fiscal, puede interpretarse como una tendencia a repetir<br>lo que hemos cuestionado permanentemente, que cada Fiscal es designado a modo del gobernador<br>en turno, para hacer un manejo pol\u00edtico de la procuraci\u00f3n de justicia, incluyendo la minimizaci\u00f3n de<br>los datos de la violencia feminicida, lo cual ser\u00eda muy grave ante una problem\u00e1tica que urge de<br>cambios de fondo para salvaguardar la integridad, la libertad y la vida de las ni\u00f1as y mujeres<br>oaxaque\u00f1as.<\/p>\n","protected":false},"excerpt":{"rendered":"<p>Durante el 2021, el Monitoreo de violencia feminicida de GESMujer concluy\u00f3 con un registro de 87casos de ni\u00f1as y mujeres asesinadas de manera violenta, fue el primer a\u00f1o del FGEO ArturoPeimbert, para su segundo a\u00f1o, antes de concluir el 2022 se han registrado 142 casos m\u00e1s, lo quesignifica un incremento anual del 61%. Con estas [&hellip;]<\/p>\n","protected":false},"author":4,"featured_media":28179,"comment_status":"closed","ping_status":"open","sticky":false,"template":"","format":"standard","meta":{"footnotes":""},"categories":[575,36,3],"tags":[43,60,63,75,58,39,42,77,80,67],"class_list":["post-28178","post","type-post","status-publish","format-standard","has-post-thumbnail","hentry","category-blog","category-comunicados","category-portada","tag-derechos","tag-derechos-mujeres","tag-equidad-de-genero","tag-feminicidios","tag-gesmujer","tag-igualdad","tag-mujeres","tag-mujeres-indigenas","tag-oaxaca","tag-violencia"],"_links":{"self":[{"href":"https:\/\/www.gesmujer.org\/sitio\/index.php?rest_route=\/wp\/v2\/posts\/28178","targetHints":{"allow":["GET"]}}],"collection":[{"href":"https:\/\/www.gesmujer.org\/sitio\/index.php?rest_route=\/wp\/v2\/posts"}],"about":[{"href":"https:\/\/www.gesmujer.org\/sitio\/index.php?rest_route=\/wp\/v2\/types\/post"}],"author":[{"embeddable":true,"href":"https:\/\/www.gesmujer.org\/sitio\/index.php?rest_route=\/wp\/v2\/users\/4"}],"replies":[{"embeddable":true,"href":"https:\/\/www.gesmujer.org\/sitio\/index.php?rest_route=%2Fwp%2Fv2%2Fcomments&post=28178"}],"version-history":[{"count":1,"href":"https:\/\/www.gesmujer.org\/sitio\/index.php?rest_route=\/wp\/v2\/posts\/28178\/revisions"}],"predecessor-version":[{"id":28180,"href":"https:\/\/www.gesmujer.org\/sitio\/index.php?rest_route=\/wp\/v2\/posts\/28178\/revisions\/28180"}],"wp:featuredmedia":[{"embeddable":true,"href":"https:\/\/www.gesmujer.org\/sitio\/index.php?rest_route=\/wp\/v2\/media\/28179"}],"wp:attachment":[{"href":"https:\/\/www.gesmujer.org\/sitio\/index.php?rest_route=%2Fwp%2Fv2%2Fmedia&parent=28178"}],"wp:term":[{"taxonomy":"category","embeddable":true,"href":"https:\/\/www.gesmujer.org\/sitio\/index.php?rest_route=%2Fwp%2Fv2%2Fcategories&post=28178"},{"taxonomy":"post_tag","embeddable":true,"href":"https:\/\/www.gesmujer.org\/sitio\/index.php?rest_route=%2Fwp%2Fv2%2Ftags&post=28178"}],"curies":[{"name":"wp","href":"https:\/\/api.w.org\/{rel}","templated":true}]}}