{"id":28243,"date":"2023-01-10T17:15:04","date_gmt":"2023-01-10T23:15:04","guid":{"rendered":"https:\/\/www.gesmujer.org\/sitio\/?p=28243"},"modified":"2023-01-10T17:15:08","modified_gmt":"2023-01-10T23:15:08","slug":"mujeres-colectivas-y-organizaciones-exigimos-la-designacion-urgente-de-un-perfil-idoneo-para-ocupar-la-titularidad-de-la-fgeo","status":"publish","type":"post","link":"https:\/\/www.gesmujer.org\/sitio\/?p=28243","title":{"rendered":"Mujeres, colectivas y organizaciones exigimos la designaci\u00f3n urgente de <strong>un perfil id\u00f3neo para ocupar la titularidad de la FGEO<\/strong>"},"content":{"rendered":"\n<p><\/p>\n\n\n\n<p>Oaxaca de Ju\u00e1rez, Oax., a 10 de enero del 2023<\/p>\n\n\n\n<p><strong>Mujeres, colectivas y organizaciones exigimos la designaci\u00f3n urgente de<\/strong><\/p>\n\n\n\n<p><strong>un perfil id\u00f3neo para ocupar la titularidad de la FGEO<\/strong><\/p>\n\n\n\n<ul class=\"wp-block-list\">\n<li>Mujeres, activistas, feministas, colectivas y organizaciones, nos mantenemos alerta ante un posible madruguete en la designaci\u00f3n de la titularidad de la Fiscal\u00eda&nbsp; General del Estado de Oaxaca&nbsp;<\/li>\n\n\n\n<li>Rechazamos la eventual designaci\u00f3n de Bernardo Rodr\u00edguez Alamilla como nuevo titular de la FGEO, ya que representa la continuidad de\u00a0 la impunidad y el desinter\u00e9s institucional de su predecesor Arturo Peimbert Calvo<\/li>\n<\/ul>\n\n\n\n<p>Oaxaca hoy vive una de las peores crisis en materia de violencia y seguridad, y en ese &nbsp;contexto, es a&nbsp; las mujeres a quienes nos ha tocado enfrentar, en total abandono e impunidad institucional, una serie de agresiones que nos han costado la vida, acabando con los proyectos de cientos de j\u00f3venes mujeres y destrozando con ello a decenas de familias oaxaque\u00f1as que siguen clamando justicia.<\/p>\n\n\n\n<p>Un ejemplo de ello es la imparable violencia feminicida que en los \u00faltimos seis a\u00f1os ha dejado un saldo de 735 mujeres asesinadas, aunado a los 516 delitos sexuales y 2047 personas desaparecidas que colectivas y organizaciones feministas han ido documentando.&nbsp;<\/p>\n\n\n\n<p>Es por ese contexto que para nosotras, para quienes vivimos el d\u00eda a d\u00eda en un Estado Feminicida, nos resulta fundamental la designaci\u00f3n de un Fiscal Penalista con probada experiencia en la procuraci\u00f3n de justicia y estudios; todos los anteriores han contribuido al aumento de los feminicidios por su complicidad mediante la impunidad a trav\u00e9s de una red de complicidad de alto nivel.&nbsp;<\/p>\n\n\n\n<p>Es urgente que se considere un perfil id\u00f3neo con alta formaci\u00f3n acad\u00e9mica, que posea experiencia en la&nbsp; Implementaci\u00f3n del Nuevo Sistema de Justicia Penal en M\u00e9xico y pol\u00edtica criminal, y que adem\u00e1s tenga probada eficiencia en ese \u00e1mbito. Oaxaca no est\u00e1 en condiciones de ser experimento de nadie cuando son las vidas y la seguridad de un estado lo que est\u00e1 en juego.&nbsp;&nbsp;<\/p>\n\n\n\n<p>Y es por este motivo, que activistas, feministas, colectivas y organizaciones nos mantenemos alerta ante un posible madruguete en la designaci\u00f3n de la titularidad de la Fiscal\u00eda&nbsp; General del Estado de Oaxaca y rechazamos tajantemente la eventual designaci\u00f3n de Bernardo Rodr\u00edguez Alamilla como nuevo titular de la FGEO, ya que representa la continuidad de&nbsp; la impunidad y el desinter\u00e9s institucional de su predecesor Arturo Peimbert Calvo y de &nbsp;Rub\u00e9n Vasconcelos M\u00e9ndez que maltrat\u00f3 a las v\u00edctimas y que tuvo opacidad en el manejo de la informaci\u00f3n sobre los feminicidios y la impunidad en m\u00e1s de 500 Feminicidios.<\/p>\n\n\n\n<p>Consideramos \u201cmuy conveniente\u201d que apenas el 23 de diciembre, Arturo Peimbert Calvo renunciara a la titularidad de la Fiscal\u00eda General del Estado de Oaxaca (FGEO), cargo que asumi\u00f3&nbsp; el 18 de marzo de 2021 y que concluir\u00eda en 2028, argumentando que su decisi\u00f3n se debi\u00f3 estrictamente \u201ca motivos personales\u201d y descart\u00f3 que fuera por presiones del gobierno estatal.<\/p>\n\n\n\n<p>Mientras que, de forma paralela, trascendi\u00f3 que Bernardo Rodr\u00edguez Alamilla, a\u00fan titular de la Defensor\u00eda de los Derechos Humanos del Pueblo de Oaxaca (DDHPO), se postul\u00f3 para ocupar el cargo.&nbsp; A la fecha desconocemos si el servidor p\u00fablico present\u00f3 su renuncia ante la instituci\u00f3n. Cabe destacar que fue precisamente Rodr\u00edguez Alamilla quien sustituy\u00f3 en la DDHPO al ex fiscal Arturo Peimbert Calvo.&nbsp;<\/p>\n\n\n\n<p>\u00a1Es absurdo que se le haya pedido la renuncia a Peimbert Calvo para colocar a Bernardo Rodr\u00edguez Alamilla! \u00a1Repudiamos su eventual designaci\u00f3n!<\/p>\n\n\n\n<p>Por ello, consideramos que de ser ese el caso, ser\u00eda un grave error y un grave indicador de las prioridades de la \u201cPrimavera oaxaque\u00f1a\u201d el arrancar su sexenio con la designaci\u00f3n de un personaje gris, indiferente y omiso ante el dolor y la indignaci\u00f3n por el asesinato de tantas mujeres oaxaque\u00f1as. Un servidor p\u00fablico cuyo silencio institucional, opacidad e indiferencia marcaron su gesti\u00f3n.&nbsp;<\/p>\n\n\n\n<p>Repudiamos la eventual designaci\u00f3n de Bernardo Rodr\u00edguez Alamilla y hacemos un llamado al Congreso del Estado de Oaxaca para que haga p\u00fablicos los curr\u00edculos de los aspirantes y se elija al perfil id\u00f3neo. \u00a1Basta de imposiciones! \u00a1Justicia ya!<\/p>\n\n\n\n<p>\u00a1<strong>No m\u00e1s simulaci\u00f3n, no m\u00e1s improvisaci\u00f3n!<\/strong><\/p>\n\n\n\n<p><strong>\u00a1Exigimos una Fiscal\u00eda que sirva!<\/strong><\/p>\n\n\n\n<p><strong>\u00a1Rechazamos la eventual designaci\u00f3n de Bernardo Rodr\u00edguez Alamilla como Fiscal!<\/strong><\/p>\n\n\n\n<p><strong>#BernardoRodr\u00edguezNO<\/strong><\/p>\n\n\n\n<p><strong>#PorunaFiscal\u00edaqueSirva<\/strong><\/p>\n\n\n\n<p><strong>#Nom\u00e1sSimulaci\u00f3n<\/strong><\/p>\n\n\n\n<p><strong>Organizaciones firmantes:<\/strong><\/p>\n\n\n\n<p>Red Nacional de Abogadas Ind\u00edgenas<\/p>\n\n\n\n<p>Consorcio Para el Di\u00e1logo Parlamentario y la Equidad, Oaxaca A.C.<\/p>\n\n\n\n<p>Grupo de Estudios sobre la Mujer Rosario Castellanos A.C.<\/p>\n\n\n\n<p>Colectiva Chicatanas&nbsp;<\/p>\n\n\n\n<p>Red Mariposas Mujeres Mixes&nbsp;<\/p>\n\n\n\n<p>Colectiva Jur\u00eddica por la Dignidad Disidente, &#8220;COJUDIDI&#8221;.<\/p>\n\n\n\n<p>C\u00edrculo Profesional para la Formaci\u00f3n con Equidad de G\u00e9nero, Nduva Ndandi Caminos, Centro de Acompa\u00f1amiento a Migrantes A.C<\/p>\n\n\n\n<p>Marea Verde Mixteca&nbsp;<\/p>\n\n\n\n<p>Letra Verde AC<\/p>\n\n\n\n<p>Mujeres Ind\u00edgenas por CIARENA<\/p>\n\n\n\n<p>Achicopaladas&nbsp;<\/p>\n\n\n\n<p>Coordinadora Estatal de Madres, Padres y Tutores en Defensa de la Educaci\u00f3n&nbsp;<\/p>\n\n\n\n<p>Enlace Comunicaci\u00f3n y Capacitaci\u00f3n A. C.&nbsp;<\/p>\n\n\n\n<p>Grupo de Mujeres Sabinas A.C.<\/p>\n\n\n\n<p><strong>Defensoras de Derechos Humanos&nbsp;<\/strong><\/p>\n\n\n\n<p>Flora Guti\u00e9rrez<\/p>\n\n\n\n<p>Y\u00e9sica S\u00e1nchez Maya<\/p>\n\n\n\n<p>Ang\u00e9lica Ayala Ortiz&nbsp;<\/p>\n\n\n\n<p>Ana Mar\u00eda Hern\u00e1ndez C\u00e1rdenas&nbsp;<\/p>\n\n\n\n<p>Huguet Cuevas Ram\u00edrez<\/p>\n\n\n\n<p>Josefina Aranda Bezaury<\/p>\n\n\n\n<p>Josefina Salazar Mart\u00ednez&nbsp;<\/p>\n\n\n\n<p>Soledad Jarqu\u00edn Edgar&nbsp;<\/p>\n\n\n\n<p>Maximina Reyna Rivera Torres&nbsp;<\/p>\n\n\n\n<p>Dayse Melissa Mart\u00ednez Silva&nbsp;<\/p>\n\n\n\n<p>Evitelia Pacheco Ram\u00edrez&nbsp;<\/p>\n\n\n\n<p>Ximena Avellaneda D\u00edaz<\/p>\n\n\n\n<p>Rosario Mart\u00ednez Miguel<\/p>\n\n\n\n<p>Karina Yanet Hern\u00e1ndez Alavez&nbsp;<\/p>\n\n\n\n<p>Laura Yadira Morelos Avelino<\/p>\n\n\n\n<p>Victoria Jim\u00e9nez Isabel&nbsp;<\/p>\n\n\n\n<p>Nancy Maribel Garc\u00eda Garc\u00eda<\/p>\n\n\n\n<p>Guadalupe Carolina Santaella Rivas<\/p>\n\n\n\n<p>Mar\u00eda Antonia Oviedo Mendiola<\/p>\n\n\n\n<p>Yolanda Barranco Hern\u00e1ndez<\/p>\n\n\n\n<p>Melisa G\u00f3mez L\u00f3pez<\/p>\n\n\n\n<p>Silvia Careli L\u00f3pez Falf\u00e1n<\/p>\n\n\n\n<p>Valeria Palma Mart\u00ednez&nbsp;<\/p>\n\n\n\n<p>Diana Martinez Garc\u00eda&nbsp;<\/p>\n\n\n\n<p>Lizbeth D\u00edaz D\u00edaz&nbsp;<\/p>\n\n\n\n<p>Laura Susana Ch\u00eda P\u00e9rez&nbsp;<\/p>\n\n\n\n<p>Elizabeth Olvera V\u00e1squez&nbsp;<\/p>\n\n\n\n<p>Marisol Balbuena Delgado&nbsp;<\/p>\n\n\n\n<p>Elia Antonia Santiago Rodr\u00edguez<\/p>\n\n\n\n<p>Fabiola Del Carmen Arguello Alvarado&nbsp;<\/p>\n\n\n\n<p>Silvia P\u00e9rez Yescas&nbsp;<\/p>\n\n\n\n<p>Silvia Gabriela Hern\u00e1ndez Salinas<\/p>\n\n\n\n<p>Wilma Garc\u00eda Garc\u00eda<\/p>\n\n\n\n<p>Noemi Ortiz Santiago<\/p>\n\n\n\n<p>Beatriz Ram\u00edrez Caballero<\/p>\n\n\n\n<p>Diana Barrios Ar\u00e9valo&nbsp;<\/p>\n\n\n\n<p>Aurora Cobon.<\/p>\n\n\n\n<p>Mariana Libertad Espinoza<\/p>\n\n\n\n<p>Felipa Garc\u00eda Sandoval&nbsp;<\/p>\n\n\n\n<p>Adriana Linares Arroyo<\/p>\n\n\n\n<p>Massabi Mart\u00ednez Carrasquedo.<\/p>\n\n\n\n<p>Dalia Guzm\u00e1n V\u00e1squez<\/p>\n\n\n\n<p>Lesvia Villalobos Sosa<\/p>\n\n\n\n<p>Elsa Pastor Cordero&nbsp;<\/p>\n\n\n\n<p>Beatriz Picazo P\u00e9rez<\/p>\n\n\n\n<p>Leticia Arely Callejas P\u00e9rez&nbsp;<\/p>\n\n\n\n<p>Berenice Iracema V\u00e1squez Cornelio<\/p>\n\n\n\n<p>Nancy R\u00edos Z\u00e1rate&nbsp;<\/p>\n\n\n\n<p>Tania Santill\u00e1n<\/p>\n\n\n\n<p>Paola Morales V\u00e1zquez<\/p>\n\n\n\n<p>Ruth Orozco<\/p>\n\n\n\n<p>Mariana Valeria Amaya Garc\u00eda<\/p>\n\n\n\n<p>A. Raquel Ch\u00e1vez Solano<\/p>\n\n\n\n<p>Gloria Irene Ponce Quezada<\/p>\n","protected":false},"excerpt":{"rendered":"<p>Oaxaca de Ju\u00e1rez, Oax., a 10 de enero del 2023 Mujeres, colectivas y organizaciones exigimos la designaci\u00f3n urgente de un perfil id\u00f3neo para ocupar la titularidad de la FGEO Oaxaca hoy vive una de las peores crisis en materia de violencia y seguridad, y en ese &nbsp;contexto, es a&nbsp; las mujeres a quienes nos ha [&hellip;]<\/p>\n","protected":false},"author":4,"featured_media":28244,"comment_status":"closed","ping_status":"open","sticky":false,"template":"","format":"standard","meta":{"give_campaign_id":0,"rs_blank_template":"","rs_page_bg_color":"","slide_template_v7":"","footnotes":""},"categories":[575,36,3],"tags":[43,60,63,75,58,39,77,80,67],"class_list":["post-28243","post","type-post","status-publish","format-standard","has-post-thumbnail","hentry","category-blog","category-comunicados","category-portada","tag-derechos","tag-derechos-mujeres","tag-equidad-de-genero","tag-feminicidios","tag-gesmujer","tag-igualdad","tag-mujeres-indigenas","tag-oaxaca","tag-violencia"],"_links":{"self":[{"href":"https:\/\/www.gesmujer.org\/sitio\/index.php?rest_route=\/wp\/v2\/posts\/28243","targetHints":{"allow":["GET"]}}],"collection":[{"href":"https:\/\/www.gesmujer.org\/sitio\/index.php?rest_route=\/wp\/v2\/posts"}],"about":[{"href":"https:\/\/www.gesmujer.org\/sitio\/index.php?rest_route=\/wp\/v2\/types\/post"}],"author":[{"embeddable":true,"href":"https:\/\/www.gesmujer.org\/sitio\/index.php?rest_route=\/wp\/v2\/users\/4"}],"replies":[{"embeddable":true,"href":"https:\/\/www.gesmujer.org\/sitio\/index.php?rest_route=%2Fwp%2Fv2%2Fcomments&post=28243"}],"version-history":[{"count":1,"href":"https:\/\/www.gesmujer.org\/sitio\/index.php?rest_route=\/wp\/v2\/posts\/28243\/revisions"}],"predecessor-version":[{"id":28245,"href":"https:\/\/www.gesmujer.org\/sitio\/index.php?rest_route=\/wp\/v2\/posts\/28243\/revisions\/28245"}],"wp:featuredmedia":[{"embeddable":true,"href":"https:\/\/www.gesmujer.org\/sitio\/index.php?rest_route=\/wp\/v2\/media\/28244"}],"wp:attachment":[{"href":"https:\/\/www.gesmujer.org\/sitio\/index.php?rest_route=%2Fwp%2Fv2%2Fmedia&parent=28243"}],"wp:term":[{"taxonomy":"category","embeddable":true,"href":"https:\/\/www.gesmujer.org\/sitio\/index.php?rest_route=%2Fwp%2Fv2%2Fcategories&post=28243"},{"taxonomy":"post_tag","embeddable":true,"href":"https:\/\/www.gesmujer.org\/sitio\/index.php?rest_route=%2Fwp%2Fv2%2Ftags&post=28243"}],"curies":[{"name":"wp","href":"https:\/\/api.w.org\/{rel}","templated":true}]}}