{"id":28396,"date":"2023-01-16T11:38:12","date_gmt":"2023-01-16T17:38:12","guid":{"rendered":"https:\/\/www.gesmujer.org\/sitio\/?p=28396"},"modified":"2023-01-16T11:38:16","modified_gmt":"2023-01-16T17:38:16","slug":"documenta-gesmujer-18-feminicidios-durante-los-primeros-44-dias-de-la-llegada-de-la-primavera-oaxaquena","status":"publish","type":"post","link":"https:\/\/www.gesmujer.org\/sitio\/?p=28396","title":{"rendered":"Documenta GESMujer 18 feminicidios durante los primeros 44 d\u00edas de la llegada de la Primavera Oaxaque\u00f1a"},"content":{"rendered":"\n<p><strong>Viernes 13 de enero del 2022, Nere Gonz\u00e1lez, Primera L\u00ednea.- <\/strong>A 44 d\u00edas de la llegada de la Primavera Oaxaque\u00f1a, la organizaci\u00f3n GESMujer document\u00f3 18 feminicidios, de los cuales cinco han sido en contra de ni\u00f1as menores de 12 a\u00f1os, por lo que urgen al gobierno estatal atender estos casos, que suman a los m\u00e1s de 700 que se registraron en el sexenio de Alejandro Murat.<\/p>\n\n\n\n<p>De acuerdo con las estad\u00edsticas de GESMujer, en lo que va de enero, han muerto de forma violenta cinco mujeres, y la regi\u00f3n con m\u00e1s casos es Valles Centrales, le sigue la Costa y el Istmo de Tehuantepec.<\/p>\n\n\n\n<p>Agrega que la mayor\u00eda de las v\u00edctimas han muerto por impacto de bala y golpes, por lo que esta situaci\u00f3n mantiene encendida la alerta entre colectivas, toda vez que el gobierno de la Primavera Oaxaque\u00f1a ha hecho caso omiso a la muerte de ni\u00f1as y mujeres.<\/p>\n\n\n\n<p>En el recuento de GESMujer, tambi\u00e9n se\u00f1ala que el sexenio m\u00e1s violento para las mujeres fue con Alejandro Murat, al registrarse 715 feminicidios y el m\u00e1s bajo fue con Ulises Ruiz, con 283 casos.<\/p>\n\n\n\n<p>En tanto, en lo que va de este sexenio se han registrado, 18 casos, cinco en estos primeros d\u00edas de enero.<\/p>\n\n\n\n<p>Fuente: https:\/\/www.primeralinea.mx\/2023\/01\/13\/documenta-gesmujer-18-feminicidios-durante-los-primeros-44-dias-de-la-llegada-de-la-primavera-oaxaquena\/   <\/p>\n","protected":false},"excerpt":{"rendered":"<p>Viernes 13 de enero del 2022, Nere Gonz\u00e1lez, Primera L\u00ednea.- A 44 d\u00edas de la llegada de la Primavera Oaxaque\u00f1a, la organizaci\u00f3n GESMujer document\u00f3 18 feminicidios, de los cuales cinco han sido en contra de ni\u00f1as menores de 12 a\u00f1os, por lo que urgen al gobierno estatal atender estos casos, que suman a los m\u00e1s [&hellip;]<\/p>\n","protected":false},"author":4,"featured_media":28397,"comment_status":"closed","ping_status":"open","sticky":false,"template":"","format":"standard","meta":{"give_campaign_id":0,"rs_blank_template":"","rs_page_bg_color":"","slide_template_v7":"","footnotes":""},"categories":[575,568,91,32,3],"tags":[43,60,63,75,58,39,42,77,80,67],"class_list":["post-28396","post","type-post","status-publish","format-standard","has-post-thumbnail","hentry","category-blog","category-monitoreo","category-notas","category-novedades","category-portada","tag-derechos","tag-derechos-mujeres","tag-equidad-de-genero","tag-feminicidios","tag-gesmujer","tag-igualdad","tag-mujeres","tag-mujeres-indigenas","tag-oaxaca","tag-violencia"],"_links":{"self":[{"href":"https:\/\/www.gesmujer.org\/sitio\/index.php?rest_route=\/wp\/v2\/posts\/28396","targetHints":{"allow":["GET"]}}],"collection":[{"href":"https:\/\/www.gesmujer.org\/sitio\/index.php?rest_route=\/wp\/v2\/posts"}],"about":[{"href":"https:\/\/www.gesmujer.org\/sitio\/index.php?rest_route=\/wp\/v2\/types\/post"}],"author":[{"embeddable":true,"href":"https:\/\/www.gesmujer.org\/sitio\/index.php?rest_route=\/wp\/v2\/users\/4"}],"replies":[{"embeddable":true,"href":"https:\/\/www.gesmujer.org\/sitio\/index.php?rest_route=%2Fwp%2Fv2%2Fcomments&post=28396"}],"version-history":[{"count":1,"href":"https:\/\/www.gesmujer.org\/sitio\/index.php?rest_route=\/wp\/v2\/posts\/28396\/revisions"}],"predecessor-version":[{"id":28398,"href":"https:\/\/www.gesmujer.org\/sitio\/index.php?rest_route=\/wp\/v2\/posts\/28396\/revisions\/28398"}],"wp:featuredmedia":[{"embeddable":true,"href":"https:\/\/www.gesmujer.org\/sitio\/index.php?rest_route=\/wp\/v2\/media\/28397"}],"wp:attachment":[{"href":"https:\/\/www.gesmujer.org\/sitio\/index.php?rest_route=%2Fwp%2Fv2%2Fmedia&parent=28396"}],"wp:term":[{"taxonomy":"category","embeddable":true,"href":"https:\/\/www.gesmujer.org\/sitio\/index.php?rest_route=%2Fwp%2Fv2%2Fcategories&post=28396"},{"taxonomy":"post_tag","embeddable":true,"href":"https:\/\/www.gesmujer.org\/sitio\/index.php?rest_route=%2Fwp%2Fv2%2Ftags&post=28396"}],"curies":[{"name":"wp","href":"https:\/\/api.w.org\/{rel}","templated":true}]}}