{"id":28491,"date":"2023-01-26T13:01:56","date_gmt":"2023-01-26T19:01:56","guid":{"rendered":"https:\/\/www.gesmujer.org\/sitio\/?p=28491"},"modified":"2023-01-26T13:10:16","modified_gmt":"2023-01-26T19:10:16","slug":"que-pague-su-condena-esto-dice-la-madre-de-un-feminicida-en-oaxaca","status":"publish","type":"post","link":"https:\/\/www.gesmujer.org\/sitio\/?p=28491","title":{"rendered":"&#8220;Que pague su condena&#8221;: esto dice la madre de un feminicida en Oaxaca"},"content":{"rendered":"\n<p><strong>Jueves 26 de enero del 2023, Nadia Altamirano D\u00edaz, NVINOTICIAS.- <\/strong>Acostumbra madrugar casi todos los d\u00edas, pero ayer Eugenia (cuyo nombre real se omite para guardar su identidad) se levant\u00f3 a las 4:30 de la ma\u00f1ana para hacer una traves\u00eda que el rencor le ha impedido en casi un a\u00f1o: visitar a su hijo feminicida.<br><strong>\u201cYo no quer\u00eda venir a verlo\u201d<\/strong>, expresa con una calma nerviosa al reconocer que olvid\u00f3 su Clave \u00danica de Registro Poblacional (CURP), indispensable para acreditarse en el reclusorio al que ha llegado. El resto de documentos los carga en una bolsa negra de pl\u00e1stico.<br>De baja estatura que marcan su complexi\u00f3n robusta y con las emociones agolpadas en el pecho, a Eugenia no se le dificulta llorar cuando habla de lo que siente por su hijo, pero sobre todo al pensar en la mujer que asesin\u00f3 a golpes:<strong> \u201cPues rencor, porque yo quer\u00eda mucho a mi nuera, pero me toca venir a verlo\u201d<\/strong>.<br>La misma noche que Pedro -nombre tambi\u00e9n ficticio- asesin\u00f3 con violencia a su pareja, fue detenido por elementos de la polic\u00eda municipal donde ambos viv\u00edan y puesto a disposici\u00f3n de la Fiscal\u00eda General del Estado de Oaxaca.<br>El feminicidio fue tan evidente que la Fiscal\u00eda no demor\u00f3 en obtener el auto de vinculaci\u00f3n a proceso, pero la dilaci\u00f3n de la justicia ha impedido que un juez determine los a\u00f1os de su sentencia.<\/p>\n\n\n\n<p><\/p>\n\n\n\n<h2 class=\"wp-block-heading\"><strong>La noche de la tragedia<\/strong><\/h2>\n\n\n\n<p><br>Esa noche de mayo de 2022, la nieta de Eugenia, de cinco a\u00f1os fue trasladada al Hospital General Doctor Aurelio Validieso para que recibiera atenci\u00f3n m\u00e9dica. Si los elementos de la polic\u00eda municipal hubieran demorado en detener a Pedro, pudo tambi\u00e9n ser asesinada.<br><strong>\u201cYo vine por ella, mis otros hijos me avisaron lo que \u00e9l hizo\u201d<\/strong>. De su nieta, ella qued\u00f3 a cargo porque con la familia materna casi no exist\u00eda contacto y tampoco lo han hecho despu\u00e9s del feminicidio.<br><strong>\u201cMi nieta sabe lo que hizo su pap\u00e1 y mi nuera no convivi\u00f3 con sus gentes, nunca iba a ver a su mam\u00e1 porque en su pueblo mataron a su pap\u00e1, en su pueblo son muy malos\u201d<\/strong>, as\u00ed que Eugenia no insisti\u00f3 en ir a hablar con su consuegra para formalizar que su hijo comenzaba una vida de pareja.<br>Minutos antes de cruzar la puerta para ingresar al reclusorio, Eugenia no logra identificar qu\u00e9 siente ni lo que le dir\u00e1 a su hijo, porque <strong>\u201csoy un poco alterada, pero no es lo mismo estando ah\u00ed \u00e9l encerrado\u201d<\/strong>, pero al final reconoce que al haber crecido en sus entra\u00f1as, volver\u00e1 a venir a verlo y m\u00e1s que en la justicia, cree que ser\u00e1 Dios quien le har\u00e1 pagar su pegado.<br>El Grupo de estudios sobre la Mujer Rosario Castellanos (GESMujer) contabiliz\u00f3 durante 2022 146 asesinatos violentos de mujeres, de los cuales 43 ocurrieron en el domicilio, como Pedro hizo con su pareja.<\/p>\n\n\n\n<p>Fuente: https:\/\/www.nvinoticias.com\/oaxaca\/general\/que-pague-su-condena-esto-dice-la-madre-de-un-feminicida-en-oaxaca\/142521<\/p>\n","protected":false},"excerpt":{"rendered":"<p>Jueves 26 de enero del 2023, Nadia Altamirano D\u00edaz, NVINOTICIAS.- Acostumbra madrugar casi todos los d\u00edas, pero ayer Eugenia (cuyo nombre real se omite para guardar su identidad) se levant\u00f3 a las 4:30 de la ma\u00f1ana para hacer una traves\u00eda que el rencor le ha impedido en casi un a\u00f1o: visitar a su hijo feminicida.\u201cYo [&hellip;]<\/p>\n","protected":false},"author":4,"featured_media":28492,"comment_status":"closed","ping_status":"open","sticky":false,"template":"","format":"standard","meta":{"give_campaign_id":0,"rs_blank_template":"","rs_page_bg_color":"","slide_template_v7":"","footnotes":""},"categories":[575,568,91,32,3],"tags":[43,60,63,75,58,39,42,77,80,67],"class_list":["post-28491","post","type-post","status-publish","format-standard","has-post-thumbnail","hentry","category-blog","category-monitoreo","category-notas","category-novedades","category-portada","tag-derechos","tag-derechos-mujeres","tag-equidad-de-genero","tag-feminicidios","tag-gesmujer","tag-igualdad","tag-mujeres","tag-mujeres-indigenas","tag-oaxaca","tag-violencia"],"_links":{"self":[{"href":"https:\/\/www.gesmujer.org\/sitio\/index.php?rest_route=\/wp\/v2\/posts\/28491","targetHints":{"allow":["GET"]}}],"collection":[{"href":"https:\/\/www.gesmujer.org\/sitio\/index.php?rest_route=\/wp\/v2\/posts"}],"about":[{"href":"https:\/\/www.gesmujer.org\/sitio\/index.php?rest_route=\/wp\/v2\/types\/post"}],"author":[{"embeddable":true,"href":"https:\/\/www.gesmujer.org\/sitio\/index.php?rest_route=\/wp\/v2\/users\/4"}],"replies":[{"embeddable":true,"href":"https:\/\/www.gesmujer.org\/sitio\/index.php?rest_route=%2Fwp%2Fv2%2Fcomments&post=28491"}],"version-history":[{"count":3,"href":"https:\/\/www.gesmujer.org\/sitio\/index.php?rest_route=\/wp\/v2\/posts\/28491\/revisions"}],"predecessor-version":[{"id":28496,"href":"https:\/\/www.gesmujer.org\/sitio\/index.php?rest_route=\/wp\/v2\/posts\/28491\/revisions\/28496"}],"wp:featuredmedia":[{"embeddable":true,"href":"https:\/\/www.gesmujer.org\/sitio\/index.php?rest_route=\/wp\/v2\/media\/28492"}],"wp:attachment":[{"href":"https:\/\/www.gesmujer.org\/sitio\/index.php?rest_route=%2Fwp%2Fv2%2Fmedia&parent=28491"}],"wp:term":[{"taxonomy":"category","embeddable":true,"href":"https:\/\/www.gesmujer.org\/sitio\/index.php?rest_route=%2Fwp%2Fv2%2Fcategories&post=28491"},{"taxonomy":"post_tag","embeddable":true,"href":"https:\/\/www.gesmujer.org\/sitio\/index.php?rest_route=%2Fwp%2Fv2%2Ftags&post=28491"}],"curies":[{"name":"wp","href":"https:\/\/api.w.org\/{rel}","templated":true}]}}