{"id":28705,"date":"2023-02-09T10:49:22","date_gmt":"2023-02-09T16:49:22","guid":{"rendered":"https:\/\/www.gesmujer.org\/sitio\/?p=28705"},"modified":"2023-02-09T10:49:25","modified_gmt":"2023-02-09T16:49:25","slug":"mujer-que-se-presenta-como-abogada-de-vera-carrizal-no-esta-en-lista-de-defensores-senala-malena-rios","status":"publish","type":"post","link":"https:\/\/www.gesmujer.org\/sitio\/?p=28705","title":{"rendered":"Mujer que se presenta como abogada de Vera Carrizal \u201cno est\u00e1 en lista de defensores\u201d, se\u00f1ala Malena R\u00edos"},"content":{"rendered":"\n<p><strong>Mi\u00e9rcoles 08 de Febrero el 2023, El Universal.- <\/strong>La\u00a0<strong>activista y saxofonista Mar\u00eda Elena R\u00edos\u00a0<\/strong>aclar\u00f3 que la jurista\u00a0<strong>Maribel P\u00e9rez Santaella\u00a0<\/strong>no es parte de la defensa legal de\u00a0<strong>Juan Antonio Vera Carrizal<\/strong>, presunto autor intelectual del ataque con \u00e1cido que vivi\u00f3 en 2019.<\/p>\n\n\n\n<p>Pese a que P\u00e9rez Santaella se ha presentado ante medios informativos como abogada defensora de Vera Carrizal, su nombre no figura en la lista de los encargados del caso por el lado del imputado, de acuerdo con un documento publicado en redes sociales por Elena R\u00edos.<\/p>\n\n\n\n<p>En \u00e9sta figuran nombres como el de<strong>&nbsp;Carla&nbsp;<\/strong>y<strong>&nbsp;Carlos Pratt<\/strong>, de la firma Pratt-Straffon, entre otros, dio a conocer la tambi\u00e9n defensora de derechos humanos originaria de la regi\u00f3n Mixteca.<\/p>\n\n\n\n<figure class=\"wp-block-image\"><img decoding=\"async\" src=\"https:\/\/oaxaca.eluniversal.com.mx\/sites\/default\/files\/u29016\/malena_oaxaca_0.jpg\" alt=\"malena_oaxaca_0.jpg\"\/><\/figure>\n\n\n\n<p>\u201cHablar sobre un proceso de feminicidio en grado de tentativa en donde no est\u00e1 reconocida en la carpeta de investigaci\u00f3n es un acto il\u00edcito, es un fraude\u201d, asever\u00f3 R\u00edos Ortiz.<\/p>\n\n\n\n<p>En diversas ocasiones, P\u00e9rez Santaella ha hecho apariciones p\u00fablicas para verter informaci\u00f3n y opiniones sobre el caso; sus declaraciones han sido retomadas por m\u00faltiples medios informativos locales.<\/p>\n\n\n\n<p>En sus intervenciones ha destacado que la defensa del imputado \u201c propuso que \u00e9ste\u00a0 pudiera enfrentar su proceso en\u00a0<strong>prisi\u00f3n domiciliaria<\/strong>, el uso de brazalete, destaca que se entregaron los pasaportes del agresor como garant\u00eda de que no abandonar\u00e1 el pa\u00eds, as\u00ed como cuatro elementos de seguridad\u201d.<\/p>\n\n\n\n<p>Adem\u00e1s, en reiteradas ocasiones, menciona que la ley indica que aquellas personas con m\u00e1s de dos a\u00f1os privados de su libertad sin ninguna sentencia tienen derecho a continuar su proceso en libertad.<\/p>\n\n\n\n<p>No obstante, a decir de Mar\u00eda Elena R\u00edos, la jurista no se ha presentado a ninguna de las audiencias por los&nbsp;<strong>11 amparos&nbsp;<\/strong>que la defensa interpuso antes de llegar a la etapa de audiencias de debate.<\/p>\n\n\n\n<p>Entre \u00e9stas figura la audiencia en la que el\u00a0<strong>juez Te\u00f3dulo Pacheco Pacheco<\/strong>\u00a0autoriz\u00f3 el cambio de medida cautelar a Vera Carrizal de prisi\u00f3n preventiva a arraigo domiciliario, misma que posteriormente fue suspendida por otro juez.<\/p>\n\n\n\n<p>Fuente: https:\/\/oaxaca.eluniversal.com.mx\/estatal\/mujer-que-se-presenta-como-abogada-de-vera-carrizal-no-esta-en-lista-de-defensores-senala<\/p>\n","protected":false},"excerpt":{"rendered":"<p>Mi\u00e9rcoles 08 de Febrero el 2023, El Universal.- La\u00a0activista y saxofonista Mar\u00eda Elena R\u00edos\u00a0aclar\u00f3 que la jurista\u00a0Maribel P\u00e9rez Santaella\u00a0no es parte de la defensa legal de\u00a0Juan Antonio Vera Carrizal, presunto autor intelectual del ataque con \u00e1cido que vivi\u00f3 en 2019. Pese a que P\u00e9rez Santaella se ha presentado ante medios informativos como abogada defensora de [&hellip;]<\/p>\n","protected":false},"author":4,"featured_media":28706,"comment_status":"closed","ping_status":"open","sticky":false,"template":"","format":"standard","meta":{"give_campaign_id":0,"rs_blank_template":"","rs_page_bg_color":"","slide_template_v7":"","footnotes":""},"categories":[575,568,91,32,3],"tags":[43,60,63,75,58,39,42,77,80,67],"class_list":["post-28705","post","type-post","status-publish","format-standard","has-post-thumbnail","hentry","category-blog","category-monitoreo","category-notas","category-novedades","category-portada","tag-derechos","tag-derechos-mujeres","tag-equidad-de-genero","tag-feminicidios","tag-gesmujer","tag-igualdad","tag-mujeres","tag-mujeres-indigenas","tag-oaxaca","tag-violencia"],"_links":{"self":[{"href":"https:\/\/www.gesmujer.org\/sitio\/index.php?rest_route=\/wp\/v2\/posts\/28705","targetHints":{"allow":["GET"]}}],"collection":[{"href":"https:\/\/www.gesmujer.org\/sitio\/index.php?rest_route=\/wp\/v2\/posts"}],"about":[{"href":"https:\/\/www.gesmujer.org\/sitio\/index.php?rest_route=\/wp\/v2\/types\/post"}],"author":[{"embeddable":true,"href":"https:\/\/www.gesmujer.org\/sitio\/index.php?rest_route=\/wp\/v2\/users\/4"}],"replies":[{"embeddable":true,"href":"https:\/\/www.gesmujer.org\/sitio\/index.php?rest_route=%2Fwp%2Fv2%2Fcomments&post=28705"}],"version-history":[{"count":1,"href":"https:\/\/www.gesmujer.org\/sitio\/index.php?rest_route=\/wp\/v2\/posts\/28705\/revisions"}],"predecessor-version":[{"id":28707,"href":"https:\/\/www.gesmujer.org\/sitio\/index.php?rest_route=\/wp\/v2\/posts\/28705\/revisions\/28707"}],"wp:featuredmedia":[{"embeddable":true,"href":"https:\/\/www.gesmujer.org\/sitio\/index.php?rest_route=\/wp\/v2\/media\/28706"}],"wp:attachment":[{"href":"https:\/\/www.gesmujer.org\/sitio\/index.php?rest_route=%2Fwp%2Fv2%2Fmedia&parent=28705"}],"wp:term":[{"taxonomy":"category","embeddable":true,"href":"https:\/\/www.gesmujer.org\/sitio\/index.php?rest_route=%2Fwp%2Fv2%2Fcategories&post=28705"},{"taxonomy":"post_tag","embeddable":true,"href":"https:\/\/www.gesmujer.org\/sitio\/index.php?rest_route=%2Fwp%2Fv2%2Ftags&post=28705"}],"curies":[{"name":"wp","href":"https:\/\/api.w.org\/{rel}","templated":true}]}}