{"id":28841,"date":"2023-02-19T19:30:27","date_gmt":"2023-02-20T01:30:27","guid":{"rendered":"https:\/\/www.gesmujer.org\/sitio\/?p=28841"},"modified":"2023-02-19T19:30:31","modified_gmt":"2023-02-20T01:30:31","slug":"se-registran-dos-infanticidios-en-juchitan-oaxaca-eran-hermanos","status":"publish","type":"post","link":"https:\/\/www.gesmujer.org\/sitio\/?p=28841","title":{"rendered":"Se registran dos infanticidios en Juchit\u00e1n, Oaxaca; eran hermanos"},"content":{"rendered":"\n<p><strong>S\u00e1bado 18 de febrero del 2022, Diana Manzo, P\u00e1gina 3.- <\/strong>La peque\u00f1a Perla A.M. de 9 a\u00f1os de edad y su hermano Daniel A.M. de 7 a\u00f1os de edad, fueron localizados sin vida esta ma\u00f1ana sobre la carretera Juchit\u00e1n-Ixtaltepec v\u00eda canal 33, a la altura de la demarcaci\u00f3n de El Espinal, Oaxaca.<\/p>\n\n\n\n<p>Elementos de la polic\u00eda municipal de Ixtaltepec fueron los que localizaron el hallazgo de los dos menores y fue su padre, de oficio mototaxista, quien los identific\u00f3.<\/p>\n\n\n\n<p>Los menores eran originarios de Juchit\u00e1n, Oaxaca y viv\u00edan en la colonia Fidel Pe\u00f1a, ubicado a dos kil\u00f3metros de donde fueron localizados sus restos.<\/p>\n\n\n\n<p>Los cuerpos no ten\u00edan ning\u00fan impacto de bala ni tampoco agresi\u00f3n con arma blanca, al parecer se trat\u00f3 de asfixia, pero ya ser\u00e1n las autoridades quienes informen las causas de los infanticidios.<\/p>\n\n\n\n<p>Al lugar llegaron personal de la polic\u00eda estatal, guardia nacional y de la viscefiscalia del Istmo de Tehuantepec, quienes levantaron los cuerpos de los menores para ser llevados a una funeraria y tras la autopsia ser entregados a sus familiares.<\/p>\n\n\n\n<p>El padre de los ni\u00f1os qued\u00f3 a disposici\u00f3n de las instancias de justicia a efecto de la investigaci\u00f3n para saber qu\u00e9 fue lo que ocurri\u00f3 y as\u00ed dar con los responsables de ambos infanticidios.<\/p>\n\n\n\n<p>El gobernador del Estado, Salom\u00f3n Jara Cruz, conden\u00f3 en\u00e9rgicamente la muerte de dos menores de edad en la regi\u00f3n del Istmo de Tehuantepec.<\/p>\n\n\n\n<p>A trav\u00e9s de sus redes sociales, recalc\u00f3 que \u201cdefender la vida, en especial la de nuestras ni\u00f1as y ni\u00f1os, es la misi\u00f3n m\u00e1s alta de nuestro gobierno y vamos a trabajar siempre para cumplirla\u201d.<\/p>\n\n\n\n<p>En redes sociales, la ciudadan\u00eda condenaron ambas muertes y exigieron castigo para quien haya sido \u00e9l o la responsable.<\/p>\n\n\n\n<p>De acuerdo con la Red por los Derechos de la Infancia en M\u00e9xico (Redim), de enero a agosto del 2022, mil 605 personas de entre 0 a 17 a\u00f1os fueron victimas de homicidio en M\u00e9xico, de los cuales, 426 eran mujeres y 1,265 hombres.<\/p>\n\n\n\n<p>El Secretariado Ejecutivo del Sistema Nacional de Seguridad, dijo que uno de cada 4 ni\u00f1os asesinados en enero a agosto del 2022 fueron originarios de Michoac\u00e1n, Guanajuato y Oaxaca.<\/p>\n\n\n\n<p>El Grupo de Estudios para la Mujer \u201cGESMujer\u201d Rosario Castellanos, inform\u00f3 que 18 mujeres, han sido asesinadas en Oaxaca en lo que va este 2023, de las cuales, 2 son menores de 12 a\u00f1os de edad.<\/p>\n\n\n\n<p>Fuente: https:\/\/pagina3.mx\/2023\/02\/se-registran-dos-infanticidios-en-juchitan-oaxaca-eran-hermanos\/<\/p>\n","protected":false},"excerpt":{"rendered":"<p>S\u00e1bado 18 de febrero del 2022, Diana Manzo, P\u00e1gina 3.- La peque\u00f1a Perla A.M. de 9 a\u00f1os de edad y su hermano Daniel A.M. de 7 a\u00f1os de edad, fueron localizados sin vida esta ma\u00f1ana sobre la carretera Juchit\u00e1n-Ixtaltepec v\u00eda canal 33, a la altura de la demarcaci\u00f3n de El Espinal, Oaxaca. Elementos de la [&hellip;]<\/p>\n","protected":false},"author":4,"featured_media":28842,"comment_status":"closed","ping_status":"open","sticky":false,"template":"","format":"standard","meta":{"give_campaign_id":0,"rs_blank_template":"","rs_page_bg_color":"","slide_template_v7":"","footnotes":""},"categories":[3],"tags":[43,60,63,75,58,39,42,77,80,67],"class_list":["post-28841","post","type-post","status-publish","format-standard","has-post-thumbnail","hentry","category-portada","tag-derechos","tag-derechos-mujeres","tag-equidad-de-genero","tag-feminicidios","tag-gesmujer","tag-igualdad","tag-mujeres","tag-mujeres-indigenas","tag-oaxaca","tag-violencia"],"_links":{"self":[{"href":"https:\/\/www.gesmujer.org\/sitio\/index.php?rest_route=\/wp\/v2\/posts\/28841","targetHints":{"allow":["GET"]}}],"collection":[{"href":"https:\/\/www.gesmujer.org\/sitio\/index.php?rest_route=\/wp\/v2\/posts"}],"about":[{"href":"https:\/\/www.gesmujer.org\/sitio\/index.php?rest_route=\/wp\/v2\/types\/post"}],"author":[{"embeddable":true,"href":"https:\/\/www.gesmujer.org\/sitio\/index.php?rest_route=\/wp\/v2\/users\/4"}],"replies":[{"embeddable":true,"href":"https:\/\/www.gesmujer.org\/sitio\/index.php?rest_route=%2Fwp%2Fv2%2Fcomments&post=28841"}],"version-history":[{"count":1,"href":"https:\/\/www.gesmujer.org\/sitio\/index.php?rest_route=\/wp\/v2\/posts\/28841\/revisions"}],"predecessor-version":[{"id":28843,"href":"https:\/\/www.gesmujer.org\/sitio\/index.php?rest_route=\/wp\/v2\/posts\/28841\/revisions\/28843"}],"wp:featuredmedia":[{"embeddable":true,"href":"https:\/\/www.gesmujer.org\/sitio\/index.php?rest_route=\/wp\/v2\/media\/28842"}],"wp:attachment":[{"href":"https:\/\/www.gesmujer.org\/sitio\/index.php?rest_route=%2Fwp%2Fv2%2Fmedia&parent=28841"}],"wp:term":[{"taxonomy":"category","embeddable":true,"href":"https:\/\/www.gesmujer.org\/sitio\/index.php?rest_route=%2Fwp%2Fv2%2Fcategories&post=28841"},{"taxonomy":"post_tag","embeddable":true,"href":"https:\/\/www.gesmujer.org\/sitio\/index.php?rest_route=%2Fwp%2Fv2%2Ftags&post=28841"}],"curies":[{"name":"wp","href":"https:\/\/api.w.org\/{rel}","templated":true}]}}