{"id":29008,"date":"2023-02-22T13:22:52","date_gmt":"2023-02-22T19:22:52","guid":{"rendered":"https:\/\/www.gesmujer.org\/sitio\/?p=29008"},"modified":"2023-02-22T13:22:56","modified_gmt":"2023-02-22T19:22:56","slug":"doble-feminicidio-asesinan-a-dos-jovenes-hermanas-en-su-domicilio-en-la-ciudad-de-oaxaca","status":"publish","type":"post","link":"https:\/\/www.gesmujer.org\/sitio\/?p=29008","title":{"rendered":"Doble feminicidio: asesinan a dos j\u00f3venes hermanas en su domicilio en la ciudad de Oaxaca"},"content":{"rendered":"\n<p><strong>Martes 21 de Febrero el 2022, Fernando Miranda, El Universal Oaxaca.- <\/strong> Dos j\u00f3venes hermanas de 17 y 19 a\u00f1os fueron asesinadas en la ciudad de\u00a0<strong>Oaxaca\u00a0<\/strong>y su padre, quien est\u00e1 internado en un hospital, est\u00e1 bajo custodia policial por su presunta responsabilidad en este doble\u00a0<strong>feminicidio<\/strong>, inform\u00f3 la Fiscal\u00eda General del Estado de Oaxaca (<strong>FGEO<\/strong>).<\/p>\n\n\n\n<p>Los cuerpos de las dos j\u00f3venes mujeres fueron localizados la ma\u00f1ana de este martes en un domicilio de Santa Rosa Panzacola, agencia municipal de la ciudad de Oaxaca, lo anterior luego de una llamada. Las v\u00edctimas, dos hermanas, fueron identificadas con las iniciales X. G. R., de 17 a\u00f1os, y N. G. R., de 19.&nbsp;<\/p>\n\n\n\n<p>Adem\u00e1s, en el mismo sitio las autoridades localizaron a un hombre quien identificado como su padre y responde a las iniciales\u00a0 M. A. G. D., quien estaba lesionado por lo que fue trasladado a un hospital para su atenci\u00f3n m\u00e9dica, donde permanece internado y bajo custodia, \u201cpor lo que al ser dado de alta ser\u00e1 puesto a disposici\u00f3n de las autoridades correspondientes para determinar su situaci\u00f3n jur\u00eddico\u201d.<\/p>\n\n\n\n<p>De acuerdo con las primeras indagatorias de la fiscal\u00eda, el doble crimen se cometi\u00f3 durante la noche de ayer 20 de febrero, en un domicilio particular del Fraccionamiento Orqu\u00eddeas y tras la denuncia la FGEO inici\u00f3 investigaciones por el delito de feminicidio.&nbsp;<\/p>\n\n\n\n<p>Seg\u00fan la instancia de procuraci\u00f3n de justicia, su personal intervino a trav\u00e9s de la&nbsp;<strong>Fiscal\u00eda Especializada para la Atenci\u00f3n a Delitos Contra la Mujer por Raz\u00f3n de G\u00e9nero<\/strong>, que despleg\u00f3 al Grupo de Investigaci\u00f3n de Feminicidios para atender el caso de manera especializada.<\/p>\n\n\n\n<p>\u201cLa Fiscal\u00eda de Oaxaca investiga los delitos cometidos por raz\u00f3n de g\u00e9nero a trav\u00e9s de equipos especializados, enfocados en atender las particularidades de las v\u00edctimas y as\u00ed dar con quien resulte responsable de estas conductas criminales\u201d, inform\u00f3 en un comunicado.<\/p>\n\n\n\n<p>De acuerdo con datos del seguimiento hemerogr\u00e1fico que realiza el Grupo de Estudios sobre la Mujer \u201cRosario Castellanos\u201d (<strong>GESMujer<\/strong>), desde el inicio del gobierno de&nbsp;<strong>Salom\u00f3n Jara<\/strong>&nbsp;(Morena) el 1 de diciembre pasado y hasta este 20 de febrero en Oaxaca han asesinado a 33 mujeres, mientras que suman 20 en lo que va del a\u00f1o, a dichas v\u00edctimas deben sumarse las dos j\u00f3venes hermanas.&nbsp;<\/p>\n\n\n\n<p>Por regi\u00f3n, los\u00a0<strong>Valles Centrales<\/strong>\u00a0son la que m\u00e1s casos de muertes violentas de mujeres registra con 13 del total del actual gobierno, casi el doble de las siete que registra el Istmo de Tehuantepec, que era considerada como la zona m\u00e1s violenta para ellas en el sexenio de\u00a0<strong>Alejandro Murat<\/strong>\u00a0(PRI).<\/p>\n\n\n\n<p>Fuente: https:\/\/oaxaca.eluniversal.com.mx\/sociedad\/doble-feminicidio-asesinan-dos-jovenes-hermanas-en-su-domicilio-en-la-ciudad-de-oaxaca<\/p>\n","protected":false},"excerpt":{"rendered":"<p>Martes 21 de Febrero el 2022, Fernando Miranda, El Universal Oaxaca.- Dos j\u00f3venes hermanas de 17 y 19 a\u00f1os fueron asesinadas en la ciudad de\u00a0Oaxaca\u00a0y su padre, quien est\u00e1 internado en un hospital, est\u00e1 bajo custodia policial por su presunta responsabilidad en este doble\u00a0feminicidio, inform\u00f3 la Fiscal\u00eda General del Estado de Oaxaca (FGEO). Los cuerpos [&hellip;]<\/p>\n","protected":false},"author":4,"featured_media":29009,"comment_status":"closed","ping_status":"open","sticky":false,"template":"","format":"standard","meta":{"give_campaign_id":0,"rs_blank_template":"","rs_page_bg_color":"","slide_template_v7":"","footnotes":""},"categories":[575,568,91,32,3],"tags":[43,60,63,75,58,39,42,77,80,67],"class_list":["post-29008","post","type-post","status-publish","format-standard","has-post-thumbnail","hentry","category-blog","category-monitoreo","category-notas","category-novedades","category-portada","tag-derechos","tag-derechos-mujeres","tag-equidad-de-genero","tag-feminicidios","tag-gesmujer","tag-igualdad","tag-mujeres","tag-mujeres-indigenas","tag-oaxaca","tag-violencia"],"_links":{"self":[{"href":"https:\/\/www.gesmujer.org\/sitio\/index.php?rest_route=\/wp\/v2\/posts\/29008","targetHints":{"allow":["GET"]}}],"collection":[{"href":"https:\/\/www.gesmujer.org\/sitio\/index.php?rest_route=\/wp\/v2\/posts"}],"about":[{"href":"https:\/\/www.gesmujer.org\/sitio\/index.php?rest_route=\/wp\/v2\/types\/post"}],"author":[{"embeddable":true,"href":"https:\/\/www.gesmujer.org\/sitio\/index.php?rest_route=\/wp\/v2\/users\/4"}],"replies":[{"embeddable":true,"href":"https:\/\/www.gesmujer.org\/sitio\/index.php?rest_route=%2Fwp%2Fv2%2Fcomments&post=29008"}],"version-history":[{"count":1,"href":"https:\/\/www.gesmujer.org\/sitio\/index.php?rest_route=\/wp\/v2\/posts\/29008\/revisions"}],"predecessor-version":[{"id":29010,"href":"https:\/\/www.gesmujer.org\/sitio\/index.php?rest_route=\/wp\/v2\/posts\/29008\/revisions\/29010"}],"wp:featuredmedia":[{"embeddable":true,"href":"https:\/\/www.gesmujer.org\/sitio\/index.php?rest_route=\/wp\/v2\/media\/29009"}],"wp:attachment":[{"href":"https:\/\/www.gesmujer.org\/sitio\/index.php?rest_route=%2Fwp%2Fv2%2Fmedia&parent=29008"}],"wp:term":[{"taxonomy":"category","embeddable":true,"href":"https:\/\/www.gesmujer.org\/sitio\/index.php?rest_route=%2Fwp%2Fv2%2Fcategories&post=29008"},{"taxonomy":"post_tag","embeddable":true,"href":"https:\/\/www.gesmujer.org\/sitio\/index.php?rest_route=%2Fwp%2Fv2%2Ftags&post=29008"}],"curies":[{"name":"wp","href":"https:\/\/api.w.org\/{rel}","templated":true}]}}