{"id":29258,"date":"2023-03-11T11:09:08","date_gmt":"2023-03-11T17:09:08","guid":{"rendered":"https:\/\/www.gesmujer.org\/sitio\/?p=29258"},"modified":"2023-03-11T11:09:12","modified_gmt":"2023-03-11T17:09:12","slug":"oaxaca-feminicida-715-muertas-de-alejandro-murat-41-de-salomon-jara","status":"publish","type":"post","link":"https:\/\/www.gesmujer.org\/sitio\/oaxaca-feminicida-715-muertas-de-alejandro-murat-41-de-salomon-jara\/","title":{"rendered":"Oaxaca feminicida: 715 muertas de Alejandro Murat; 41 de Salom\u00f3n Jara"},"content":{"rendered":"\n<p><strong>Mi\u00e9rcoles 08 de Marzo del 2013, Pablo Hern\u00e1ndez, Quadrat\u00edn Oaxaca.-  <\/strong>Que Oaxaca ocupe el primer lugar en violencia feminicida \u201ces una verg\u00fcenza\u201d, consider\u00f3 Ang\u00e9lica Ayala Ortiz, presidenta de GES Mujer, una organizaci\u00f3n dedicada al combate de la violencia feminicida en Oaxaca.<\/p>\n\n\n\n<p>Dijo que cada vez m\u00e1s mujeres demandan justicia en las calles.<\/p>\n\n\n\n<p>Lament\u00f3 que no han implementado pol\u00edticas p\u00fablicas que reduzcan en Oaxaca los niveles de violencia y pidi\u00f3 a todas las instancias realmente aplicar acciones para disminuir la violencia.<\/p>\n\n\n\n<p>Oaxaca es el estado con mayor violencia feminicida. En el sexenio de Alejandro Murat, hubo 715 mujeres asesinadas y en lo que va del sexenio de Salom\u00f3n Jara, 41.<\/p>\n\n\n\n<p>La tendencia es a la alza y la mayor\u00eda de los casos, dijo Ang\u00e9lica Ayala, tienen como principal caracter\u00edstica la impunidad.<\/p>\n\n\n\n<p>Este mi\u00e9rcoles salieron a la calle diversos colectivos y durante la tarde est\u00e1n programadas otras marchas m\u00e1s.<\/p>\n\n\n\n<p>Desde ni\u00f1os y ni\u00f1as, hasta agrupaciones que instalaron una huelga de hambre frente al Palacio de Gobierno en Oaxaca, pidieron al Estado que sea responsable en la reducci\u00f3n de la violencia.<\/p>\n\n\n\n<p>Los negocios en el centro hist\u00f3rico y tambi\u00e9n el palacio de Gobierno instal\u00f3 vallas y resguard\u00f3 los inmuebles que algunos grupos ocupan para pintar y manifestarse.<\/p>\n\n\n\n<p>Sin embargo, la mayor\u00eda de quienes realizan las protestas lo hacen de manera pac\u00edfica y con la \u00fanica intenci\u00f3n de pedir justicia.<\/p>\n\n\n\n<p>Fuente: https:\/\/oaxaca.quadratin.com.mx\/oaxaca-feminicida-715-muertas-de-alejandro-murat-41-de-salomon-jara\/<\/p>\n","protected":false},"excerpt":{"rendered":"<p>Mi\u00e9rcoles 08 de Marzo del 2013, Pablo Hern\u00e1ndez, Quadrat\u00edn Oaxaca.- Que Oaxaca ocupe el primer lugar en violencia feminicida \u201ces una verg\u00fcenza\u201d, consider\u00f3 Ang\u00e9lica Ayala Ortiz, presidenta de GES Mujer, una organizaci\u00f3n dedicada al combate de la violencia feminicida en Oaxaca. Dijo que cada vez m\u00e1s mujeres demandan justicia en las calles. Lament\u00f3 que no [&hellip;]<\/p>\n","protected":false},"author":4,"featured_media":29259,"comment_status":"closed","ping_status":"open","sticky":false,"template":"","format":"standard","meta":{"give_campaign_id":0,"footnotes":""},"categories":[575,568,91,32,3],"tags":[43,60,63,75,58,39,42,77,80,67],"class_list":["post-29258","post","type-post","status-publish","format-standard","has-post-thumbnail","hentry","category-blog","category-monitoreo","category-notas","category-novedades","category-portada","tag-derechos","tag-derechos-mujeres","tag-equidad-de-genero","tag-feminicidios","tag-gesmujer","tag-igualdad","tag-mujeres","tag-mujeres-indigenas","tag-oaxaca","tag-violencia"],"yoast_head":"<!-- This site is optimized with the Yoast SEO plugin v27.4 - https:\/\/yoast.com\/product\/yoast-seo-wordpress\/ -->\n<title>Oaxaca feminicida: 715 muertas de Alejandro Murat; 41 de Salom\u00f3n Jara - GESMujer &quot;Rosario Castellanos&quot;<\/title>\n<meta name=\"robots\" content=\"index, follow, max-snippet:-1, max-image-preview:large, max-video-preview:-1\" \/>\n<link rel=\"canonical\" href=\"https:\/\/www.gesmujer.org\/sitio\/oaxaca-feminicida-715-muertas-de-alejandro-murat-41-de-salomon-jara\/\" \/>\n<meta property=\"og:locale\" content=\"es_MX\" \/>\n<meta property=\"og:type\" content=\"article\" \/>\n<meta property=\"og:title\" content=\"Oaxaca feminicida: 715 muertas de Alejandro Murat; 41 de Salom\u00f3n Jara - GESMujer &quot;Rosario Castellanos&quot;\" \/>\n<meta property=\"og:description\" content=\"Mi\u00e9rcoles 08 de Marzo del 2013, Pablo Hern\u00e1ndez, Quadrat\u00edn Oaxaca.- Que Oaxaca ocupe el primer lugar en violencia feminicida \u201ces una verg\u00fcenza\u201d, consider\u00f3 Ang\u00e9lica Ayala Ortiz, presidenta de GES Mujer, una organizaci\u00f3n dedicada al combate de la violencia feminicida en Oaxaca. Dijo que cada vez m\u00e1s mujeres demandan justicia en las calles. Lament\u00f3 que no [&hellip;]\" \/>\n<meta property=\"og:url\" content=\"https:\/\/www.gesmujer.org\/sitio\/oaxaca-feminicida-715-muertas-de-alejandro-murat-41-de-salomon-jara\/\" \/>\n<meta property=\"og:site_name\" content=\"GESMujer &quot;Rosario Castellanos&quot;\" \/>\n<meta property=\"article:publisher\" content=\"https:\/\/www.facebook.com\/gesmujer.rosario.castellanos.ac\" \/>\n<meta property=\"article:published_time\" content=\"2023-03-11T17:09:08+00:00\" \/>\n<meta property=\"article:modified_time\" content=\"2023-03-11T17:09:12+00:00\" \/>\n<meta property=\"og:image\" content=\"https:\/\/www.gesmujer.org\/sitio\/wp-content\/uploads\/2023\/03\/feminicida3.jpg\" \/>\n\t<meta property=\"og:image:width\" content=\"1200\" \/>\n\t<meta property=\"og:image:height\" content=\"675\" \/>\n\t<meta property=\"og:image:type\" content=\"image\/jpeg\" \/>\n<meta name=\"author\" content=\"cendoc\" \/>\n<meta name=\"twitter:card\" content=\"summary_large_image\" \/>\n<meta name=\"twitter:creator\" content=\"@GES_Mujer\" \/>\n<meta name=\"twitter:site\" content=\"@GES_Mujer\" \/>\n<meta name=\"twitter:label1\" content=\"Escrito por\" \/>\n\t<meta name=\"twitter:data1\" content=\"cendoc\" \/>\n\t<meta name=\"twitter:label2\" content=\"Tiempo de lectura\" \/>\n\t<meta name=\"twitter:data2\" content=\"1 minuto\" \/>\n<script type=\"application\/ld+json\" class=\"yoast-schema-graph\">{\"@context\":\"https:\\\/\\\/schema.org\",\"@graph\":[{\"@type\":\"Article\",\"@id\":\"https:\\\/\\\/www.gesmujer.org\\\/sitio\\\/oaxaca-feminicida-715-muertas-de-alejandro-murat-41-de-salomon-jara\\\/#article\",\"isPartOf\":{\"@id\":\"https:\\\/\\\/www.gesmujer.org\\\/sitio\\\/oaxaca-feminicida-715-muertas-de-alejandro-murat-41-de-salomon-jara\\\/\"},\"author\":{\"name\":\"cendoc\",\"@id\":\"https:\\\/\\\/www.gesmujer.org\\\/sitio\\\/#\\\/schema\\\/person\\\/50e03387f883646c2714c51783a7e288\"},\"headline\":\"Oaxaca feminicida: 715 muertas de Alejandro Murat; 41 de Salom\u00f3n Jara\",\"datePublished\":\"2023-03-11T17:09:08+00:00\",\"dateModified\":\"2023-03-11T17:09:12+00:00\",\"mainEntityOfPage\":{\"@id\":\"https:\\\/\\\/www.gesmujer.org\\\/sitio\\\/oaxaca-feminicida-715-muertas-de-alejandro-murat-41-de-salomon-jara\\\/\"},\"wordCount\":266,\"publisher\":{\"@id\":\"https:\\\/\\\/www.gesmujer.org\\\/sitio\\\/#organization\"},\"image\":{\"@id\":\"https:\\\/\\\/www.gesmujer.org\\\/sitio\\\/oaxaca-feminicida-715-muertas-de-alejandro-murat-41-de-salomon-jara\\\/#primaryimage\"},\"thumbnailUrl\":\"https:\\\/\\\/www.gesmujer.org\\\/sitio\\\/wp-content\\\/uploads\\\/2023\\\/03\\\/feminicida3.jpg\",\"keywords\":[\"derechos\",\"Derechos Mujeres\",\"Equidad de g\u00e9nero\",\"Feminicidios\",\"GESMujer\",\"igualdad\",\"mujeres\",\"Mujeres Ind\u00edgenas\",\"Oaxaca\",\"Violencia\"],\"articleSection\":[\"Blog\",\"MONITOREO\",\"NOTAS\",\"NOTICIAS\",\"portada\"],\"inLanguage\":\"es\"},{\"@type\":\"WebPage\",\"@id\":\"https:\\\/\\\/www.gesmujer.org\\\/sitio\\\/oaxaca-feminicida-715-muertas-de-alejandro-murat-41-de-salomon-jara\\\/\",\"url\":\"https:\\\/\\\/www.gesmujer.org\\\/sitio\\\/oaxaca-feminicida-715-muertas-de-alejandro-murat-41-de-salomon-jara\\\/\",\"name\":\"Oaxaca feminicida: 715 muertas de Alejandro Murat; 41 de Salom\u00f3n Jara - GESMujer &quot;Rosario Castellanos&quot;\",\"isPartOf\":{\"@id\":\"https:\\\/\\\/www.gesmujer.org\\\/sitio\\\/#website\"},\"primaryImageOfPage\":{\"@id\":\"https:\\\/\\\/www.gesmujer.org\\\/sitio\\\/oaxaca-feminicida-715-muertas-de-alejandro-murat-41-de-salomon-jara\\\/#primaryimage\"},\"image\":{\"@id\":\"https:\\\/\\\/www.gesmujer.org\\\/sitio\\\/oaxaca-feminicida-715-muertas-de-alejandro-murat-41-de-salomon-jara\\\/#primaryimage\"},\"thumbnailUrl\":\"https:\\\/\\\/www.gesmujer.org\\\/sitio\\\/wp-content\\\/uploads\\\/2023\\\/03\\\/feminicida3.jpg\",\"datePublished\":\"2023-03-11T17:09:08+00:00\",\"dateModified\":\"2023-03-11T17:09:12+00:00\",\"breadcrumb\":{\"@id\":\"https:\\\/\\\/www.gesmujer.org\\\/sitio\\\/oaxaca-feminicida-715-muertas-de-alejandro-murat-41-de-salomon-jara\\\/#breadcrumb\"},\"inLanguage\":\"es\",\"potentialAction\":[{\"@type\":\"ReadAction\",\"target\":[\"https:\\\/\\\/www.gesmujer.org\\\/sitio\\\/oaxaca-feminicida-715-muertas-de-alejandro-murat-41-de-salomon-jara\\\/\"]}]},{\"@type\":\"ImageObject\",\"inLanguage\":\"es\",\"@id\":\"https:\\\/\\\/www.gesmujer.org\\\/sitio\\\/oaxaca-feminicida-715-muertas-de-alejandro-murat-41-de-salomon-jara\\\/#primaryimage\",\"url\":\"https:\\\/\\\/www.gesmujer.org\\\/sitio\\\/wp-content\\\/uploads\\\/2023\\\/03\\\/feminicida3.jpg\",\"contentUrl\":\"https:\\\/\\\/www.gesmujer.org\\\/sitio\\\/wp-content\\\/uploads\\\/2023\\\/03\\\/feminicida3.jpg\",\"width\":1200,\"height\":675},{\"@type\":\"BreadcrumbList\",\"@id\":\"https:\\\/\\\/www.gesmujer.org\\\/sitio\\\/oaxaca-feminicida-715-muertas-de-alejandro-murat-41-de-salomon-jara\\\/#breadcrumb\",\"itemListElement\":[{\"@type\":\"ListItem\",\"position\":1,\"name\":\"Home\",\"item\":\"https:\\\/\\\/www.gesmujer.org\\\/sitio\\\/\"},{\"@type\":\"ListItem\",\"position\":2,\"name\":\"Oaxaca feminicida: 715 muertas de Alejandro Murat; 41 de Salom\u00f3n Jara\"}]},{\"@type\":\"WebSite\",\"@id\":\"https:\\\/\\\/www.gesmujer.org\\\/sitio\\\/#website\",\"url\":\"https:\\\/\\\/www.gesmujer.org\\\/sitio\\\/\",\"name\":\"GESMujer \\\"Rosario Castellanos\\\"\",\"description\":\"M\u00e1s de 45 a\u00f1os ha llevado a cabo acciones para erradicar la violencia de g\u00e9nero y construir entornos donde las mujeres encuentren su resiliencia, incrementen su agencia y autonom\u00eda que les permita lograr su empoderamiento a trav\u00e9s de cinco l\u00edneas de acci\u00f3n.\",\"publisher\":{\"@id\":\"https:\\\/\\\/www.gesmujer.org\\\/sitio\\\/#organization\"},\"alternateName\":\"GESMujer\",\"potentialAction\":[{\"@type\":\"SearchAction\",\"target\":{\"@type\":\"EntryPoint\",\"urlTemplate\":\"https:\\\/\\\/www.gesmujer.org\\\/sitio\\\/?s={search_term_string}\"},\"query-input\":{\"@type\":\"PropertyValueSpecification\",\"valueRequired\":true,\"valueName\":\"search_term_string\"}}],\"inLanguage\":\"es\"},{\"@type\":\"Organization\",\"@id\":\"https:\\\/\\\/www.gesmujer.org\\\/sitio\\\/#organization\",\"name\":\"Grupo de estudios sobre la mujer Rosario Castellanos ac\",\"alternateName\":\"GESMujer\",\"url\":\"https:\\\/\\\/www.gesmujer.org\\\/sitio\\\/\",\"logo\":{\"@type\":\"ImageObject\",\"inLanguage\":\"es\",\"@id\":\"https:\\\/\\\/www.gesmujer.org\\\/sitio\\\/#\\\/schema\\\/logo\\\/image\\\/\",\"url\":\"https:\\\/\\\/www.gesmujer.org\\\/sitio\\\/wp-content\\\/uploads\\\/2026\\\/03\\\/Logo-GESMujer-300.png\",\"contentUrl\":\"https:\\\/\\\/www.gesmujer.org\\\/sitio\\\/wp-content\\\/uploads\\\/2026\\\/03\\\/Logo-GESMujer-300.png\",\"width\":300,\"height\":141,\"caption\":\"Grupo de estudios sobre la mujer Rosario Castellanos ac\"},\"image\":{\"@id\":\"https:\\\/\\\/www.gesmujer.org\\\/sitio\\\/#\\\/schema\\\/logo\\\/image\\\/\"},\"sameAs\":[\"https:\\\/\\\/www.facebook.com\\\/gesmujer.rosario.castellanos.ac\",\"https:\\\/\\\/x.com\\\/GES_Mujer\",\"https:\\\/\\\/www.instagram.com\\\/ges_mujer\\\/?hl=es\",\"https:\\\/\\\/www.youtube.com\\\/c\\\/GESMujerRosarioCastellanos\\\/videos\",\"https:\\\/\\\/soundcloud.com\\\/gesmujerac\",\"https:\\\/\\\/www.tiktok.com\\\/@gesmujer\"]},{\"@type\":\"Person\",\"@id\":\"https:\\\/\\\/www.gesmujer.org\\\/sitio\\\/#\\\/schema\\\/person\\\/50e03387f883646c2714c51783a7e288\",\"name\":\"cendoc\",\"image\":{\"@type\":\"ImageObject\",\"inLanguage\":\"es\",\"@id\":\"https:\\\/\\\/secure.gravatar.com\\\/avatar\\\/2f187338ccb33c33bc1b08e92e2247a6891db221398e12bbc0f5ff0cfc462495?s=96&d=mm&r=g\",\"url\":\"https:\\\/\\\/secure.gravatar.com\\\/avatar\\\/2f187338ccb33c33bc1b08e92e2247a6891db221398e12bbc0f5ff0cfc462495?s=96&d=mm&r=g\",\"contentUrl\":\"https:\\\/\\\/secure.gravatar.com\\\/avatar\\\/2f187338ccb33c33bc1b08e92e2247a6891db221398e12bbc0f5ff0cfc462495?s=96&d=mm&r=g\",\"caption\":\"cendoc\"},\"sameAs\":[\"http:\\\/\\\/gesmujer.org\"],\"url\":\"https:\\\/\\\/www.gesmujer.org\\\/sitio\\\/author\\\/cendoc\\\/\"}]}<\/script>\n<!-- \/ Yoast SEO plugin. -->","yoast_head_json":{"title":"Oaxaca feminicida: 715 muertas de Alejandro Murat; 41 de Salom\u00f3n Jara - GESMujer &quot;Rosario Castellanos&quot;","robots":{"index":"index","follow":"follow","max-snippet":"max-snippet:-1","max-image-preview":"max-image-preview:large","max-video-preview":"max-video-preview:-1"},"canonical":"https:\/\/www.gesmujer.org\/sitio\/oaxaca-feminicida-715-muertas-de-alejandro-murat-41-de-salomon-jara\/","og_locale":"es_MX","og_type":"article","og_title":"Oaxaca feminicida: 715 muertas de Alejandro Murat; 41 de Salom\u00f3n Jara - GESMujer &quot;Rosario Castellanos&quot;","og_description":"Mi\u00e9rcoles 08 de Marzo del 2013, Pablo Hern\u00e1ndez, Quadrat\u00edn Oaxaca.- Que Oaxaca ocupe el primer lugar en violencia feminicida \u201ces una verg\u00fcenza\u201d, consider\u00f3 Ang\u00e9lica Ayala Ortiz, presidenta de GES Mujer, una organizaci\u00f3n dedicada al combate de la violencia feminicida en Oaxaca. Dijo que cada vez m\u00e1s mujeres demandan justicia en las calles. Lament\u00f3 que no [&hellip;]","og_url":"https:\/\/www.gesmujer.org\/sitio\/oaxaca-feminicida-715-muertas-de-alejandro-murat-41-de-salomon-jara\/","og_site_name":"GESMujer &quot;Rosario Castellanos&quot;","article_publisher":"https:\/\/www.facebook.com\/gesmujer.rosario.castellanos.ac","article_published_time":"2023-03-11T17:09:08+00:00","article_modified_time":"2023-03-11T17:09:12+00:00","og_image":[{"width":1200,"height":675,"url":"https:\/\/www.gesmujer.org\/sitio\/wp-content\/uploads\/2023\/03\/feminicida3.jpg","type":"image\/jpeg"}],"author":"cendoc","twitter_card":"summary_large_image","twitter_creator":"@GES_Mujer","twitter_site":"@GES_Mujer","twitter_misc":{"Escrito por":"cendoc","Tiempo de lectura":"1 minuto"},"schema":{"@context":"https:\/\/schema.org","@graph":[{"@type":"Article","@id":"https:\/\/www.gesmujer.org\/sitio\/oaxaca-feminicida-715-muertas-de-alejandro-murat-41-de-salomon-jara\/#article","isPartOf":{"@id":"https:\/\/www.gesmujer.org\/sitio\/oaxaca-feminicida-715-muertas-de-alejandro-murat-41-de-salomon-jara\/"},"author":{"name":"cendoc","@id":"https:\/\/www.gesmujer.org\/sitio\/#\/schema\/person\/50e03387f883646c2714c51783a7e288"},"headline":"Oaxaca feminicida: 715 muertas de Alejandro Murat; 41 de Salom\u00f3n Jara","datePublished":"2023-03-11T17:09:08+00:00","dateModified":"2023-03-11T17:09:12+00:00","mainEntityOfPage":{"@id":"https:\/\/www.gesmujer.org\/sitio\/oaxaca-feminicida-715-muertas-de-alejandro-murat-41-de-salomon-jara\/"},"wordCount":266,"publisher":{"@id":"https:\/\/www.gesmujer.org\/sitio\/#organization"},"image":{"@id":"https:\/\/www.gesmujer.org\/sitio\/oaxaca-feminicida-715-muertas-de-alejandro-murat-41-de-salomon-jara\/#primaryimage"},"thumbnailUrl":"https:\/\/www.gesmujer.org\/sitio\/wp-content\/uploads\/2023\/03\/feminicida3.jpg","keywords":["derechos","Derechos Mujeres","Equidad de g\u00e9nero","Feminicidios","GESMujer","igualdad","mujeres","Mujeres Ind\u00edgenas","Oaxaca","Violencia"],"articleSection":["Blog","MONITOREO","NOTAS","NOTICIAS","portada"],"inLanguage":"es"},{"@type":"WebPage","@id":"https:\/\/www.gesmujer.org\/sitio\/oaxaca-feminicida-715-muertas-de-alejandro-murat-41-de-salomon-jara\/","url":"https:\/\/www.gesmujer.org\/sitio\/oaxaca-feminicida-715-muertas-de-alejandro-murat-41-de-salomon-jara\/","name":"Oaxaca feminicida: 715 muertas de Alejandro Murat; 41 de Salom\u00f3n Jara - GESMujer &quot;Rosario Castellanos&quot;","isPartOf":{"@id":"https:\/\/www.gesmujer.org\/sitio\/#website"},"primaryImageOfPage":{"@id":"https:\/\/www.gesmujer.org\/sitio\/oaxaca-feminicida-715-muertas-de-alejandro-murat-41-de-salomon-jara\/#primaryimage"},"image":{"@id":"https:\/\/www.gesmujer.org\/sitio\/oaxaca-feminicida-715-muertas-de-alejandro-murat-41-de-salomon-jara\/#primaryimage"},"thumbnailUrl":"https:\/\/www.gesmujer.org\/sitio\/wp-content\/uploads\/2023\/03\/feminicida3.jpg","datePublished":"2023-03-11T17:09:08+00:00","dateModified":"2023-03-11T17:09:12+00:00","breadcrumb":{"@id":"https:\/\/www.gesmujer.org\/sitio\/oaxaca-feminicida-715-muertas-de-alejandro-murat-41-de-salomon-jara\/#breadcrumb"},"inLanguage":"es","potentialAction":[{"@type":"ReadAction","target":["https:\/\/www.gesmujer.org\/sitio\/oaxaca-feminicida-715-muertas-de-alejandro-murat-41-de-salomon-jara\/"]}]},{"@type":"ImageObject","inLanguage":"es","@id":"https:\/\/www.gesmujer.org\/sitio\/oaxaca-feminicida-715-muertas-de-alejandro-murat-41-de-salomon-jara\/#primaryimage","url":"https:\/\/www.gesmujer.org\/sitio\/wp-content\/uploads\/2023\/03\/feminicida3.jpg","contentUrl":"https:\/\/www.gesmujer.org\/sitio\/wp-content\/uploads\/2023\/03\/feminicida3.jpg","width":1200,"height":675},{"@type":"BreadcrumbList","@id":"https:\/\/www.gesmujer.org\/sitio\/oaxaca-feminicida-715-muertas-de-alejandro-murat-41-de-salomon-jara\/#breadcrumb","itemListElement":[{"@type":"ListItem","position":1,"name":"Home","item":"https:\/\/www.gesmujer.org\/sitio\/"},{"@type":"ListItem","position":2,"name":"Oaxaca feminicida: 715 muertas de Alejandro Murat; 41 de Salom\u00f3n Jara"}]},{"@type":"WebSite","@id":"https:\/\/www.gesmujer.org\/sitio\/#website","url":"https:\/\/www.gesmujer.org\/sitio\/","name":"GESMujer \"Rosario Castellanos\"","description":"M\u00e1s de 45 a\u00f1os ha llevado a cabo acciones para erradicar la violencia de g\u00e9nero y construir entornos donde las mujeres encuentren su resiliencia, incrementen su agencia y autonom\u00eda que les permita lograr su empoderamiento a trav\u00e9s de cinco l\u00edneas de acci\u00f3n.","publisher":{"@id":"https:\/\/www.gesmujer.org\/sitio\/#organization"},"alternateName":"GESMujer","potentialAction":[{"@type":"SearchAction","target":{"@type":"EntryPoint","urlTemplate":"https:\/\/www.gesmujer.org\/sitio\/?s={search_term_string}"},"query-input":{"@type":"PropertyValueSpecification","valueRequired":true,"valueName":"search_term_string"}}],"inLanguage":"es"},{"@type":"Organization","@id":"https:\/\/www.gesmujer.org\/sitio\/#organization","name":"Grupo de estudios sobre la mujer Rosario Castellanos ac","alternateName":"GESMujer","url":"https:\/\/www.gesmujer.org\/sitio\/","logo":{"@type":"ImageObject","inLanguage":"es","@id":"https:\/\/www.gesmujer.org\/sitio\/#\/schema\/logo\/image\/","url":"https:\/\/www.gesmujer.org\/sitio\/wp-content\/uploads\/2026\/03\/Logo-GESMujer-300.png","contentUrl":"https:\/\/www.gesmujer.org\/sitio\/wp-content\/uploads\/2026\/03\/Logo-GESMujer-300.png","width":300,"height":141,"caption":"Grupo de estudios sobre la mujer Rosario Castellanos ac"},"image":{"@id":"https:\/\/www.gesmujer.org\/sitio\/#\/schema\/logo\/image\/"},"sameAs":["https:\/\/www.facebook.com\/gesmujer.rosario.castellanos.ac","https:\/\/x.com\/GES_Mujer","https:\/\/www.instagram.com\/ges_mujer\/?hl=es","https:\/\/www.youtube.com\/c\/GESMujerRosarioCastellanos\/videos","https:\/\/soundcloud.com\/gesmujerac","https:\/\/www.tiktok.com\/@gesmujer"]},{"@type":"Person","@id":"https:\/\/www.gesmujer.org\/sitio\/#\/schema\/person\/50e03387f883646c2714c51783a7e288","name":"cendoc","image":{"@type":"ImageObject","inLanguage":"es","@id":"https:\/\/secure.gravatar.com\/avatar\/2f187338ccb33c33bc1b08e92e2247a6891db221398e12bbc0f5ff0cfc462495?s=96&d=mm&r=g","url":"https:\/\/secure.gravatar.com\/avatar\/2f187338ccb33c33bc1b08e92e2247a6891db221398e12bbc0f5ff0cfc462495?s=96&d=mm&r=g","contentUrl":"https:\/\/secure.gravatar.com\/avatar\/2f187338ccb33c33bc1b08e92e2247a6891db221398e12bbc0f5ff0cfc462495?s=96&d=mm&r=g","caption":"cendoc"},"sameAs":["http:\/\/gesmujer.org"],"url":"https:\/\/www.gesmujer.org\/sitio\/author\/cendoc\/"}]}},"_links":{"self":[{"href":"https:\/\/www.gesmujer.org\/sitio\/wp-json\/wp\/v2\/posts\/29258","targetHints":{"allow":["GET"]}}],"collection":[{"href":"https:\/\/www.gesmujer.org\/sitio\/wp-json\/wp\/v2\/posts"}],"about":[{"href":"https:\/\/www.gesmujer.org\/sitio\/wp-json\/wp\/v2\/types\/post"}],"author":[{"embeddable":true,"href":"https:\/\/www.gesmujer.org\/sitio\/wp-json\/wp\/v2\/users\/4"}],"replies":[{"embeddable":true,"href":"https:\/\/www.gesmujer.org\/sitio\/wp-json\/wp\/v2\/comments?post=29258"}],"version-history":[{"count":1,"href":"https:\/\/www.gesmujer.org\/sitio\/wp-json\/wp\/v2\/posts\/29258\/revisions"}],"predecessor-version":[{"id":29260,"href":"https:\/\/www.gesmujer.org\/sitio\/wp-json\/wp\/v2\/posts\/29258\/revisions\/29260"}],"wp:featuredmedia":[{"embeddable":true,"href":"https:\/\/www.gesmujer.org\/sitio\/wp-json\/wp\/v2\/media\/29259"}],"wp:attachment":[{"href":"https:\/\/www.gesmujer.org\/sitio\/wp-json\/wp\/v2\/media?parent=29258"}],"wp:term":[{"taxonomy":"category","embeddable":true,"href":"https:\/\/www.gesmujer.org\/sitio\/wp-json\/wp\/v2\/categories?post=29258"},{"taxonomy":"post_tag","embeddable":true,"href":"https:\/\/www.gesmujer.org\/sitio\/wp-json\/wp\/v2\/tags?post=29258"}],"curies":[{"name":"wp","href":"https:\/\/api.w.org\/{rel}","templated":true}]}}