{"id":30470,"date":"2023-06-08T14:17:02","date_gmt":"2023-06-08T20:17:02","guid":{"rendered":"https:\/\/www.gesmujer.org\/sitio\/?p=30470"},"modified":"2024-03-12T12:13:42","modified_gmt":"2024-03-12T18:13:42","slug":"organizaciones-y-colectivas-en-oaxaca-y-estados-despenalizadosvisibilizan-los-retos-para-acceder-al-aborto","status":"publish","type":"post","link":"https:\/\/www.gesmujer.org\/sitio\/?p=30470","title":{"rendered":"Organizaciones y colectivas en Oaxaca y estados despenalizados,visibilizan los retos para acceder al aborto."},"content":{"rendered":"\n<p class=\"has-black-color has-text-color\">Pronunciamiento | Actualmente, 11 estados han despenalizado parcialmente el aborto; sin embargo, una constante ha sido que las mujeres y personas con capacidad de gestar se encuentran con diversas barreras cuando solicitan un aborto en los servicios p\u00fablicos. <\/p>\n\n\n\n<!--more-->\n\n\n\n<p class=\"has-black-color has-text-color\">De acuerdo con datos p\u00fablicos de la<a href=\"https:\/\/www.gob.mx\/salud\"> Secretar\u00eda de Salud<\/a>, en CDMX 260 mil 836 mujeres han accedido a un aborto seguro de abril 2007, cuando se despenaliz\u00f3, al 31 marzo de este a\u00f1o. En el resto de los estados despenalizados, de acuerdo con datos obtenidos mediante solicitudes de acceso a la informaci\u00f3n, el n\u00famero de personas que han accedido a un aborto, desde la fecha de despenalizaci\u00f3n hasta el 31 de enero de 2023, es el siguiente: <\/p>\n\n\n\n<p class=\"has-text-align-left has-black-color has-text-color\"><strong>Oaxaca: 543; Hidalgo: 1,198; Veracruz: 369; Baja California: 362; Colima: 281; Sinaloa: 384; Guerrero: 1,426; Baja California Sur: 140; Coahuila: 927; Quintana Roo: 7.<\/strong><\/p>\n\n\n\n<p class=\"has-text-align-left has-black-color has-text-color\">En estas entidades, las barreras para acceder al aborto se relacionan con la prestaci\u00f3n del servicio, la informaci\u00f3n disponible, la escasez de medicamentos, y la falta de presupuesto para ejecutar los programas. <\/p>\n\n\n\n<p class=\"has-text-align-left has-black-color has-text-color\">En Oaxaca, el 25 de septiembre de 2019 vivimos un momento hist\u00f3rico, al convertirnos en la segunda entidad en despenalizar el aborto por libre decisi\u00f3n,hasta las 12.6 semanas de gestaci\u00f3n, lo cual nos implica el compromiso de acompa\u00f1ar las decisiones reproductivas que competen s\u00f3lo a las mujeres y personas con capacidad de gestar.<\/p>\n\n\n\n<p class=\"has-text-align-left has-black-color has-text-color\">En este sentido, las organizaciones integrantes del Frente por los Derechos Sexuales y Reproductivos, nos pronunciamos ante las siguientes barreras que hemos identificado en nuestro quehacer como acompa\u00f1antes a mujeres y personas gestantes que desean acceder a un aborto legal, voluntario y seguro:<\/p>\n\n\n\n<ul class=\"wp-block-list\">\n<li><mark style=\"background-color:rgba(0, 0, 0, 0)\" class=\"has-inline-color has-black-color\">Falta un presupuesto suficiente, lo cual conlleva desabasto de medicamentos (misoprostol y mifepristona), necesarios para acceder a un procedimiento de aborto no invasivo y con los est\u00e1ndares internacionales recomendados por la Organizaci\u00f3n Mundial de la Salud. Respetuosamente, llamamos al Congreso del Estado, para que garantice una partida presupuestal suficiente y etiquetada para este tema.<\/mark><\/li>\n\n\n\n<li><mark style=\"background-color:rgba(0, 0, 0, 0)\" class=\"has-inline-color has-black-color\">Servicios centralizados en la regi\u00f3n de Valles centrales, limitando a las usuarias de otras regiones el ejercicio del derecho al aborto legal, voluntario y seguro. Es urgente la ampliaci\u00f3n de los mismos, para llegar a las diversas regiones y municipios del interior del estado, acciones que deben ir acompa\u00f1adas de informaci\u00f3n basada en evidencia cient\u00edfica y adecuada a contexto. En nuestro estado esta es una situaci\u00f3n que debe atenderse de manera particular, derivado de las caracter\u00edsticas propias del mismo: las distancias alejadas, la pluriculturalidad, la diversidad que nos enriquece pero que se transforma tambi\u00e9n en retos.<\/mark><\/li>\n\n\n\n<li><mark style=\"background-color:rgba(0, 0, 0, 0)\" class=\"has-inline-color has-black-color\">Tambi\u00e9n hace falta un trabajo importante de sensibilizaci\u00f3n hacia la poblaci\u00f3n en general, por parte de diversas instancias, como la Secretar\u00eda de las Mujeres, para disminuir el estigma social que a\u00fan impera en torno al tema, aunado a lo cual es necesario un trabajo al interior de las instituciones de salud, para que el personal que brinda atenci\u00f3n m\u00e9dica e informaci\u00f3n, lo haga dejando de lado prejuicios y tab\u00faes, puntualizando que la objeci\u00f3n de conciencia es un derecho personal, m\u00e1s no institucional. No puede negarse un servicio o informaci\u00f3n bajo ese argumento, pues el derecho a la autonom\u00eda de las mujeres debe ser garantizado.<\/mark><\/li>\n\n\n\n<li><mark style=\"background-color:rgba(0, 0, 0, 0)\" class=\"has-inline-color has-black-color\">Resaltamos tambi\u00e9n que los datos sobre aborto no se presentan de manera proactiva. Para obtenerlos es necesario realizar solicitudes de acceso a la informaci\u00f3n. CDMX es la \u00fanica entidad, de las 11 despenalizadas, que cuenta con informaci\u00f3n p\u00fablica. Por ello hacemos un llamado para garantizar tambi\u00e9n el acceso a la informaci\u00f3n en la materia.<\/mark> <\/li>\n<\/ul>\n\n\n\n<p class=\"has-black-color has-text-color\"><br>Aplaudimos el trabajo de m\u00e9dicas y m\u00e9dicos aliados con quienes hemos tejido alianzas; por ello, desde el Frente por los Derechos Sexuales y Reproductivos, coalici\u00f3n de diversas organizaciones que hoy nos pronunciamos, manifestamos nuestra disposici\u00f3n a un trabajo conjunto con las instituciones encargadas de garantizar los derechos de las mujeres, pero no podemos ser omisas ante las necesidades latentes para que el acceso al aborto legal sea una realidad.<\/p>\n\n\n\n<p class=\"has-black-color has-text-color\">Por ello, organizaciones y colectivas abajo firmantes de los otros estados despenalizados, est\u00e1n realizando una serie de conferencias de prensa locales para dar a conocer la situaci\u00f3n espec\u00edfica sobre el acceso al aborto en cada una de sus entidades. Estos movimientos, tanto a nivel nacional, como local en el caso del Frente, buscamos visibilizar las barreras, exigir a las autoridades de salud el acceso a servicios de aborto seguro, libres de discriminaci\u00f3n y tender puentes para el trabajo colaborativo con el Estado.<\/p>\n\n\n<div class=\"wp-block-image\">\n<figure class=\"aligncenter size-large is-resized\"><a href=\"https:\/\/www.gesmujer.org\/sitio\/wp-content\/uploads\/2023\/06\/Frente-por-los-derechos-sexuales-y-reproductivos.png\"><img fetchpriority=\"high\" decoding=\"async\" width=\"942\" height=\"1024\" src=\"https:\/\/www.gesmujer.org\/sitio\/wp-content\/uploads\/2023\/06\/Frente-por-los-derechos-sexuales-y-reproductivos-942x1024.png\" alt=\"\" class=\"wp-image-30477\" style=\"width:448px;height:487px\" srcset=\"https:\/\/www.gesmujer.org\/sitio\/wp-content\/uploads\/2023\/06\/Frente-por-los-derechos-sexuales-y-reproductivos-942x1024.png 942w, https:\/\/www.gesmujer.org\/sitio\/wp-content\/uploads\/2023\/06\/Frente-por-los-derechos-sexuales-y-reproductivos-1080x1174.png 1080w, https:\/\/www.gesmujer.org\/sitio\/wp-content\/uploads\/2023\/06\/Frente-por-los-derechos-sexuales-y-reproductivos-276x300.png 276w, https:\/\/www.gesmujer.org\/sitio\/wp-content\/uploads\/2023\/06\/Frente-por-los-derechos-sexuales-y-reproductivos-768x835.png 768w, https:\/\/www.gesmujer.org\/sitio\/wp-content\/uploads\/2023\/06\/Frente-por-los-derechos-sexuales-y-reproductivos-1413x1536.png 1413w, https:\/\/www.gesmujer.org\/sitio\/wp-content\/uploads\/2023\/06\/Frente-por-los-derechos-sexuales-y-reproductivos.png 1744w\" sizes=\"(max-width: 942px) 100vw, 942px\" \/><\/a><\/figure>\n<\/div>\n\n\n<blockquote class=\"wp-block-quote is-layout-flow wp-block-quote-is-layout-flow\">\n<p class=\"has-text-align-center has-white-color has-text-color has-background\" style=\"background-color:#157854\">&#8220;<em><strong>A casi 4 a\u00f1os de la<br>despenalizaci\u00f3n en nuestro Estado seguimos en la exigencia de acceso real al aborto legal.<\/strong><\/em>&#8220;<\/p>\n<\/blockquote>\n\n\n\n<blockquote class=\"wp-block-quote is-layout-flow wp-block-quote-is-layout-flow\">\n<p class=\"has-text-align-center\">Para mayor informaci\u00f3n, contactar a la Secretar\u00eda T\u00e9cnica del Frente por los Derechos Sexuales<br>y Reproductivos: derechos.syr@gmail.com\/9515260055.<\/p>\n\n\n\n<ul class=\"wp-block-social-links is-layout-flex wp-block-social-links-is-layout-flex\"><\/ul>\n\n\n\n<ul class=\"wp-block-social-links is-layout-flex wp-block-social-links-is-layout-flex\"><\/ul>\n<\/blockquote>\n","protected":false},"excerpt":{"rendered":"<p>Pronunciamiento | Actualmente, 11 estados han despenalizado parcialmente el aborto; sin embargo, una constante ha sido que las mujeres y personas con capacidad de gestar se encuentran con diversas barreras cuando solicitan un aborto en los servicios p\u00fablicos.<\/p>\n","protected":false},"author":4,"featured_media":30473,"comment_status":"closed","ping_status":"open","sticky":false,"template":"","format":"standard","meta":{"give_campaign_id":0,"rs_blank_template":"","rs_page_bg_color":"","slide_template_v7":"","footnotes":""},"categories":[36,32],"tags":[581,582,312,583],"class_list":["post-30470","post","type-post","status-publish","format-standard","has-post-thumbnail","hentry","category-comunicados","category-novedades","tag-aborto-legal-y-seguro","tag-aborto-seguro","tag-ile","tag-ley-del-aborto"],"_links":{"self":[{"href":"https:\/\/www.gesmujer.org\/sitio\/index.php?rest_route=\/wp\/v2\/posts\/30470","targetHints":{"allow":["GET"]}}],"collection":[{"href":"https:\/\/www.gesmujer.org\/sitio\/index.php?rest_route=\/wp\/v2\/posts"}],"about":[{"href":"https:\/\/www.gesmujer.org\/sitio\/index.php?rest_route=\/wp\/v2\/types\/post"}],"author":[{"embeddable":true,"href":"https:\/\/www.gesmujer.org\/sitio\/index.php?rest_route=\/wp\/v2\/users\/4"}],"replies":[{"embeddable":true,"href":"https:\/\/www.gesmujer.org\/sitio\/index.php?rest_route=%2Fwp%2Fv2%2Fcomments&post=30470"}],"version-history":[{"count":13,"href":"https:\/\/www.gesmujer.org\/sitio\/index.php?rest_route=\/wp\/v2\/posts\/30470\/revisions"}],"predecessor-version":[{"id":57735,"href":"https:\/\/www.gesmujer.org\/sitio\/index.php?rest_route=\/wp\/v2\/posts\/30470\/revisions\/57735"}],"wp:featuredmedia":[{"embeddable":true,"href":"https:\/\/www.gesmujer.org\/sitio\/index.php?rest_route=\/wp\/v2\/media\/30473"}],"wp:attachment":[{"href":"https:\/\/www.gesmujer.org\/sitio\/index.php?rest_route=%2Fwp%2Fv2%2Fmedia&parent=30470"}],"wp:term":[{"taxonomy":"category","embeddable":true,"href":"https:\/\/www.gesmujer.org\/sitio\/index.php?rest_route=%2Fwp%2Fv2%2Fcategories&post=30470"},{"taxonomy":"post_tag","embeddable":true,"href":"https:\/\/www.gesmujer.org\/sitio\/index.php?rest_route=%2Fwp%2Fv2%2Ftags&post=30470"}],"curies":[{"name":"wp","href":"https:\/\/api.w.org\/{rel}","templated":true}]}}