{"id":3149,"date":"2018-09-23T10:30:36","date_gmt":"2018-09-23T16:30:36","guid":{"rendered":"http:\/\/www.gesmujer.org\/sitio\/?p=3149"},"modified":"2024-04-05T15:00:45","modified_gmt":"2024-04-05T21:00:45","slug":"mas-de-500-huerfanos-por-femicidio-en-oaxaca","status":"publish","type":"post","link":"https:\/\/www.gesmujer.org\/sitio\/?p=3149","title":{"rendered":"M\u00e1s de 500 hu\u00e9rfanos por femicidio en Oaxaca"},"content":{"rendered":"<p>Por Sayra Cruz:<\/p>\n<p>Aunque no se tiene el n\u00famero exacto de ni\u00f1as y ni\u00f1os hu\u00e9rfanos por este delito, estimaciones de organizaciones no gubernamentales contabilizaban m\u00e1s de 20 para este periodo, sumados a los 530 que dejaron los 582 feminicidios ocurridos durante los seis a\u00f1os de la administraci\u00f3n de Gabino Cu\u00e9.<\/p>\n<blockquote><p>\u201cCreemos que la reparaci\u00f3n a las v\u00edctimas inocentes deben ser parte del plan integral que a\u00fan no se da a conocer y que debe existir como parte de las estrategias gubernamentales para dar protecci\u00f3n al sector infantil, v\u00edctima colateral de los asesinatos de mujeres\u201d, dijo Ximena Avellaneda D\u00edaz<\/p><\/blockquote>\n<p>En la entidad, la Ley de Atenci\u00f3n a V\u00edctimas, aprobada por el Congreso local el 7 de mayo de 2015, contempla en su apartado la protecci\u00f3n de menores de edad v\u00edctimas colaterales de delitos, donde instruye la reparaci\u00f3n del da\u00f1o y emite pol\u00edticas p\u00fablicas que les garantice atenci\u00f3n integral.<\/p>\n<p>Sin embargo, esto se queda en buenas intenciones seg\u00fan la presidenta de Consorcio Parlamentario por la Equidad, J\u00e9ssica S\u00e1nchez Maya quien asegur\u00f3 que el Estado ha incumplido con la responsabilidad de atender integralmente a este sector.<\/p>\n<p>Y es que, los ni\u00f1os y ni\u00f1as hu\u00e9rfanas, en el mejor de los casos son recibidos en un n\u00facleo familiar que los protege, donde los abuelos son los principales cuidadores.<br \/>\nPero, tambi\u00e9n, est\u00e1 esta otra parte donde se convierten en v\u00edctimas m\u00e1s de otros delitos por el grado de vulnerabilidad en el que se encuentran tanto en el plano econ\u00f3mico y moral.<\/p>\n<h1>\u201c\u2026 La mujer dej\u00f3 en la orfandad\u2026\u201d<\/h1>\n<p>Sin estimaciones reales y sin un conteo preciso hasta el momento, en el 2017 se habl\u00f3 de una cifra mayor de 540 ni\u00f1os y ni\u00f1as en la orfandad por los casos, sin embargo, se han sumado m\u00e1s muertes contra mujeres.<\/p>\n<p>Unos de los homicidios recientes: N. de 45 a\u00f1os de edad, fue atacada a machetazos, golpes y con un mecate en el cuello. Fue localizada por su hijo dentro de su domicilio ubicado en la colonia de Tlaxiaco, se inform\u00f3 en los medios de comunicaci\u00f3n en agosto pasado.<\/p>\n<p>Aunque en el caso mencionado, el hijo es ya un joven adulto, a\u00fan requiere, seg\u00fan sus actividades, del apoyo de la familia, y se desconoce si la v\u00edctima tuviera nietos que dependieran de ella, o incluso, hijos m\u00e1s peque\u00f1os.<\/p>\n<p>J\u00e9sica S\u00e1nchez Maya, de la organizaci\u00f3n Consorcio Parlamentario por la Equidad, extern\u00f3 que no existen pol\u00edticas que garanticen un acceso a terapia psicol\u00f3gica, tampoco la reparaci\u00f3n del da\u00f1o para garantizarle al menor un espacio m\u00e1s seguro y en condiciones.<\/p>\n<p>Lament\u00f3 que en la Fiscal\u00eda no haya datos concretos y \u00fanicamente, se realicen estimaciones de cuando conoce el dato por una nota period\u00edstica que se\u00f1ala que la v\u00edctima: \u201cdej\u00f3 en la orfandad\u201d a uno o m\u00e1s descendientes.<\/p>\n<p>Dentro de las apreciaciones, es la regi\u00f3n de Valles Centrales donde m\u00e1s se concentran los casos, despu\u00e9s sigue Istmo, Costa, Cuenca, Mixteca.<\/p>\n<p>&nbsp;<\/p>\n<figure id=\"attachment_221965\" class=\"wp-caption aligncenter\" style=\"width: 820px;\"><img fetchpriority=\"high\" decoding=\"async\" class=\"size-full wp-image-221965\" src=\"http:\/\/imparcialoaxaca.mx\/wp-content\/uploads\/2018\/09\/M\u00e1s-de-500...-3.jpg\" sizes=\"(max-width: 820px) 100vw, 820px\" srcset=\"http:\/\/imparcialoaxaca.mx\/wp-content\/uploads\/2018\/09\/M\u00e1s-de-500...-3.jpg 820w, http:\/\/imparcialoaxaca.mx\/wp-content\/uploads\/2018\/09\/M\u00e1s-de-500...-3-300x207.jpg 300w, http:\/\/imparcialoaxaca.mx\/wp-content\/uploads\/2018\/09\/M\u00e1s-de-500...-3-768x530.jpg 768w\" alt=\"\" width=\"820\" height=\"566\" \/><figcaption class=\"wp-caption-text\">Ximena Avellaneda de GesMujer.<\/figcaption><\/figure>\n<h1>Aumentan feminicidios en 2018<\/h1>\n<p>De acuerdo con datos de la Fiscal\u00eda General de Oaxaca, en un comparativo de enero a agosto de 2017 con los mismos meses del 2018, los casos de feminicidio fueron aumentando y con eso, m\u00e1s menores de edad se encuentran sin su madre.<\/p>\n<p>Los datos de la instancia refieren que durante 8 meses se dieron, para el a\u00f1o pasado, 73 homicidios de mujeres, y para este 2018, 86, registr\u00e1ndose un incremento del 17 por ciento.<br \/>\nEsos datos de mujeres asesinadas, dejan un contexto donde puede estar un hijo en el abandono, una familia sin sustento y posibles problemas familiares, que sin duda, son y deben ser concebidos como asuntos sociales, seg\u00fan las organizaciones no gubernamentales.<\/p>\n<p>En este a\u00f1o, marzo, junio y agosto figuran hasta hoy como los m\u00e1s violentos para las mujeres. Sin embargo, del total de casos de este a\u00f1o, la Fiscal\u00eda reconoce 19 feminicidios y 67 casos de homicidios dolosos contra este sector poblacional; es decir, el t\u00e9rmino, \u00fanicamente aplic\u00f3 en algunos casos donde, a decir del agente investigador, cumpli\u00f3 con los requisitos dolosos para tipificarse as\u00ed por sus agravantes.<\/p>\n<p>En este a\u00f1o, de los hechos violentos donde ha muerto una mujer, el 22 se puede considerar como feminicidio y el resto no.<\/p>\n<p>\u201cNo es posible que le tengan miedo al t\u00e9rmino, es necesario que se inicie como lo marca la ley y ya hasta el final determinar si cumple o no con la tipificaci\u00f3n\u201d, expres\u00f3 J\u00e9sica S\u00e1nchez.<br \/>\nEvidenci\u00f3 que, en el momento de negar el hecho, tambi\u00e9n se est\u00e1 afectando a los menores que quedaron sin una madre.<\/p>\n<p>De acuerdo con la Fiscal\u00eda, durante este periodo comparativo, se iniciaron 67 y 77 carpetas de investigaci\u00f3n, para los a\u00f1os 2017 y 2018, respectivamente.<\/p>\n<p>Sobre el tema, GesMujer tambi\u00e9n puso de manifiesto que apenas en un m\u00ednimo porcentaje se llega a identificar al agresor y que en la mayor\u00eda de los casos, no se llega a identificar.<\/p>\n<p>Publicaci\u00f3n tomada de :\u00a0http:\/\/imparcialoaxaca.mx\/oaxaca\/221955\/mas-de-500-huerfanos-por-feminicidio-en-oaxaca\/  <!--codes_iframe--><!--\/codes_iframe--><\/p>\n","protected":false},"excerpt":{"rendered":"<p>Por Sayra Cruz: Aunque no se tiene el n\u00famero exacto de ni\u00f1as y ni\u00f1os hu\u00e9rfanos por este delito, estimaciones de organizaciones no gubernamentales contabilizaban m\u00e1s de 20 para este periodo, sumados a los 530 que dejaron los 582 feminicidios ocurridos durante los seis a\u00f1os de la administraci\u00f3n de Gabino Cu\u00e9. \u201cCreemos que la reparaci\u00f3n a [&hellip;]<\/p>\n","protected":false},"author":4,"featured_media":3150,"comment_status":"closed","ping_status":"open","sticky":false,"template":"","format":"standard","meta":{"give_campaign_id":0,"rs_blank_template":"","rs_page_bg_color":"","slide_template_v7":"","footnotes":""},"categories":[91],"tags":[],"class_list":["post-3149","post","type-post","status-publish","format-standard","has-post-thumbnail","hentry","category-notas"],"_links":{"self":[{"href":"https:\/\/www.gesmujer.org\/sitio\/index.php?rest_route=\/wp\/v2\/posts\/3149","targetHints":{"allow":["GET"]}}],"collection":[{"href":"https:\/\/www.gesmujer.org\/sitio\/index.php?rest_route=\/wp\/v2\/posts"}],"about":[{"href":"https:\/\/www.gesmujer.org\/sitio\/index.php?rest_route=\/wp\/v2\/types\/post"}],"author":[{"embeddable":true,"href":"https:\/\/www.gesmujer.org\/sitio\/index.php?rest_route=\/wp\/v2\/users\/4"}],"replies":[{"embeddable":true,"href":"https:\/\/www.gesmujer.org\/sitio\/index.php?rest_route=%2Fwp%2Fv2%2Fcomments&post=3149"}],"version-history":[{"count":3,"href":"https:\/\/www.gesmujer.org\/sitio\/index.php?rest_route=\/wp\/v2\/posts\/3149\/revisions"}],"predecessor-version":[{"id":58685,"href":"https:\/\/www.gesmujer.org\/sitio\/index.php?rest_route=\/wp\/v2\/posts\/3149\/revisions\/58685"}],"wp:featuredmedia":[{"embeddable":true,"href":"https:\/\/www.gesmujer.org\/sitio\/index.php?rest_route=\/wp\/v2\/media\/3150"}],"wp:attachment":[{"href":"https:\/\/www.gesmujer.org\/sitio\/index.php?rest_route=%2Fwp%2Fv2%2Fmedia&parent=3149"}],"wp:term":[{"taxonomy":"category","embeddable":true,"href":"https:\/\/www.gesmujer.org\/sitio\/index.php?rest_route=%2Fwp%2Fv2%2Fcategories&post=3149"},{"taxonomy":"post_tag","embeddable":true,"href":"https:\/\/www.gesmujer.org\/sitio\/index.php?rest_route=%2Fwp%2Fv2%2Ftags&post=3149"}],"curies":[{"name":"wp","href":"https:\/\/api.w.org\/{rel}","templated":true}]}}