{"id":3688,"date":"2019-08-29T05:40:09","date_gmt":"2019-08-29T11:40:09","guid":{"rendered":"https:\/\/www.gesmujer.org\/web\/?p=3688"},"modified":"2024-04-05T15:01:45","modified_gmt":"2024-04-05T21:01:45","slug":"a-un-ano-de-la-alerta-por-violencia-de-genero","status":"publish","type":"post","link":"https:\/\/www.gesmujer.org\/sitio\/?p=3688","title":{"rendered":"A un a\u00f1o de la Alerta por Violencia de G\u00e9nero"},"content":{"rendered":"\n<p>Debido a los altos indices de violencia feminicida, la Secretar\u00eda de Gobernaci\u00f3n emiti\u00f3 la resoluci\u00f3n el 30 de agosto de 2018 en 40 municipios de Oaxaca, la declaratoria de alerta por violencia de g\u00e9nero. El mecanismo de la alerta por violencia de g\u00e9nero son un conjunto de acciones gubernamentales de emergencia para enfrentar y erradicar la violencia feminicida.<\/p>\n\n\n\n<p>La\nAlerta por violencia de g\u00e9nero, ha permitido visibiizar la gravedad del\nproblema, pero aun falta reconocer que nos enfrentamos a una violencia\nfeminicida, la cual se intenta ocultar bajo el argumento de asesinatos dolosos,\nsin que medie, por principio&nbsp; una\ninvestigaci\u00f3n desde una perspectiva de g\u00e9nero.<\/p>\n\n\n\n<p>Este\nmecanismo busca generar una reacci\u00f3n-acci\u00f3n-inmediata, articulada en los tres\nniveles de gobierno y los tres poderes, ejecutivo, judicial y legislativo, a\nfin de implementar un plan de intervenci\u00f3n y fomentar una pol\u00edtica de gobierno.\nSin embargo a punto de cumplirse un a\u00f1o de la alerta, de acuerdo a los\nregistros del GEMujer Rosario Castellanos, 125 ni\u00f1as y mujeres han sido\nasesinadas de manera violenta. <\/p>\n\n\n\n<ul class=\"wp-block-list\"><li><strong>35% de los asesinatos violentos de mujeres y ni\u00f1as, sucedieron en\nmunicipios que no cuentan <\/strong><strong>con la Alerta por violencia de g\u00e9nero<\/strong><\/li><li><strong>60% de la violencia feminicida se concentra en tres de las ocho\nregiones<\/strong><\/li><\/ul>\n\n\n\n<p>Como\norganizaci\u00f3n de la sociedad civil, consideramos importante recalcar que aunque\nse declararon 40 municipios en todo el estado con alerta por violencia de\ng\u00e9nero, como un mecanismo de acci\u00f3n-reacci\u00f3n-inmedita, \u00e9sta es una estrategia\ncomplementaria y por lo tanto es urgente seguir implementando y fortaleciendo\nel plan estatal de prevenci\u00f3n, atenci\u00f3n sancion y erradicaci\u00f3n de la violencia\nde g\u00e9nero y contra las mujeres, porque de acuerdo a nuestros registros, el 65% de las ni\u00f1as y mujeres asesinadas de manera violenta\nocurrieron en municipios con alerta de g\u00e9nero, pero hay un 35% que sucedieron\nen otros municipios.<\/p>\n\n\n\n<p>Adem\u00e1s, si\nse realiza un an\u00e1lisis por regi\u00f3n, se ha podido identificar, por ejemplo, que de\nlos 20 casos ocurridos en Valles Centrales, 9 de ellos sucedieron en municipios\ncon alerta de g\u00e9nero y 11 en municipios sin alerta, por citar algunos municipios\nse encuentran Villa de Etla, Santa Mar\u00eda Atzompa y Ejutla de Crespo. En la\nregi\u00f3n Mixteca, de los 18 casos registrados, 9 ocurrieron en municipios con\nalerta y los otros 9 en municipios sin alerta, donde causa especial\npreocupaci\u00f3n el municipio de Santiago Juxtlahuaca con 5 casos.<\/p>\n\n\n\n<p>Desde\nla Declaratoria de Alerta de g\u00e9nero, el Istmo es la regi\u00f3n con el m\u00e1s alto\nporcentaje de violencia feminicida, con un 26%, seguida de la Costa con un 18%\ny el Papaloapam con un 16%, lo que significa que en tres de las ocho regiones del\nestado se concentr\u00f3 el 60% de todos los asesinatos violentos de ni\u00f1as y\nmujeres.<\/p>\n\n\n\n<p>Ante esta\nsituaci\u00f3n hacemos un llamado a las autoridades a realizar un an\u00e1lisis del\ncontexto donde sucede la violencia feminicida, a fin de identificar indicios que pueden predecir el nivel de riesgo de sufrir una muerte violenta, as\u00ed como realizar una\nevaluaci\u00f3n exhaustiva de las instituciones que se encuentran operando en las zonas,\nconocer su problem\u00e1tica y sus necesidades para lograr una intervenci\u00f3n con\ncalidad, pues urge una actuaci\u00f3n profesional, oportuna y estrat\u00e9gica. <\/p>\n\n\n\n<p>Cabe\nmencionar tambi\u00e9n que, paralelamente a atender las necesidades del personal que\nopera en las instituciones, es conveniente dar un seguimiento puntual a su\nactuaci\u00f3n, reconocer los esfuerzos y sancionar a quienes &nbsp;por acciones u omisiones no cumplan con sus\nresponsabilidades, porque de ello depende la integridad y la vida de mujeres y\nni\u00f1as.<\/p>\n\n\n\n<ul class=\"wp-block-list\"><li><strong>52%&nbsp; de las v\u00edctimas de\nasesinatos violentos ten\u00edan entre 15 y 44 a\u00f1os<\/strong><\/li><li><strong>59% de las ni\u00f1as y las mujeres fueron asesinadas por armas de\nfuego <\/strong><\/li><\/ul>\n\n\n\n<p>En\nla etapa productiva y reproductiva, se dieron los mayores niveles de violencia\nfeminicida, lo que significa que se truncaron oportunidades para el desarrollo\nde nuestro estado. A estas mujeres y j\u00f3venes se les violentaron sus derechos a\nla libertad, la seguridad, la integridad y el principal de todos los derechos,\nel derecho a la vida.<\/p>\n\n\n\n<p>Esta\nviolencia feminicida genera tambi\u00e9n v\u00edctimas indirectas, hasta ahora\ninvisibilizadas, pues se carece de informaci\u00f3n puntal de la cantidad de ni\u00f1as,\nni\u00f1os y adolescentes a quienes se les ha arrebatado su derecho a disfrutar\nde una vida plena en condiciones acordes a su dignidad y en condiciones que\ngaranticen su desarrollo integral. <\/p>\n\n\n\n<p>Aun y cuando la ley\nestablece que las autoridades, de todos los \u00f3rdenes de gobierno, deben llevar a\ncabo las acciones necesarias para garantizar el desarrollo y prevenir cualquier\nconducta que atente contra la supervivencia de ni\u00f1as ni\u00f1os y adolescentes, as\u00ed\ncomo para investigar y sancionar efectivamente los actos de privaci\u00f3n de la\nvida, un 4% de los asesinatos violentos lo sufrieron ni\u00f1as menores de 15 a\u00f1os,\nhechos que contin\u00faan en la impunidad. <\/p>\n\n\n\n<p>Contabilizando\nlas 125 mujeres y ni\u00f1as asesinadas de manera violenta, desde la alerta por\nviolencia de g\u00e9nero, el 59%, fueron con armas de fuego, lo que significa que\nson las mujeres quienes est\u00e1n pagando con su vida los costos&nbsp; de una omisi\u00f3n grave en cuanto al control y\nuso de armas de fuego en Oaxaca, elemento que debe tambi\u00e9n ser considerado\ndentro de las pol\u00edticas de atenci\u00f3n a la violencia hacia las mujeres.<\/p>\n\n\n\n<p><strong>10%\nde las v\u00edctimas de feminicidio eran amas de casa<\/strong><\/p>\n\n\n\n<p>Dado la limitada\ninformaci\u00f3n con la que contamos para realizar un an\u00e1lisis de la situaci\u00f3n de\ncada mujer y ni\u00f1a asesinadas de manera violenta, de acuerdo a nuestros\nregistros en el 64% se desconoce la ocupaci\u00f3n de las v\u00edctimas, pero el resto y\neso es lo m\u00e1s preocupante, se representaron \u00e1reas de ocupaci\u00f3n diversas, donde\nel 10% se dedicaban a labores del hogar, el 6% eran comerciantes, 4%\nestudiantes, le siguen con un 2% agriculturas, empresarias, meseras,\nprofesoras, servidoras p\u00fablicas y con 1%&nbsp;\nempleada, enfermera, polic\u00eda, religiosa, estilista, ganadera,\ntrabajadora de la construcci\u00f3n, es decir, ni\u00f1as y mujeres con ocupaciones y\ntrabajos que aportaban a la sociedad.&nbsp; <\/p>\n\n\n\n<p><strong>Los\nretos<\/strong><\/p>\n\n\n\n<p>La\nforma extrema de violencia de g\u00e9nero contra las mujeres es la violencia\nfeminicida, por ello, si bien es urgente avanzar en el reconocimiento de la\nproblem\u00e1tica, investigando cada caso desde una perspectiva de g\u00e9nero,\nparalelamente se deben reforzar las acciones para la prevenci\u00f3n de la violaci\u00f3n\na los derechos humanos&nbsp; de las mujeres y\nlas ni\u00f1as tanto en el \u00e1mbito privado como p\u00fablico.<\/p>\n\n\n\n<p>La\nalerta por violencia de g\u00e9nero es un mecanismo perfectible, se requiere un\nan\u00e1lisis puntual para determinar aquellas \u00e1reas que requieren atenci\u00f3n. Evaluar\nno solo en t\u00e9rminos de cu\u00e1ntas capacitaciones se brindan, sino de valorar si\nesos esfuerzos se reflejan en la labor de los y las servidoras p\u00fablicas, en las\nformas de desempe\u00f1ar su quehacer institucional, incorporando el enfoque de\ng\u00e9nero en toda las \u00e1reas. <\/p>\n\n\n\n<p>Evaluar\nd\u00f3nde y c\u00f3mo se ejercen los recursos, desde la transparencia en la informaci\u00f3n\nhasta el impacto que estos recursos tengan&nbsp;\nen el incremento de la seguridad de las mujeres y las ni\u00f1as. <\/p>\n\n\n\n<p>Contemplar\nlas caracter\u00edsticas pluri\u00e9tnicas de nuestro estado es otro de los desafios,\ntanto en la prevenci\u00f3n como en la atenci\u00f3n, por los riesgos que implica para la\nvida de las mujeres. Es urgente hacer un balance puntual desde un enfoque de\ng\u00e9nero e intercultural de los trabajos que se realizan en los municipios con\nmayor presencia de pueblos y comunidades ind\u00edgenas, considerando la pertinencia\ncultural, porque los contextos son distintos y a la fecha los esfuerzos por\natender la violencia en comunidades ind\u00edgenas siguen siendo los mecanismos\ninstitucionales, que les requieren a las mujeres que viven en situaci\u00f3n de\nviolencia, salir de sus comunidades y enfrentar barreras geogr\u00e1ficas,\necon\u00f3micas, culturales y de discriminaci\u00f3n por su condici\u00f3n de ser mujeres,\nind\u00edgenas y de escasos recursos econ\u00f3micos. <\/p>\n\n\n\n<p>Reconocemos que la problem\u00e1tica es compleja, pero una\nasignaci\u00f3n de recursos suficientes y oportunos, una capacitaci\u00f3n en perspectiva\nde g\u00e9nero e intercultural y una voluntad pol\u00edtica clara, son indispensables\npara garantizar la libertad, la seguridad y la vida de las ni\u00f1as y las mujeres de Oaxaca.<\/p>\n  <!--codes_iframe--><!--\/codes_iframe-->","protected":false},"excerpt":{"rendered":"<p>Debido a los altos indices de violencia feminicida, la Secretar\u00eda de Gobernaci\u00f3n emiti\u00f3 la resoluci\u00f3n el 30 de agosto de 2018 en 40 municipios de Oaxaca, la declaratoria de alerta por violencia de g\u00e9nero. El mecanismo de la alerta por violencia de g\u00e9nero son un conjunto de acciones gubernamentales de emergencia para enfrentar y erradicar [&hellip;]<\/p>\n","protected":false},"author":4,"featured_media":3705,"comment_status":"closed","ping_status":"open","sticky":false,"template":"","format":"standard","meta":{"give_campaign_id":0,"rs_blank_template":"","rs_page_bg_color":"","slide_template_v7":"","footnotes":""},"categories":[36,32],"tags":[301,75,137,80,138],"class_list":["post-3688","post","type-post","status-publish","format-standard","has-post-thumbnail","hentry","category-comunicados","category-novedades","tag-avg","tag-feminicidios","tag-impunidad","tag-oaxaca","tag-violencia-feminicida"],"_links":{"self":[{"href":"https:\/\/www.gesmujer.org\/sitio\/index.php?rest_route=\/wp\/v2\/posts\/3688","targetHints":{"allow":["GET"]}}],"collection":[{"href":"https:\/\/www.gesmujer.org\/sitio\/index.php?rest_route=\/wp\/v2\/posts"}],"about":[{"href":"https:\/\/www.gesmujer.org\/sitio\/index.php?rest_route=\/wp\/v2\/types\/post"}],"author":[{"embeddable":true,"href":"https:\/\/www.gesmujer.org\/sitio\/index.php?rest_route=\/wp\/v2\/users\/4"}],"replies":[{"embeddable":true,"href":"https:\/\/www.gesmujer.org\/sitio\/index.php?rest_route=%2Fwp%2Fv2%2Fcomments&post=3688"}],"version-history":[{"count":3,"href":"https:\/\/www.gesmujer.org\/sitio\/index.php?rest_route=\/wp\/v2\/posts\/3688\/revisions"}],"predecessor-version":[{"id":58781,"href":"https:\/\/www.gesmujer.org\/sitio\/index.php?rest_route=\/wp\/v2\/posts\/3688\/revisions\/58781"}],"wp:featuredmedia":[{"embeddable":true,"href":"https:\/\/www.gesmujer.org\/sitio\/index.php?rest_route=\/wp\/v2\/media\/3705"}],"wp:attachment":[{"href":"https:\/\/www.gesmujer.org\/sitio\/index.php?rest_route=%2Fwp%2Fv2%2Fmedia&parent=3688"}],"wp:term":[{"taxonomy":"category","embeddable":true,"href":"https:\/\/www.gesmujer.org\/sitio\/index.php?rest_route=%2Fwp%2Fv2%2Fcategories&post=3688"},{"taxonomy":"post_tag","embeddable":true,"href":"https:\/\/www.gesmujer.org\/sitio\/index.php?rest_route=%2Fwp%2Fv2%2Ftags&post=3688"}],"curies":[{"name":"wp","href":"https:\/\/api.w.org\/{rel}","templated":true}]}}