{"id":3738,"date":"2019-09-27T18:25:25","date_gmt":"2019-09-28T00:25:25","guid":{"rendered":"https:\/\/www.gesmujer.org\/web\/?p=3738"},"modified":"2024-04-05T15:02:47","modified_gmt":"2024-04-05T21:02:47","slug":"despenalizacion-del-aborto-avance-fundamental-gesmujer","status":"publish","type":"post","link":"https:\/\/www.gesmujer.org\/sitio\/?p=3738","title":{"rendered":"Despenalizaci\u00f3n del aborto, avance fundamental: GESMujer"},"content":{"rendered":"\n<div>Para la presidenta del Grupo de Estudios sobre la Mujer \u201cRosario Castellanos\u201d (GESMujer), Ang\u00e9lica Ayala Ortiz, la despenalizaci\u00f3n del aborto en Oaxaca representa un avance fundamental para el pleno ejercicio de los derechos de las mujeres.<\/div>\n<div><\/div>\n<div>Un logro del movimiento feminista, de las colectivas y todas las expresiones de mujeres que defienden el derecho a decidir sobre el propio cuerpo. Nuestro cuerpo es nuestro primer territorio y se ha conquistado\u201d, expuso.<\/div>\n<div><\/div>\n<div>Luego de que el mi\u00e9rcoles el Congreso local aprobara las reformas al C\u00f3digo penal en el tema del aborto, la presidenta de la organizaci\u00f3n civil se\u00f1al\u00f3 que el proceso de definici\u00f3n permiti\u00f3 que se expresaran los sectores m\u00e1s conservadores frente a quienes est\u00e1n a favor de las libertades, la autonom\u00eda y el principio b\u00e1sico de respeto a la vida de las mujeres.<\/div>\n<div><\/div>\n<div>Y aunque en el congreso se dio el debate, \u201cal final se privilegi\u00f3 el estado laico, las libertades para tomar decisiones en congruencia con las convenciones e instrumentos que protegen los derechos de las mujeres.<\/div>\n<div><\/div>\n<div>\u201cAhora el reto ser\u00e1 dar un puntual seguimiento al proceso de implementaci\u00f3n. Porque la ley requiere de cambios a nivel de instrumentaci\u00f3n, de operaci\u00f3n institucional, y ah\u00ed seguiremos como movimiento feminista, acompa\u00f1ando los procesos que nos permitan ejercer nuestra ciudadan\u00eda plena\u201d.<\/div>\n<div><\/div>\n<div>Por redes sociales, otras organizaciones sociales y feministas aplaudieron la decisi\u00f3n de las y los legisladores, que en medio de protestas y se\u00f1alamientos, decidieron despenalizar el aborto y dar mayor seguridad a las mujeres de escasos recursos que no pueden acudir a una cl\u00ednica particular o a la Ciudad de M\u00e9xico, donde la despenalizaci\u00f3n es un logro de hace varios a\u00f1os.<\/div>\n<div><\/div>\n<div>Al mismo tiempo, grupos religiosos condenaron la decisi\u00f3n del Congreso, al que calificaron de atentar contra la vida humana desde el vientre de la madre.<\/div>\n<p>&nbsp;<\/p>\n\n\n\n<p>Fuente:  <a href=\"http:\/\/imparcialoaxaca.mx\/oaxaca\/358352\/despenalizacion-del-aborto-avance-fundamental-gesmujer\/\">http:\/\/imparcialoaxaca.mx\/oaxaca\/358352\/despenalizacion-del-aborto-avance-fundamental-gesmujer\/<\/a> <\/p>\n  <!--codes_iframe--><!--\/codes_iframe-->","protected":false},"excerpt":{"rendered":"<p>Para la presidenta del Grupo de Estudios sobre la Mujer \u201cRosario Castellanos\u201d (GESMujer), Ang\u00e9lica Ayala Ortiz, la despenalizaci\u00f3n del aborto en Oaxaca representa un avance fundamental para el pleno ejercicio de los derechos de las mujeres. Un logro del movimiento feminista, de las colectivas y todas las expresiones de mujeres que defienden el derecho a [&hellip;]<\/p>\n","protected":false},"author":4,"featured_media":3739,"comment_status":"closed","ping_status":"open","sticky":false,"template":"","format":"standard","meta":{"footnotes":""},"categories":[90,36,91,32,3],"tags":[],"class_list":["post-3738","post","type-post","status-publish","format-standard","has-post-thumbnail","hentry","category-articulos","category-comunicados","category-notas","category-novedades","category-portada"],"_links":{"self":[{"href":"https:\/\/www.gesmujer.org\/sitio\/index.php?rest_route=\/wp\/v2\/posts\/3738","targetHints":{"allow":["GET"]}}],"collection":[{"href":"https:\/\/www.gesmujer.org\/sitio\/index.php?rest_route=\/wp\/v2\/posts"}],"about":[{"href":"https:\/\/www.gesmujer.org\/sitio\/index.php?rest_route=\/wp\/v2\/types\/post"}],"author":[{"embeddable":true,"href":"https:\/\/www.gesmujer.org\/sitio\/index.php?rest_route=\/wp\/v2\/users\/4"}],"replies":[{"embeddable":true,"href":"https:\/\/www.gesmujer.org\/sitio\/index.php?rest_route=%2Fwp%2Fv2%2Fcomments&post=3738"}],"version-history":[{"count":3,"href":"https:\/\/www.gesmujer.org\/sitio\/index.php?rest_route=\/wp\/v2\/posts\/3738\/revisions"}],"predecessor-version":[{"id":58861,"href":"https:\/\/www.gesmujer.org\/sitio\/index.php?rest_route=\/wp\/v2\/posts\/3738\/revisions\/58861"}],"wp:featuredmedia":[{"embeddable":true,"href":"https:\/\/www.gesmujer.org\/sitio\/index.php?rest_route=\/wp\/v2\/media\/3739"}],"wp:attachment":[{"href":"https:\/\/www.gesmujer.org\/sitio\/index.php?rest_route=%2Fwp%2Fv2%2Fmedia&parent=3738"}],"wp:term":[{"taxonomy":"category","embeddable":true,"href":"https:\/\/www.gesmujer.org\/sitio\/index.php?rest_route=%2Fwp%2Fv2%2Fcategories&post=3738"},{"taxonomy":"post_tag","embeddable":true,"href":"https:\/\/www.gesmujer.org\/sitio\/index.php?rest_route=%2Fwp%2Fv2%2Ftags&post=3738"}],"curies":[{"name":"wp","href":"https:\/\/api.w.org\/{rel}","templated":true}]}}