{"id":3820,"date":"2020-01-02T22:39:39","date_gmt":"2020-01-03T04:39:39","guid":{"rendered":"https:\/\/www.gesmujer.org\/web\/?p=3820"},"modified":"2024-04-05T15:03:08","modified_gmt":"2024-04-05T21:03:08","slug":"llaman-a-enfrentar-violencia-feminicida","status":"publish","type":"post","link":"https:\/\/www.gesmujer.org\/sitio\/?p=3820","title":{"rendered":"Llaman a enfrentar violencia feminicida"},"content":{"rendered":"\n<p>Al reconocer que 2019 fue un a\u00f1o dif\u00edcil para la libertad, integridad y vida de las ni\u00f1as y las mujeres oaxaque\u00f1as, la feminista y activista oaxaque\u00f1a, Ang\u00e9lica Ayala Ortiz, afirm\u00f3 que el gran reto para 2020 es movilizar la fuerza ciudadana para que los tres poderes de gobierno cumplan con las tareas que les corresponde y pongan un freno a la violencia feminicida.<\/p>\n<p>La tambi\u00e9n presidenta del Grupo de Estudios sobre la Mujer \u201cRosario Castellanos\u201d (GESMujer), explic\u00f3 que la violencia feminicida es el resultado de una serie de acciones y de omisiones, donde las autoridades han mostrado una falta de voluntad pol\u00edtica, de capacidad t\u00e9cnica y de comprensi\u00f3n de una perspectiva de g\u00e9nero, que no ha dado como consecuencia una sanci\u00f3n o destituci\u00f3n de titulares ante la falta de resultados.<\/p>\n<p>\u201cEl Poder Legislativo tampoco ha mostrado sensibilidad ante la problem\u00e1tica de violencia feminicida en Oaxaca, o ha carecido de poder pol\u00edtico para llamar a cuenta a titulares de las instituciones de los poderes ejecutivo y judicial\u201d.<\/p>\n<p>La organizaci\u00f3n que preside demand\u00f3 que en todas las instancias de atenci\u00f3n a la violencia se coordinen las acciones que eviten re victimizar a las mujeres, adem\u00e1s de impulsar acciones que profesionalicen a las y los servidores p\u00fablicos.<\/p>\n<p>\u201cY si una mujer que acude a denunciar una situaci\u00f3n de violencia se le desalienta con argumentos como \u00b4no es grave, no va a prosperar tu denuncia, mejor trate de obedecer y no hacerle enojar; si no tiene testigos no tiene caso que denuncie, tenga claro que se va a llevar todo el d\u00eda aqu\u00ed y va a tener que regresar varias veces\u00b4, que las mujeres no desistan y acudan a las organizaciones feministas.<\/p>\n<p>Destac\u00f3 tambi\u00e9n que las mujeres no se queden calladas y denuncien si no reciben un trato digno y profesional, pues existen medios de comunicaci\u00f3n con compromiso social que abren espacios para la denuncia ciudadana y colocar ante la opini\u00f3n p\u00fablica aquellas pr\u00e1cticas que violenten el derecho de acceso a la justicia.<\/p>\n<p>\u201cHoy m\u00e1s que nunca es tiempo de seguir generando sinergias, entre las mujeres, las asociaciones, organizaciones feministas, colectivas, medios sociales de comunicaci\u00f3n, para lograr generar una voluntad pol\u00edtica que haga efectivos los cambios que se necesitan para la prevenci\u00f3n, atenci\u00f3n, sanci\u00f3n y erradicaci\u00f3n de la violencia hacia las mujeres y las ni\u00f1as y detener la violencia feminicida en Oaxaca\u201d.<\/p>\n\n\n\n<p>Fuente:  <a href=\"http:\/\/imparcialoaxaca.mx\/oaxaca\/390671\/llaman-a-enfrentar-violencia-feminicida\/\">http:\/\/imparcialoaxaca.mx\/oaxaca\/390671\/llaman-a-enfrentar-violencia-feminicida\/<\/a> <\/p>\n  <!--codes_iframe--><!--\/codes_iframe-->","protected":false},"excerpt":{"rendered":"<p>Al reconocer que 2019 fue un a\u00f1o dif\u00edcil para la libertad, integridad y vida de las ni\u00f1as y las mujeres oaxaque\u00f1as, la feminista y activista oaxaque\u00f1a, Ang\u00e9lica Ayala Ortiz, afirm\u00f3 que el gran reto para 2020 es movilizar la fuerza ciudadana para que los tres poderes de gobierno cumplan con las tareas que les corresponde [&hellip;]<\/p>\n","protected":false},"author":4,"featured_media":3821,"comment_status":"closed","ping_status":"open","sticky":false,"template":"","format":"standard","meta":{"give_campaign_id":0,"rs_blank_template":"","rs_page_bg_color":"","slide_template_v7":"","footnotes":""},"categories":[90,36,32,3],"tags":[],"class_list":["post-3820","post","type-post","status-publish","format-standard","has-post-thumbnail","hentry","category-articulos","category-comunicados","category-novedades","category-portada"],"_links":{"self":[{"href":"https:\/\/www.gesmujer.org\/sitio\/index.php?rest_route=\/wp\/v2\/posts\/3820","targetHints":{"allow":["GET"]}}],"collection":[{"href":"https:\/\/www.gesmujer.org\/sitio\/index.php?rest_route=\/wp\/v2\/posts"}],"about":[{"href":"https:\/\/www.gesmujer.org\/sitio\/index.php?rest_route=\/wp\/v2\/types\/post"}],"author":[{"embeddable":true,"href":"https:\/\/www.gesmujer.org\/sitio\/index.php?rest_route=\/wp\/v2\/users\/4"}],"replies":[{"embeddable":true,"href":"https:\/\/www.gesmujer.org\/sitio\/index.php?rest_route=%2Fwp%2Fv2%2Fcomments&post=3820"}],"version-history":[{"count":3,"href":"https:\/\/www.gesmujer.org\/sitio\/index.php?rest_route=\/wp\/v2\/posts\/3820\/revisions"}],"predecessor-version":[{"id":58893,"href":"https:\/\/www.gesmujer.org\/sitio\/index.php?rest_route=\/wp\/v2\/posts\/3820\/revisions\/58893"}],"wp:featuredmedia":[{"embeddable":true,"href":"https:\/\/www.gesmujer.org\/sitio\/index.php?rest_route=\/wp\/v2\/media\/3821"}],"wp:attachment":[{"href":"https:\/\/www.gesmujer.org\/sitio\/index.php?rest_route=%2Fwp%2Fv2%2Fmedia&parent=3820"}],"wp:term":[{"taxonomy":"category","embeddable":true,"href":"https:\/\/www.gesmujer.org\/sitio\/index.php?rest_route=%2Fwp%2Fv2%2Fcategories&post=3820"},{"taxonomy":"post_tag","embeddable":true,"href":"https:\/\/www.gesmujer.org\/sitio\/index.php?rest_route=%2Fwp%2Fv2%2Ftags&post=3820"}],"curies":[{"name":"wp","href":"https:\/\/api.w.org\/{rel}","templated":true}]}}