{"id":3825,"date":"2019-12-15T22:43:59","date_gmt":"2019-12-16T04:43:59","guid":{"rendered":"https:\/\/www.gesmujer.org\/web\/?p=3825"},"modified":"2024-04-05T15:03:11","modified_gmt":"2024-04-05T21:03:11","slug":"lesiones-graves-son-riesgo-de-feminicidio-gesmujer","status":"publish","type":"post","link":"https:\/\/www.gesmujer.org\/sitio\/?p=3825","title":{"rendered":"Lesiones graves son riesgo de feminicidio: GesMujer"},"content":{"rendered":"\n<p>La iniciativa de tipificaci\u00f3n de los ataques con \u00e1cido como delito, tiene que ir m\u00e1s all\u00e1 de una sanci\u00f3n de 15 a\u00f1os de prisi\u00f3n como se est\u00e1 planteando, toda vez que \u00e9stas al igual que las&nbsp; lesiones graves en contra de las mujeres son evidentes casos de riesgo de feminicidio, se\u00f1al\u00f3 Ang\u00e9lica Ayala del Grupo de Estudios Sobre la Mujer Rosario Castellanos&nbsp;<\/p>\n\n\n\n<p>La propuesta de tipificar el delito de ataque con \u00e1cido en el C\u00f3digo Penal con una sanci\u00f3n de 15 a\u00f1os -consider\u00f3- en principio abre la posibilidad de visibilizar la problem\u00e1tica de la violencia hacia las mujeres por raz\u00f3n de g\u00e9nero, \u201cpero hay que ir m\u00e1s all\u00e1, pues la impunidad es una de las razones por las cuales se sigue incrementando la violencia feminicida\u201d.\u00a0<\/p>\n\n\n\n<p>\u201cEs lamentable lo que est\u00e1n viviendo las ni\u00f1as y las mujeres en Oaxaca, se vulneran sus derechos fundamentales a la libertad, la integridad y la vida. Mar\u00eda Elena es una v\u00edctima de las omisiones institucionales, en ella se refleja lo que en la actualidad es el sentir de las mujeres: que el Estado no est\u00e1 cumpliendo con su obligaci\u00f3n de salvaguardar sus vidas\u201d, declar\u00f3.<\/p>\n\n\n\n<p>Recalc\u00f3 que tipificar el delito es un avance, desafortunadamente -se\u00f1al\u00f3- es en la visi\u00f3n de quienes se encargan de procurar y administrar la justicia, donde se refleja el odio y la misoginia hacia las mujeres, pues siempre se aten\u00faan los hechos, se reclasifican, se minimizan las consecuencias y la cadenas de omisiones llevan al riesgo feminicida.<\/p>\n\n\n\n<p>En este sentido, la activista urgi\u00f3 a actuar en la identificaci\u00f3n de situaciones de alto riesgo, por lo que demandaron al Congreso de Oaxaca&nbsp; llamar a cuentas a las autoridades y que el indignante caso de Mar\u00eda Elena no quede en la impunidad.<\/p>\n\n\n\n<p><strong>Concentraci\u00f3n feminista por Mar\u00eda Elena<\/strong><\/p>\n\n\n\n<p>Ma\u00f1ana lunes se desarrollar\u00e1 una concentraci\u00f3n feminista para exigir justicia a favor de Mar\u00eda Elena R\u00edos, la saxofonista atacada con \u00e1cido.<\/p>\n\n\n\n<p>El evento convocado a trav\u00e9s de redes sociales llama a las personas a concentrarse a las 17:30 horas en las instalaciones de Centro de Justicia para las Mujeres (CEJUM) ubicado en Armenta y L\u00f3pez 700 a un lado de la Cruz Roja Mexicana.\u00a0<\/p>\n\n\n\n<p> Para la protesta piden llevar instrumentos musicales y carteles de apoyo a la denuncia, en donde se se\u00f1ala como autor intelectual al exdiputado local del PRI, Juan Vera Carrizal. <\/p>\n\n\n\n<p>Fuente:  <a href=\"https:\/\/www.nvinoticias.com\/nota\/133465\/lesiones-graves-son-riesgo-de-feminicidio-gesmujer\">https:\/\/www.nvinoticias.com\/nota\/133465\/lesiones-graves-son-riesgo-de-feminicidio-gesmujer<\/a> <\/p>\n  <!--codes_iframe--><!--\/codes_iframe-->","protected":false},"excerpt":{"rendered":"<p>La iniciativa de tipificaci\u00f3n de los ataques con \u00e1cido como delito, tiene que ir m\u00e1s all\u00e1 de una sanci\u00f3n de 15 a\u00f1os de prisi\u00f3n como se est\u00e1 planteando, toda vez que \u00e9stas al igual que las&nbsp; lesiones graves en contra de las mujeres son evidentes casos de riesgo de feminicidio, se\u00f1al\u00f3 Ang\u00e9lica Ayala del Grupo [&hellip;]<\/p>\n","protected":false},"author":4,"featured_media":0,"comment_status":"closed","ping_status":"open","sticky":false,"template":"","format":"standard","meta":{"give_campaign_id":0,"rs_blank_template":"","rs_page_bg_color":"","slide_template_v7":"","footnotes":""},"categories":[90,36,91,32,3],"tags":[],"class_list":["post-3825","post","type-post","status-publish","format-standard","hentry","category-articulos","category-comunicados","category-notas","category-novedades","category-portada"],"_links":{"self":[{"href":"https:\/\/www.gesmujer.org\/sitio\/index.php?rest_route=\/wp\/v2\/posts\/3825","targetHints":{"allow":["GET"]}}],"collection":[{"href":"https:\/\/www.gesmujer.org\/sitio\/index.php?rest_route=\/wp\/v2\/posts"}],"about":[{"href":"https:\/\/www.gesmujer.org\/sitio\/index.php?rest_route=\/wp\/v2\/types\/post"}],"author":[{"embeddable":true,"href":"https:\/\/www.gesmujer.org\/sitio\/index.php?rest_route=\/wp\/v2\/users\/4"}],"replies":[{"embeddable":true,"href":"https:\/\/www.gesmujer.org\/sitio\/index.php?rest_route=%2Fwp%2Fv2%2Fcomments&post=3825"}],"version-history":[{"count":3,"href":"https:\/\/www.gesmujer.org\/sitio\/index.php?rest_route=\/wp\/v2\/posts\/3825\/revisions"}],"predecessor-version":[{"id":58897,"href":"https:\/\/www.gesmujer.org\/sitio\/index.php?rest_route=\/wp\/v2\/posts\/3825\/revisions\/58897"}],"wp:attachment":[{"href":"https:\/\/www.gesmujer.org\/sitio\/index.php?rest_route=%2Fwp%2Fv2%2Fmedia&parent=3825"}],"wp:term":[{"taxonomy":"category","embeddable":true,"href":"https:\/\/www.gesmujer.org\/sitio\/index.php?rest_route=%2Fwp%2Fv2%2Fcategories&post=3825"},{"taxonomy":"post_tag","embeddable":true,"href":"https:\/\/www.gesmujer.org\/sitio\/index.php?rest_route=%2Fwp%2Fv2%2Ftags&post=3825"}],"curies":[{"name":"wp","href":"https:\/\/api.w.org\/{rel}","templated":true}]}}