{"id":5170,"date":"2020-02-04T04:11:00","date_gmt":"2020-02-04T10:11:00","guid":{"rendered":"https:\/\/www.gesmujer.org\/web\/?p=5170"},"modified":"2020-02-10T04:13:08","modified_gmt":"2020-02-10T10:13:08","slug":"en-oaxaca-imparable-violencia-feminicida-gesmujer","status":"publish","type":"post","link":"https:\/\/www.gesmujer.org\/sitio\/?p=5170","title":{"rendered":"En Oaxaca imparable violencia feminicida: GESMujer"},"content":{"rendered":"\n <p>Para la presidenta del Grupo de Estudios sobre la Mujer \u201cRosario Castellanos\u201d, Ang\u00e9lica Ayala Ortiz, la falta de reconocimiento de la gravedad de la violencia feminicida en Oaxaca, es uno de los principales obst\u00e1culos para atender esta problem\u00e1tica.<\/p>\n<p>Expuso que los datos que poseen autoridades de impartici\u00f3n de justicia, donde aseguran un descenso en los feminicidios en la entidad de m\u00e1s del 50% en 2019, contrastan con una realidad en la que d\u00eda a d\u00edas ni\u00f1as y mujeres son asesinadas de manera violenta.<\/p>\n<p>\u201cEl inicio del 2020 es un ejemplo contundente, al cerrar el mes con 19 casos de acuerdo al registro hemerogr\u00e1fico del Gesmujer; enero ha sido el mes m\u00e1s violento desde la administraci\u00f3n del gobernador del Estado, Alejandro Murat, y el m\u00e1s violento al registrarse un 95% de estos asesinatos con armas de fuego\u201d, destac\u00f3 la activista y feminista.<\/p>\n<p>Agreg\u00f3 que las ni\u00f1as y las mujeres que han sido asesinadas de manera violenta merecen justicia, porque el estado no fue capaz de salvaguardad su integridad y su vida.<\/p>\n<p>A esto se suma que las autoridades \u201cse nieguen a reconocer el entorno feminicida en el que han ocurrido todos y cada uno de estos asesinatos violentos\u201d, y lo cual genera una profunda indignaci\u00f3n, \u201cporque significa que a la falta de sensibilidad y capacidad para investigar desde una perspectiva de g\u00e9nero, se suma la carencia de voluntad pol\u00edtica\u201d.<\/p>\n<p>\u201cMientras la impunidad se mantenga, la violencia feminicida se sigue agravando y extendiendo m\u00e1s all\u00e1 de los 40 municipios declarados con alerta por violencia de g\u00e9nero\u201d, insisti\u00f3.<\/p>\n<p>Adem\u00e1s, dijo, las 402 ni\u00f1as y mujeres asesinadas durante la actual administraci\u00f3n son una muestra contundente de que los derechos de las oaxaque\u00f1as est\u00e1n en riesgo y las declaraciones oficiales no son suficientes. \u201cJusticia y alto a la impunidad eso es lo que merecen todas y cada una de ellas\u201d, puntualiz\u00f3.<\/p>\n\n\n\n<p>Fuente:  <a href=\"https:\/\/imparcialoaxaca.mx\/oaxaca\/402475\/en-oaxaca-imparable-violencia-feminicida-gesmujer\/\">https:\/\/imparcialoaxaca.mx\/oaxaca\/402475\/en-oaxaca-imparable-violencia-feminicida-gesmujer\/<\/a> <\/p>\n","protected":false},"excerpt":{"rendered":"<p>Para la presidenta del Grupo de Estudios sobre la Mujer \u201cRosario Castellanos\u201d, Ang\u00e9lica Ayala Ortiz, la falta de reconocimiento de la gravedad de la violencia feminicida en Oaxaca, es uno de los principales obst\u00e1culos para atender esta problem\u00e1tica. Expuso que los datos que poseen autoridades de impartici\u00f3n de justicia, donde aseguran un descenso en los [&hellip;]<\/p>\n","protected":false},"author":4,"featured_media":5162,"comment_status":"closed","ping_status":"open","sticky":false,"template":"","format":"standard","meta":{"footnotes":""},"categories":[90,36,32],"tags":[],"class_list":["post-5170","post","type-post","status-publish","format-standard","has-post-thumbnail","hentry","category-articulos","category-comunicados","category-novedades"],"_links":{"self":[{"href":"https:\/\/www.gesmujer.org\/sitio\/index.php?rest_route=\/wp\/v2\/posts\/5170","targetHints":{"allow":["GET"]}}],"collection":[{"href":"https:\/\/www.gesmujer.org\/sitio\/index.php?rest_route=\/wp\/v2\/posts"}],"about":[{"href":"https:\/\/www.gesmujer.org\/sitio\/index.php?rest_route=\/wp\/v2\/types\/post"}],"author":[{"embeddable":true,"href":"https:\/\/www.gesmujer.org\/sitio\/index.php?rest_route=\/wp\/v2\/users\/4"}],"replies":[{"embeddable":true,"href":"https:\/\/www.gesmujer.org\/sitio\/index.php?rest_route=%2Fwp%2Fv2%2Fcomments&post=5170"}],"version-history":[{"count":1,"href":"https:\/\/www.gesmujer.org\/sitio\/index.php?rest_route=\/wp\/v2\/posts\/5170\/revisions"}],"predecessor-version":[{"id":5171,"href":"https:\/\/www.gesmujer.org\/sitio\/index.php?rest_route=\/wp\/v2\/posts\/5170\/revisions\/5171"}],"wp:featuredmedia":[{"embeddable":true,"href":"https:\/\/www.gesmujer.org\/sitio\/index.php?rest_route=\/wp\/v2\/media\/5162"}],"wp:attachment":[{"href":"https:\/\/www.gesmujer.org\/sitio\/index.php?rest_route=%2Fwp%2Fv2%2Fmedia&parent=5170"}],"wp:term":[{"taxonomy":"category","embeddable":true,"href":"https:\/\/www.gesmujer.org\/sitio\/index.php?rest_route=%2Fwp%2Fv2%2Fcategories&post=5170"},{"taxonomy":"post_tag","embeddable":true,"href":"https:\/\/www.gesmujer.org\/sitio\/index.php?rest_route=%2Fwp%2Fv2%2Ftags&post=5170"}],"curies":[{"name":"wp","href":"https:\/\/api.w.org\/{rel}","templated":true}]}}