{"id":5182,"date":"2020-02-20T00:21:00","date_gmt":"2020-02-20T06:21:00","guid":{"rendered":"https:\/\/www.gesmujer.org\/web\/?p=5182"},"modified":"2020-03-03T00:25:07","modified_gmt":"2020-03-03T06:25:07","slug":"preocupa-violencia-y-feminicidio-infantil-en-oaxaca-gesmujer","status":"publish","type":"post","link":"https:\/\/www.gesmujer.org\/sitio\/?p=5182","title":{"rendered":"Preocupa violencia y feminicidio  infantil en Oaxaca: GESMujer"},"content":{"rendered":"\n<p>Yadira Sosa:<\/p>\n\n\n\n<p>Integrantes del Grupo de Estudios sobre la Mujer \u201cRosario Castellanos\u201d (GESMujer ) demandaron a las autoridades una revisi\u00f3n puntual de la actuaci\u00f3n de cada autoridad que ha intervenido en los casos de violencia y feminicidio infantil, ante la falta de castigo a los agresores.<\/p>\n\n\n\n<p>\u201cYa basta de encubrir negligencias, es tiempo de fincar responsabilidades a todos los niveles y no solo a nivel operativo; la impunidad es una de las causas de que se mantenga e incremente la violencia feminicida en Oaxaca\u201d, expuso Ang\u00e9lica Ayala Ortiz, presidenta de la organizaci\u00f3n.<\/p>\n\n\n\n<p>Apenas hace unos d\u00edas en el Hospital de la Ni\u00f1ez Oaxaque\u00f1a, una menor de poco m\u00e1s de un a\u00f1o de edad muri\u00f3 como consecuencia de los golpes que recibi\u00f3 de sus tutores, que la llevaron al nosocomio por la gravedad de las lesiones y por las que muri\u00f3.<\/p>\n\n\n\n<p>\u201cCausa indignaci\u00f3n que ante la violencia feminicida, hoy se sume una ni\u00f1a m\u00e1s a la larga lista de v\u00edctimas de una violencia de Estado. Nos preocupa que \u00e9ste, c\u00f3mo tantos casos que mueven al repudio social, pudo haberse evitado si las autoridades hubieran actuado en su momento\u201d.<\/p>\n\n\n\n<p>De este caso de la menor, la presidenta del GESMujer se\u00f1al\u00f3 que de acuerdo a la informaci\u00f3n difundida, \u201cse ubica como posible responsable del feminicidio infantil a un hombre que contaba desde 2018 con orden de aprehensi\u00f3n por el delito de violaci\u00f3n\u201d.<\/p>\n\n\n\n<p>\u201c\u00bfQui\u00e9n o qui\u00e9nes fallaron en el cumplimiento de una orden de captura? La negligencia, la incapacidad, la falta de sensibilidad ante la violencia que enfrentan las mujeres, tambi\u00e9n las asesina de manera violenta y en \u00e9ste caso una beb\u00e9 pag\u00f3 con su vida la falta de actuaci\u00f3n de las autoridades\u201d.<\/p>\n\n\n\n<p>Consider\u00f3 preocupante en este caso se juzgue a la madre como \u00fanica responsable, cuando ella tambi\u00e9n pudo haber sido v\u00edctima de violencia y por lo tanto sus circunstancias deben considerarse.<\/p>\n\n\n\n<p>Fuente:  <a href=\"https:\/\/imparcialoaxaca.mx\/oaxaca\/407758\/preocupa-violencia-y-feminicidio-infantil-en-oaxaca-gesmujer\/\">https:\/\/imparcialoaxaca.mx\/oaxaca\/407758\/preocupa-violencia-y-feminicidio-infantil-en-oaxaca-gesmujer\/<\/a> <\/p>\n","protected":false},"excerpt":{"rendered":"<p>Yadira Sosa: Integrantes del Grupo de Estudios sobre la Mujer \u201cRosario Castellanos\u201d (GESMujer ) demandaron a las autoridades una revisi\u00f3n puntual de la actuaci\u00f3n de cada autoridad que ha intervenido en los casos de violencia y feminicidio infantil, ante la falta de castigo a los agresores. \u201cYa basta de encubrir negligencias, es tiempo de fincar [&hellip;]<\/p>\n","protected":false},"author":4,"featured_media":5183,"comment_status":"closed","ping_status":"open","sticky":false,"template":"","format":"standard","meta":{"give_campaign_id":0,"rs_blank_template":"","rs_page_bg_color":"","slide_template_v7":"","footnotes":""},"categories":[90,36,91,32],"tags":[],"class_list":["post-5182","post","type-post","status-publish","format-standard","has-post-thumbnail","hentry","category-articulos","category-comunicados","category-notas","category-novedades"],"_links":{"self":[{"href":"https:\/\/www.gesmujer.org\/sitio\/index.php?rest_route=\/wp\/v2\/posts\/5182","targetHints":{"allow":["GET"]}}],"collection":[{"href":"https:\/\/www.gesmujer.org\/sitio\/index.php?rest_route=\/wp\/v2\/posts"}],"about":[{"href":"https:\/\/www.gesmujer.org\/sitio\/index.php?rest_route=\/wp\/v2\/types\/post"}],"author":[{"embeddable":true,"href":"https:\/\/www.gesmujer.org\/sitio\/index.php?rest_route=\/wp\/v2\/users\/4"}],"replies":[{"embeddable":true,"href":"https:\/\/www.gesmujer.org\/sitio\/index.php?rest_route=%2Fwp%2Fv2%2Fcomments&post=5182"}],"version-history":[{"count":1,"href":"https:\/\/www.gesmujer.org\/sitio\/index.php?rest_route=\/wp\/v2\/posts\/5182\/revisions"}],"predecessor-version":[{"id":5184,"href":"https:\/\/www.gesmujer.org\/sitio\/index.php?rest_route=\/wp\/v2\/posts\/5182\/revisions\/5184"}],"wp:featuredmedia":[{"embeddable":true,"href":"https:\/\/www.gesmujer.org\/sitio\/index.php?rest_route=\/wp\/v2\/media\/5183"}],"wp:attachment":[{"href":"https:\/\/www.gesmujer.org\/sitio\/index.php?rest_route=%2Fwp%2Fv2%2Fmedia&parent=5182"}],"wp:term":[{"taxonomy":"category","embeddable":true,"href":"https:\/\/www.gesmujer.org\/sitio\/index.php?rest_route=%2Fwp%2Fv2%2Fcategories&post=5182"},{"taxonomy":"post_tag","embeddable":true,"href":"https:\/\/www.gesmujer.org\/sitio\/index.php?rest_route=%2Fwp%2Fv2%2Ftags&post=5182"}],"curies":[{"name":"wp","href":"https:\/\/api.w.org\/{rel}","templated":true}]}}