{"id":5206,"date":"2020-03-05T00:01:00","date_gmt":"2020-03-05T06:01:00","guid":{"rendered":"https:\/\/www.gesmujer.org\/web\/?p=5206"},"modified":"2020-03-07T00:03:57","modified_gmt":"2020-03-07T06:03:57","slug":"gesmujer-critica-actuacion-de-la-fiscalia-de-oaxaca-en-el-caso-de-feminicidio-infantil","status":"publish","type":"post","link":"https:\/\/www.gesmujer.org\/sitio\/gesmujer-critica-actuacion-de-la-fiscalia-de-oaxaca-en-el-caso-de-feminicidio-infantil\/","title":{"rendered":"GESMujer critica actuaci\u00f3n de la Fiscal\u00eda de Oaxaca en el caso de feminicidio infantil"},"content":{"rendered":"\n<p>Pedro Matias:  <\/p>\n\n\n\n<p><strong>OAXACA, Oax. (apro).- La presidenta del Grupo de Estudios sobre la Mujer \u201cRosario Castellanos\u201d (GESMujer), Ang\u00e9lica Ayala Ortiz, cuestion\u00f3 a la Fiscal\u00eda General del Estado (FGE) por su indolencia para actuar en el caso del feminicidio infantil ocurrido en la comunidad de San Pedro, en Villa de Zaachila.<\/strong> <\/p>\n\n\n\n<p><\/p>\n\n\n\n\n\n<p>\u201cLa negligencia, la incapacidad y la falta de sensibilidad ante la violencia que enfrentan las mujeres tambi\u00e9n las asesinan de manera violenta, y en este caso una beb\u00e9 pag\u00f3 con su vida la falta de actuaci\u00f3n de las autoridades\u201d, dijo Ayala.<\/p>\n\n\n\n<p>El pasado 9 de febrero, una ni\u00f1a de apenas un a\u00f1o y cuatro meses muri\u00f3 en el Hospital de la Ni\u00f1ez Oaxaque\u00f1a, a causa de una sepsis generalizada, deshidrataci\u00f3n, desnutrici\u00f3n severa y agresi\u00f3n sexual.<\/p>\n\n\n\n<p>El 13 de febrero, elementos de la Agencia Estatal de Investigaciones (AEI) detuvieron a F. E. S. C. o E. F. S. C como presunto responsable del feminicidio de su propia hija, pero fue vinculado a proceso por su probable responsabilidad en el delito de violaci\u00f3n agravada cometido en 2018, seg\u00fan consta en la causa penal 59\/2018.<\/p>\n\n\n\n<p>En cumplimiento a la orden de aprehensi\u00f3n asentada en la causa penal 228\/2020, el 27 de febrero agentes de la AEI tambi\u00e9n aprehendieron a la madre de la menor, identificada como L. E. M. L., por su presunta responsabilidad en el feminicidio agravado de su hija, cometido en jurisdicci\u00f3n del municipio de Villa de Zaachila, y ahora la FGE celebra que obtuvo del Juzgado de Control el auto de vinculaci\u00f3n a proceso contra la mujer.<\/p>\n\n\n\n<p>En audiencia celebrada ayer, el juez dict\u00f3 el auto de vinculaci\u00f3n a proceso y otorg\u00f3 cuatro meses para el cierre de investigaci\u00f3n complementaria.<\/p>\n\n\n\n<p>\u201cNos preocupa que \u00e9ste, como tantos casos que mueven al repudio social, pudo haberse evitado si las autoridades hubieran actuado en su momento\u201d, dijo la presidenta de GESMujer. Y precis\u00f3 que, de acuerdo con la informaci\u00f3n difundida, se ubica como posible responsable del feminicidio infantil a un hombre que desde 2018 contaba con una orden de aprehensi\u00f3n por el delito de violaci\u00f3n.<\/p>\n\n\n\n<p>\u00bfQui\u00e9n o qui\u00e9nes fallaron en el cumplimiento de una orden de captura?, pregunt\u00f3, y ella misma respondi\u00f3: \u201cAhora s\u00ed se busca salvaguardar a las menores, ahora s\u00ed se act\u00faa en su protecci\u00f3n, pero los antecedentes, las se\u00f1ales de riesgo estaban ah\u00ed desde hace a\u00f1os\u201d.<\/p>\n\n\n\n<p>Y manifest\u00f3 su preocupaci\u00f3n de que se juzgue a la madre como responsable, \u201cporque ella tambi\u00e9n ha sido v\u00edctima de violencia y por lo tanto se deben considerar las circunstancias en las que ella ha vivido. No se trata de culpar sino de evaluar su situaci\u00f3n\u201d.<\/p>\n\n\n\n<p>De acuerdo con el seguimiento hemerogr\u00e1fico del Centro de Documentaci\u00f3n de GESMujer, del 1 de diciembre de 2016 al 3 de marzo de 2020, es decir, lo que va del gobierno de Alejandro Murat Hinojosa, se han registrado 407 casos de mujeres asesinadas.<\/p>\n\n\n\n<p>El Istmo de Tehuantepec y Valles Centrales ocupan el primer lugar, con 84 casos (21%) cada uno, seguidos de la Costa, 68 (17%); Papaloapan, 66 (16%); Mixteca, 49 (12%); Sierra Sur, 28 (7%); Sierra norte, 17 (4%), y la Ca\u00f1ada, con 11 (3%).<\/p>\n\n\n\n<p>GESMujer destac\u00f3 que en el sexenio de Jos\u00e9 Murat Casab se cometieron 429 asesinatos de mujeres y 283 en el de Ulises Ruiz, mientras que en el gobierno de Gabino Cu\u00e9 Monteagudo la cifra se dispar\u00f3 a 527.<\/p>\n\n\n\n<p>Fuente:  <a href=\"https:\/\/www.proceso.com.mx\/620604\/gesmujer-critica-actuacion-de-la-fiscalia-de-oaxaca-en-el-caso-de-feminicidio-infantil\">https:\/\/www.proceso.com.mx\/620604\/gesmujer-critica-actuacion-de-la-fiscalia-de-oaxaca-en-el-caso-de-feminicidio-infantil<\/a> <\/p>\n","protected":false},"excerpt":{"rendered":"<p>Pedro Matias: OAXACA, Oax. (apro).- La presidenta del Grupo de Estudios sobre la Mujer \u201cRosario Castellanos\u201d (GESMujer), Ang\u00e9lica Ayala Ortiz, cuestion\u00f3 a la Fiscal\u00eda General del Estado (FGE) por su indolencia para actuar en el caso del feminicidio infantil ocurrido en la comunidad de San Pedro, en Villa de Zaachila. \u201cLa negligencia, la incapacidad y [&hellip;]<\/p>\n","protected":false},"author":4,"featured_media":0,"comment_status":"closed","ping_status":"open","sticky":false,"template":"","format":"standard","meta":{"give_campaign_id":0,"footnotes":""},"categories":[90,36,91,32],"tags":[],"class_list":["post-5206","post","type-post","status-publish","format-standard","hentry","category-articulos","category-comunicados","category-notas","category-novedades"],"yoast_head":"<!-- This site is optimized with the Yoast SEO plugin v27.4 - https:\/\/yoast.com\/product\/yoast-seo-wordpress\/ -->\n<title>GESMujer critica actuaci\u00f3n de la Fiscal\u00eda de Oaxaca en el caso de feminicidio infantil - GESMujer &quot;Rosario Castellanos&quot;<\/title>\n<meta name=\"robots\" content=\"index, follow, max-snippet:-1, max-image-preview:large, max-video-preview:-1\" \/>\n<link rel=\"canonical\" href=\"https:\/\/www.gesmujer.org\/sitio\/gesmujer-critica-actuacion-de-la-fiscalia-de-oaxaca-en-el-caso-de-feminicidio-infantil\/\" \/>\n<meta property=\"og:locale\" content=\"es_MX\" \/>\n<meta property=\"og:type\" content=\"article\" \/>\n<meta property=\"og:title\" content=\"GESMujer critica actuaci\u00f3n de la Fiscal\u00eda de Oaxaca en el caso de feminicidio infantil - GESMujer &quot;Rosario Castellanos&quot;\" \/>\n<meta property=\"og:description\" content=\"Pedro Matias: OAXACA, Oax. (apro).- La presidenta del Grupo de Estudios sobre la Mujer \u201cRosario Castellanos\u201d (GESMujer), Ang\u00e9lica Ayala Ortiz, cuestion\u00f3 a la Fiscal\u00eda General del Estado (FGE) por su indolencia para actuar en el caso del feminicidio infantil ocurrido en la comunidad de San Pedro, en Villa de Zaachila. \u201cLa negligencia, la incapacidad y [&hellip;]\" \/>\n<meta property=\"og:url\" content=\"https:\/\/www.gesmujer.org\/sitio\/gesmujer-critica-actuacion-de-la-fiscalia-de-oaxaca-en-el-caso-de-feminicidio-infantil\/\" \/>\n<meta property=\"og:site_name\" content=\"GESMujer &quot;Rosario Castellanos&quot;\" \/>\n<meta property=\"article:publisher\" content=\"https:\/\/www.facebook.com\/gesmujer.rosario.castellanos.ac\" \/>\n<meta property=\"article:published_time\" content=\"2020-03-05T06:01:00+00:00\" \/>\n<meta property=\"article:modified_time\" content=\"2020-03-07T06:03:57+00:00\" \/>\n<meta property=\"og:image\" content=\"https:\/\/www.gesmujer.org\/sitio\/wp-content\/uploads\/2023\/07\/tecnologia.png\" \/>\n\t<meta property=\"og:image:width\" content=\"1624\" \/>\n\t<meta property=\"og:image:height\" content=\"1242\" \/>\n\t<meta property=\"og:image:type\" content=\"image\/png\" \/>\n<meta name=\"author\" content=\"cendoc\" \/>\n<meta name=\"twitter:card\" content=\"summary_large_image\" \/>\n<meta name=\"twitter:creator\" content=\"@GES_Mujer\" \/>\n<meta name=\"twitter:site\" content=\"@GES_Mujer\" \/>\n<meta name=\"twitter:label1\" content=\"Escrito por\" \/>\n\t<meta name=\"twitter:data1\" content=\"cendoc\" \/>\n\t<meta name=\"twitter:label2\" content=\"Tiempo de lectura\" \/>\n\t<meta name=\"twitter:data2\" content=\"3 minutos\" \/>\n<script type=\"application\/ld+json\" class=\"yoast-schema-graph\">{\"@context\":\"https:\\\/\\\/schema.org\",\"@graph\":[{\"@type\":\"Article\",\"@id\":\"https:\\\/\\\/www.gesmujer.org\\\/sitio\\\/gesmujer-critica-actuacion-de-la-fiscalia-de-oaxaca-en-el-caso-de-feminicidio-infantil\\\/#article\",\"isPartOf\":{\"@id\":\"https:\\\/\\\/www.gesmujer.org\\\/sitio\\\/gesmujer-critica-actuacion-de-la-fiscalia-de-oaxaca-en-el-caso-de-feminicidio-infantil\\\/\"},\"author\":{\"name\":\"cendoc\",\"@id\":\"https:\\\/\\\/www.gesmujer.org\\\/sitio\\\/#\\\/schema\\\/person\\\/50e03387f883646c2714c51783a7e288\"},\"headline\":\"GESMujer critica actuaci\u00f3n de la Fiscal\u00eda de Oaxaca en el caso de feminicidio infantil\",\"datePublished\":\"2020-03-05T06:01:00+00:00\",\"dateModified\":\"2020-03-07T06:03:57+00:00\",\"mainEntityOfPage\":{\"@id\":\"https:\\\/\\\/www.gesmujer.org\\\/sitio\\\/gesmujer-critica-actuacion-de-la-fiscalia-de-oaxaca-en-el-caso-de-feminicidio-infantil\\\/\"},\"wordCount\":586,\"publisher\":{\"@id\":\"https:\\\/\\\/www.gesmujer.org\\\/sitio\\\/#organization\"},\"articleSection\":[\"ARTICULOS\",\"COMUNICADOS\",\"NOTAS\",\"NOTICIAS\"],\"inLanguage\":\"es\"},{\"@type\":\"WebPage\",\"@id\":\"https:\\\/\\\/www.gesmujer.org\\\/sitio\\\/gesmujer-critica-actuacion-de-la-fiscalia-de-oaxaca-en-el-caso-de-feminicidio-infantil\\\/\",\"url\":\"https:\\\/\\\/www.gesmujer.org\\\/sitio\\\/gesmujer-critica-actuacion-de-la-fiscalia-de-oaxaca-en-el-caso-de-feminicidio-infantil\\\/\",\"name\":\"GESMujer critica actuaci\u00f3n de la Fiscal\u00eda de Oaxaca en el caso de feminicidio infantil - GESMujer &quot;Rosario Castellanos&quot;\",\"isPartOf\":{\"@id\":\"https:\\\/\\\/www.gesmujer.org\\\/sitio\\\/#website\"},\"datePublished\":\"2020-03-05T06:01:00+00:00\",\"dateModified\":\"2020-03-07T06:03:57+00:00\",\"breadcrumb\":{\"@id\":\"https:\\\/\\\/www.gesmujer.org\\\/sitio\\\/gesmujer-critica-actuacion-de-la-fiscalia-de-oaxaca-en-el-caso-de-feminicidio-infantil\\\/#breadcrumb\"},\"inLanguage\":\"es\",\"potentialAction\":[{\"@type\":\"ReadAction\",\"target\":[\"https:\\\/\\\/www.gesmujer.org\\\/sitio\\\/gesmujer-critica-actuacion-de-la-fiscalia-de-oaxaca-en-el-caso-de-feminicidio-infantil\\\/\"]}]},{\"@type\":\"BreadcrumbList\",\"@id\":\"https:\\\/\\\/www.gesmujer.org\\\/sitio\\\/gesmujer-critica-actuacion-de-la-fiscalia-de-oaxaca-en-el-caso-de-feminicidio-infantil\\\/#breadcrumb\",\"itemListElement\":[{\"@type\":\"ListItem\",\"position\":1,\"name\":\"Home\",\"item\":\"https:\\\/\\\/www.gesmujer.org\\\/sitio\\\/\"},{\"@type\":\"ListItem\",\"position\":2,\"name\":\"GESMujer critica actuaci\u00f3n de la Fiscal\u00eda de Oaxaca en el caso de feminicidio infantil\"}]},{\"@type\":\"WebSite\",\"@id\":\"https:\\\/\\\/www.gesmujer.org\\\/sitio\\\/#website\",\"url\":\"https:\\\/\\\/www.gesmujer.org\\\/sitio\\\/\",\"name\":\"GESMujer \\\"Rosario Castellanos\\\"\",\"description\":\"M\u00e1s de 45 a\u00f1os ha llevado a cabo acciones para erradicar la violencia de g\u00e9nero y construir entornos donde las mujeres encuentren su resiliencia, incrementen su agencia y autonom\u00eda que les permita lograr su empoderamiento a trav\u00e9s de cinco l\u00edneas de acci\u00f3n.\",\"publisher\":{\"@id\":\"https:\\\/\\\/www.gesmujer.org\\\/sitio\\\/#organization\"},\"alternateName\":\"GESMujer\",\"potentialAction\":[{\"@type\":\"SearchAction\",\"target\":{\"@type\":\"EntryPoint\",\"urlTemplate\":\"https:\\\/\\\/www.gesmujer.org\\\/sitio\\\/?s={search_term_string}\"},\"query-input\":{\"@type\":\"PropertyValueSpecification\",\"valueRequired\":true,\"valueName\":\"search_term_string\"}}],\"inLanguage\":\"es\"},{\"@type\":\"Organization\",\"@id\":\"https:\\\/\\\/www.gesmujer.org\\\/sitio\\\/#organization\",\"name\":\"Grupo de estudios sobre la mujer Rosario Castellanos ac\",\"alternateName\":\"GESMujer\",\"url\":\"https:\\\/\\\/www.gesmujer.org\\\/sitio\\\/\",\"logo\":{\"@type\":\"ImageObject\",\"inLanguage\":\"es\",\"@id\":\"https:\\\/\\\/www.gesmujer.org\\\/sitio\\\/#\\\/schema\\\/logo\\\/image\\\/\",\"url\":\"https:\\\/\\\/www.gesmujer.org\\\/sitio\\\/wp-content\\\/uploads\\\/2026\\\/03\\\/Logo-GESMujer-300.png\",\"contentUrl\":\"https:\\\/\\\/www.gesmujer.org\\\/sitio\\\/wp-content\\\/uploads\\\/2026\\\/03\\\/Logo-GESMujer-300.png\",\"width\":300,\"height\":141,\"caption\":\"Grupo de estudios sobre la mujer Rosario Castellanos ac\"},\"image\":{\"@id\":\"https:\\\/\\\/www.gesmujer.org\\\/sitio\\\/#\\\/schema\\\/logo\\\/image\\\/\"},\"sameAs\":[\"https:\\\/\\\/www.facebook.com\\\/gesmujer.rosario.castellanos.ac\",\"https:\\\/\\\/x.com\\\/GES_Mujer\",\"https:\\\/\\\/www.instagram.com\\\/ges_mujer\\\/?hl=es\",\"https:\\\/\\\/www.youtube.com\\\/c\\\/GESMujerRosarioCastellanos\\\/videos\",\"https:\\\/\\\/soundcloud.com\\\/gesmujerac\",\"https:\\\/\\\/www.tiktok.com\\\/@gesmujer\"]},{\"@type\":\"Person\",\"@id\":\"https:\\\/\\\/www.gesmujer.org\\\/sitio\\\/#\\\/schema\\\/person\\\/50e03387f883646c2714c51783a7e288\",\"name\":\"cendoc\",\"image\":{\"@type\":\"ImageObject\",\"inLanguage\":\"es\",\"@id\":\"https:\\\/\\\/secure.gravatar.com\\\/avatar\\\/2f187338ccb33c33bc1b08e92e2247a6891db221398e12bbc0f5ff0cfc462495?s=96&d=mm&r=g\",\"url\":\"https:\\\/\\\/secure.gravatar.com\\\/avatar\\\/2f187338ccb33c33bc1b08e92e2247a6891db221398e12bbc0f5ff0cfc462495?s=96&d=mm&r=g\",\"contentUrl\":\"https:\\\/\\\/secure.gravatar.com\\\/avatar\\\/2f187338ccb33c33bc1b08e92e2247a6891db221398e12bbc0f5ff0cfc462495?s=96&d=mm&r=g\",\"caption\":\"cendoc\"},\"sameAs\":[\"http:\\\/\\\/gesmujer.org\"],\"url\":\"https:\\\/\\\/www.gesmujer.org\\\/sitio\\\/author\\\/cendoc\\\/\"}]}<\/script>\n<!-- \/ Yoast SEO plugin. -->","yoast_head_json":{"title":"GESMujer critica actuaci\u00f3n de la Fiscal\u00eda de Oaxaca en el caso de feminicidio infantil - GESMujer &quot;Rosario Castellanos&quot;","robots":{"index":"index","follow":"follow","max-snippet":"max-snippet:-1","max-image-preview":"max-image-preview:large","max-video-preview":"max-video-preview:-1"},"canonical":"https:\/\/www.gesmujer.org\/sitio\/gesmujer-critica-actuacion-de-la-fiscalia-de-oaxaca-en-el-caso-de-feminicidio-infantil\/","og_locale":"es_MX","og_type":"article","og_title":"GESMujer critica actuaci\u00f3n de la Fiscal\u00eda de Oaxaca en el caso de feminicidio infantil - GESMujer &quot;Rosario Castellanos&quot;","og_description":"Pedro Matias: OAXACA, Oax. (apro).- La presidenta del Grupo de Estudios sobre la Mujer \u201cRosario Castellanos\u201d (GESMujer), Ang\u00e9lica Ayala Ortiz, cuestion\u00f3 a la Fiscal\u00eda General del Estado (FGE) por su indolencia para actuar en el caso del feminicidio infantil ocurrido en la comunidad de San Pedro, en Villa de Zaachila. \u201cLa negligencia, la incapacidad y [&hellip;]","og_url":"https:\/\/www.gesmujer.org\/sitio\/gesmujer-critica-actuacion-de-la-fiscalia-de-oaxaca-en-el-caso-de-feminicidio-infantil\/","og_site_name":"GESMujer &quot;Rosario Castellanos&quot;","article_publisher":"https:\/\/www.facebook.com\/gesmujer.rosario.castellanos.ac","article_published_time":"2020-03-05T06:01:00+00:00","article_modified_time":"2020-03-07T06:03:57+00:00","og_image":[{"width":1624,"height":1242,"url":"https:\/\/www.gesmujer.org\/sitio\/wp-content\/uploads\/2023\/07\/tecnologia.png","type":"image\/png"}],"author":"cendoc","twitter_card":"summary_large_image","twitter_creator":"@GES_Mujer","twitter_site":"@GES_Mujer","twitter_misc":{"Escrito por":"cendoc","Tiempo de lectura":"3 minutos"},"schema":{"@context":"https:\/\/schema.org","@graph":[{"@type":"Article","@id":"https:\/\/www.gesmujer.org\/sitio\/gesmujer-critica-actuacion-de-la-fiscalia-de-oaxaca-en-el-caso-de-feminicidio-infantil\/#article","isPartOf":{"@id":"https:\/\/www.gesmujer.org\/sitio\/gesmujer-critica-actuacion-de-la-fiscalia-de-oaxaca-en-el-caso-de-feminicidio-infantil\/"},"author":{"name":"cendoc","@id":"https:\/\/www.gesmujer.org\/sitio\/#\/schema\/person\/50e03387f883646c2714c51783a7e288"},"headline":"GESMujer critica actuaci\u00f3n de la Fiscal\u00eda de Oaxaca en el caso de feminicidio infantil","datePublished":"2020-03-05T06:01:00+00:00","dateModified":"2020-03-07T06:03:57+00:00","mainEntityOfPage":{"@id":"https:\/\/www.gesmujer.org\/sitio\/gesmujer-critica-actuacion-de-la-fiscalia-de-oaxaca-en-el-caso-de-feminicidio-infantil\/"},"wordCount":586,"publisher":{"@id":"https:\/\/www.gesmujer.org\/sitio\/#organization"},"articleSection":["ARTICULOS","COMUNICADOS","NOTAS","NOTICIAS"],"inLanguage":"es"},{"@type":"WebPage","@id":"https:\/\/www.gesmujer.org\/sitio\/gesmujer-critica-actuacion-de-la-fiscalia-de-oaxaca-en-el-caso-de-feminicidio-infantil\/","url":"https:\/\/www.gesmujer.org\/sitio\/gesmujer-critica-actuacion-de-la-fiscalia-de-oaxaca-en-el-caso-de-feminicidio-infantil\/","name":"GESMujer critica actuaci\u00f3n de la Fiscal\u00eda de Oaxaca en el caso de feminicidio infantil - GESMujer &quot;Rosario Castellanos&quot;","isPartOf":{"@id":"https:\/\/www.gesmujer.org\/sitio\/#website"},"datePublished":"2020-03-05T06:01:00+00:00","dateModified":"2020-03-07T06:03:57+00:00","breadcrumb":{"@id":"https:\/\/www.gesmujer.org\/sitio\/gesmujer-critica-actuacion-de-la-fiscalia-de-oaxaca-en-el-caso-de-feminicidio-infantil\/#breadcrumb"},"inLanguage":"es","potentialAction":[{"@type":"ReadAction","target":["https:\/\/www.gesmujer.org\/sitio\/gesmujer-critica-actuacion-de-la-fiscalia-de-oaxaca-en-el-caso-de-feminicidio-infantil\/"]}]},{"@type":"BreadcrumbList","@id":"https:\/\/www.gesmujer.org\/sitio\/gesmujer-critica-actuacion-de-la-fiscalia-de-oaxaca-en-el-caso-de-feminicidio-infantil\/#breadcrumb","itemListElement":[{"@type":"ListItem","position":1,"name":"Home","item":"https:\/\/www.gesmujer.org\/sitio\/"},{"@type":"ListItem","position":2,"name":"GESMujer critica actuaci\u00f3n de la Fiscal\u00eda de Oaxaca en el caso de feminicidio infantil"}]},{"@type":"WebSite","@id":"https:\/\/www.gesmujer.org\/sitio\/#website","url":"https:\/\/www.gesmujer.org\/sitio\/","name":"GESMujer \"Rosario Castellanos\"","description":"M\u00e1s de 45 a\u00f1os ha llevado a cabo acciones para erradicar la violencia de g\u00e9nero y construir entornos donde las mujeres encuentren su resiliencia, incrementen su agencia y autonom\u00eda que les permita lograr su empoderamiento a trav\u00e9s de cinco l\u00edneas de acci\u00f3n.","publisher":{"@id":"https:\/\/www.gesmujer.org\/sitio\/#organization"},"alternateName":"GESMujer","potentialAction":[{"@type":"SearchAction","target":{"@type":"EntryPoint","urlTemplate":"https:\/\/www.gesmujer.org\/sitio\/?s={search_term_string}"},"query-input":{"@type":"PropertyValueSpecification","valueRequired":true,"valueName":"search_term_string"}}],"inLanguage":"es"},{"@type":"Organization","@id":"https:\/\/www.gesmujer.org\/sitio\/#organization","name":"Grupo de estudios sobre la mujer Rosario Castellanos ac","alternateName":"GESMujer","url":"https:\/\/www.gesmujer.org\/sitio\/","logo":{"@type":"ImageObject","inLanguage":"es","@id":"https:\/\/www.gesmujer.org\/sitio\/#\/schema\/logo\/image\/","url":"https:\/\/www.gesmujer.org\/sitio\/wp-content\/uploads\/2026\/03\/Logo-GESMujer-300.png","contentUrl":"https:\/\/www.gesmujer.org\/sitio\/wp-content\/uploads\/2026\/03\/Logo-GESMujer-300.png","width":300,"height":141,"caption":"Grupo de estudios sobre la mujer Rosario Castellanos ac"},"image":{"@id":"https:\/\/www.gesmujer.org\/sitio\/#\/schema\/logo\/image\/"},"sameAs":["https:\/\/www.facebook.com\/gesmujer.rosario.castellanos.ac","https:\/\/x.com\/GES_Mujer","https:\/\/www.instagram.com\/ges_mujer\/?hl=es","https:\/\/www.youtube.com\/c\/GESMujerRosarioCastellanos\/videos","https:\/\/soundcloud.com\/gesmujerac","https:\/\/www.tiktok.com\/@gesmujer"]},{"@type":"Person","@id":"https:\/\/www.gesmujer.org\/sitio\/#\/schema\/person\/50e03387f883646c2714c51783a7e288","name":"cendoc","image":{"@type":"ImageObject","inLanguage":"es","@id":"https:\/\/secure.gravatar.com\/avatar\/2f187338ccb33c33bc1b08e92e2247a6891db221398e12bbc0f5ff0cfc462495?s=96&d=mm&r=g","url":"https:\/\/secure.gravatar.com\/avatar\/2f187338ccb33c33bc1b08e92e2247a6891db221398e12bbc0f5ff0cfc462495?s=96&d=mm&r=g","contentUrl":"https:\/\/secure.gravatar.com\/avatar\/2f187338ccb33c33bc1b08e92e2247a6891db221398e12bbc0f5ff0cfc462495?s=96&d=mm&r=g","caption":"cendoc"},"sameAs":["http:\/\/gesmujer.org"],"url":"https:\/\/www.gesmujer.org\/sitio\/author\/cendoc\/"}]}},"_links":{"self":[{"href":"https:\/\/www.gesmujer.org\/sitio\/wp-json\/wp\/v2\/posts\/5206","targetHints":{"allow":["GET"]}}],"collection":[{"href":"https:\/\/www.gesmujer.org\/sitio\/wp-json\/wp\/v2\/posts"}],"about":[{"href":"https:\/\/www.gesmujer.org\/sitio\/wp-json\/wp\/v2\/types\/post"}],"author":[{"embeddable":true,"href":"https:\/\/www.gesmujer.org\/sitio\/wp-json\/wp\/v2\/users\/4"}],"replies":[{"embeddable":true,"href":"https:\/\/www.gesmujer.org\/sitio\/wp-json\/wp\/v2\/comments?post=5206"}],"version-history":[{"count":1,"href":"https:\/\/www.gesmujer.org\/sitio\/wp-json\/wp\/v2\/posts\/5206\/revisions"}],"predecessor-version":[{"id":5207,"href":"https:\/\/www.gesmujer.org\/sitio\/wp-json\/wp\/v2\/posts\/5206\/revisions\/5207"}],"wp:attachment":[{"href":"https:\/\/www.gesmujer.org\/sitio\/wp-json\/wp\/v2\/media?parent=5206"}],"wp:term":[{"taxonomy":"category","embeddable":true,"href":"https:\/\/www.gesmujer.org\/sitio\/wp-json\/wp\/v2\/categories?post=5206"},{"taxonomy":"post_tag","embeddable":true,"href":"https:\/\/www.gesmujer.org\/sitio\/wp-json\/wp\/v2\/tags?post=5206"}],"curies":[{"name":"wp","href":"https:\/\/api.w.org\/{rel}","templated":true}]}}