{"id":5457,"date":"2020-06-02T20:50:00","date_gmt":"2020-06-03T02:50:00","guid":{"rendered":"https:\/\/www.gesmujer.org\/web\/?p=5457"},"modified":"2020-07-18T10:04:27","modified_gmt":"2020-07-18T16:04:27","slug":"impunidad-en-caso-de-maria-del-sol-debe-ser-sancionada-gesmujer","status":"publish","type":"post","link":"https:\/\/www.gesmujer.org\/sitio\/impunidad-en-caso-de-maria-del-sol-debe-ser-sancionada-gesmujer\/","title":{"rendered":"Impunidad en caso de Mar\u00eda del Sol debe ser sancionada: GESMujer"},"content":{"rendered":"\n<p>Evlin Arag\u00f3n, Martes 2 de junio de 2020, Zona Roja.- \u201cLa impunidad debe ser sancionada socialmente, visibilizada ante la opini\u00f3n p\u00fablica, cuestionada su \u2018normalizaci\u00f3n\u2019 y castigada conforme a derecho\u201d.<\/p>\n\n\n\n<p>As\u00ed lo refiere Ang\u00e9lica Ayala, presidenta del Grupo de estudios sobre la mujer Rosario Castellanos (GESMujer), al referirse al caso de Mar\u00eda de Sol Cruz, que este martes cumple dos a\u00f1os de haber sido asesinada, sin que exista justicia.<\/p>\n\n\n\n<figure class=\"wp-block-embed-youtube wp-block-embed is-type-video is-provider-youtube wp-embed-aspect-16-9 wp-has-aspect-ratio\"><div class=\"wp-block-embed__wrapper\">\n<iframe  id=\"_ytid_47311\"  width=\"1060\" height=\"596\"  data-origwidth=\"1060\" data-origheight=\"596\" src=\"https:\/\/www.youtube.com\/embed\/WKLjgVbr0MQ?enablejsapi=1&#038;autoplay=0&#038;cc_load_policy=0&#038;cc_lang_pref=&#038;iv_load_policy=1&#038;loop=0&#038;rel=0&#038;fs=1&#038;playsinline=0&#038;autohide=2&#038;theme=dark&#038;color=red&#038;controls=1&#038;disablekb=0&#038;\" class=\"__youtube_prefs__  epyt-is-override  no-lazyload\" title=\"YouTube player\"  allow=\"fullscreen; accelerometer; autoplay; clipboard-write; encrypted-media; gyroscope; picture-in-picture; web-share\" referrerpolicy=\"strict-origin-when-cross-origin\" allowfullscreen data-no-lazy=\"1\" data-skipgform_ajax_framebjll=\"\"><\/iframe>\n<\/div><\/figure>\n\n\n\n<p>De acuerdo con la activista, las sanciones deben incluir a la Fiscal\u00eda General de Oaxaca, encabezada por Rub\u00e9n Vasconcelos M\u00e9ndez, pues es directamente responsable de las actuaciones que violentan los derechos humanos en el acceso a la justicia, as\u00ed como a las instituciones que han sido omisas ante los reiterados llamados de la familia de la joven y cientos de personas que las respaldan.<\/p>\n\n\n\n<p>\u201cAnte instancias omisas, que desalientan y revictimizan a las mujeres que se atreven a exigir justicia, es de reconocer la valent\u00eda y la fuerza de Soledad Jarqu\u00edn y junto a ella seguiremos exigiendo castigo a los culpables. \u00a1Justicia para Sol!\u201d, refiri\u00f3.<\/p>\n\n\n\n<p>En un video en el que participa todo el equipo de GESMujer para pronunciare ante el caso, Ximena Avellanada, quien fuera representante de la organizaci\u00f3n en a\u00f1os pasados, coincidi\u00f3 en que existe una grave incapacidad e impunidad al interior de los \u00f3rganos de gobierno encargados de la procuraci\u00f3n de justicia en este y m\u00e1s de 400 feminicidios registrados en este sexenio.<\/p>\n\n\n\n<p>\u201cLa muerte de Mar\u00eda del Sol as\u00ed como el asesinato de 429 mujeres en lo que va de este sexenio es una tragedia que nos agravia y no entristece profundamente m\u00e1s a\u00fan cuando podemos ver y constatar la incapacidad e impunidad que los diferentes \u00f3rganos de gobierno tienen en la procuraci\u00f3n de justicia\u201d, expuso.<\/p>\n\n\n\n<p>En un comunicado, el equipo del organismo social lament\u00f3 que la procuraci\u00f3n e impartici\u00f3n de justicia en Oaxaca, tenga un balance negativo en materia de violencia por raz\u00f3n de g\u00e9nero, donde las omisiones, las negligencias y la falta de voluntad pol\u00edtica para atender, prevenir, sancionar y erradicar la violencia hacia las mujeres, han provocado que la violencia feminicida exista, se mantenga y se agrave en el estado.<\/p>\n\n\n\n<p>\u201cSoledad Jarqu\u00edn, madre de Mar\u00eda del Sol, ha recorrido d\u00eda a d\u00eda, cada oficina, juzgado e instancia institucional que ha sido necesario, en busca de una justicia que no llega. Una y otra vez ha habido dilaci\u00f3n en las audiencias atribuidas a fallas t\u00e9cnicas, irregularidades en el proceso y negligencias\u201d, cit\u00f3.<\/p>\n\n\n\n<p>Tambi\u00e9n insisti\u00f3 que la ineficiencia, carencia de sensibilidad y de comprensi\u00f3n del enfoque de g\u00e9nero siguen caracterizando al personal que tiene dentro de sus responsabilidades atender a las mujeres en situaci\u00f3n de violencia y a las mujeres que como Soledad Jarqu\u00edn, siguen exigiendo justicia y en su camino a lo que se enfrentan es a una violencia institucional tipificada como delito en la Ley General de Acceso de las Mujeres a una Vida Libre de Violencia y que debe ser sancionada.<\/p>\n\n\n\n<p>Finalmente explicaron que no solo Mar\u00eda del Sol Cruz Jarqu\u00edn, fue v\u00edctima de feminicidio, sino que Soledad Jarqu\u00edn ha sido re victimizada por un sistema de justicia omiso, raz\u00f3n por la que, a dos a\u00f1os de asesinato de la fotoperiodista, demandaron una investigaci\u00f3n exhaustiva sobre la actuaci\u00f3n de&nbsp; las instancias que acci\u00f3n u omisi\u00f3n han dilatado u obstaculizado el acceso a la justicia.<\/p>\n\n\n\n<p>De acuerdo con las declaraciones de la madre de la joven, son la Fiscal\u00eda General Justicia del Estado, la Fiscal\u00eda Especializada en Delitos Electorales, el Tribunal de Justicia Administrativa, la Secretar\u00eda de Finanzas y el propio gobernador de Oaxaca, quienes han evadido su responsabilidad y no han cumplido con la parte que les corresponde para brindar justicia para Mar\u00eda del Sol.<\/p>\n\n\n\n<p>Fuente: <a href=\"https:\/\/www.zonaroja.com.mx\/?p=13219\">https:\/\/www.zonaroja.com.mx\/?p=13219<\/a><\/p>\n","protected":false},"excerpt":{"rendered":"<p>Evlin Arag\u00f3n, Martes 2 de junio de 2020, Zona Roja.- \u201cLa impunidad debe ser sancionada socialmente, visibilizada ante la opini\u00f3n p\u00fablica, cuestionada su \u2018normalizaci\u00f3n\u2019 y castigada conforme a derecho\u201d. As\u00ed lo refiere Ang\u00e9lica Ayala, presidenta del Grupo de estudios sobre la mujer Rosario Castellanos (GESMujer), al referirse al caso de Mar\u00eda de Sol Cruz, que [&hellip;]<\/p>\n","protected":false},"author":4,"featured_media":5458,"comment_status":"closed","ping_status":"open","sticky":false,"template":"","format":"standard","meta":{"give_campaign_id":0,"footnotes":""},"categories":[91,32],"tags":[461,58,80],"class_list":["post-5457","post","type-post","status-publish","format-standard","has-post-thumbnail","hentry","category-notas","category-novedades","tag-justiciaparasol","tag-gesmujer","tag-oaxaca"],"yoast_head":"<!-- This site is optimized with the Yoast SEO plugin v27.4 - https:\/\/yoast.com\/product\/yoast-seo-wordpress\/ -->\n<title>Impunidad en caso de Mar\u00eda del Sol debe ser sancionada: GESMujer - GESMujer &quot;Rosario Castellanos&quot;<\/title>\n<meta name=\"robots\" content=\"index, follow, max-snippet:-1, max-image-preview:large, max-video-preview:-1\" \/>\n<link rel=\"canonical\" href=\"https:\/\/www.gesmujer.org\/sitio\/impunidad-en-caso-de-maria-del-sol-debe-ser-sancionada-gesmujer\/\" \/>\n<meta property=\"og:locale\" content=\"es_MX\" \/>\n<meta property=\"og:type\" content=\"article\" \/>\n<meta property=\"og:title\" content=\"Impunidad en caso de Mar\u00eda del Sol debe ser sancionada: GESMujer\" \/>\n<meta property=\"og:description\" content=\"Soledad Jarqu\u00edn, madre de Mar\u00eda del Sol, ha recorrido d\u00eda a d\u00eda, cada oficina, juzgado e instancia institucional que ha sido necesario, en busca de una justicia que no llega. Una y otra vez ha habido dilaci\u00f3n en las audiencias atribuidas a fallas t\u00e9cnicas, irregularidades en el proceso y negligencias.\" \/>\n<meta property=\"og:url\" content=\"https:\/\/www.gesmujer.org\/sitio\/impunidad-en-caso-de-maria-del-sol-debe-ser-sancionada-gesmujer\/\" \/>\n<meta property=\"og:site_name\" content=\"GESMujer &quot;Rosario Castellanos&quot;\" \/>\n<meta property=\"article:publisher\" content=\"https:\/\/www.facebook.com\/gesmujer.rosario.castellanos.ac\" \/>\n<meta property=\"article:published_time\" content=\"2020-06-03T02:50:00+00:00\" \/>\n<meta property=\"article:modified_time\" content=\"2020-07-18T16:04:27+00:00\" \/>\n<meta property=\"og:image\" content=\"https:\/\/www.gesmujer.org\/sitio\/wp-content\/uploads\/2020\/06\/Familia-Sol-Jarqu\u00edn.png\" \/>\n\t<meta property=\"og:image:width\" content=\"320\" \/>\n\t<meta property=\"og:image:height\" content=\"240\" \/>\n\t<meta property=\"og:image:type\" content=\"image\/png\" \/>\n<meta name=\"author\" content=\"cendoc\" \/>\n<meta name=\"twitter:card\" content=\"summary_large_image\" \/>\n<meta name=\"twitter:title\" content=\"Impunidad en caso de Mar\u00eda del Sol debe ser sancionada: GESMujer\" \/>\n<meta name=\"twitter:description\" content=\"Soledad Jarqu\u00edn, madre de Mar\u00eda del Sol, ha recorrido d\u00eda a d\u00eda, cada oficina, juzgado e instancia institucional que ha sido necesario, en busca de una justicia que no llega. Una y otra vez ha habido dilaci\u00f3n en las audiencias atribuidas a fallas t\u00e9cnicas, irregularidades en el proceso y negligencias.\" \/>\n<meta name=\"twitter:image\" content=\"https:\/\/www.gesmujer.org\/sitio\/wp-content\/uploads\/2020\/06\/Familia-Sol-Jarqu\u00edn.png\" \/>\n<meta name=\"twitter:creator\" content=\"@GES_Mujer\" \/>\n<meta name=\"twitter:site\" content=\"@GES_Mujer\" \/>\n<meta name=\"twitter:label1\" content=\"Escrito por\" \/>\n\t<meta name=\"twitter:data1\" content=\"cendoc\" \/>\n\t<meta name=\"twitter:label2\" content=\"Tiempo de lectura\" \/>\n\t<meta name=\"twitter:data2\" content=\"3 minutos\" \/>\n<script type=\"application\/ld+json\" class=\"yoast-schema-graph\">{\"@context\":\"https:\\\/\\\/schema.org\",\"@graph\":[{\"@type\":\"Article\",\"@id\":\"https:\\\/\\\/www.gesmujer.org\\\/sitio\\\/impunidad-en-caso-de-maria-del-sol-debe-ser-sancionada-gesmujer\\\/#article\",\"isPartOf\":{\"@id\":\"https:\\\/\\\/www.gesmujer.org\\\/sitio\\\/impunidad-en-caso-de-maria-del-sol-debe-ser-sancionada-gesmujer\\\/\"},\"author\":{\"name\":\"cendoc\",\"@id\":\"https:\\\/\\\/www.gesmujer.org\\\/sitio\\\/#\\\/schema\\\/person\\\/50e03387f883646c2714c51783a7e288\"},\"headline\":\"Impunidad en caso de Mar\u00eda del Sol debe ser sancionada: GESMujer\",\"datePublished\":\"2020-06-03T02:50:00+00:00\",\"dateModified\":\"2020-07-18T16:04:27+00:00\",\"mainEntityOfPage\":{\"@id\":\"https:\\\/\\\/www.gesmujer.org\\\/sitio\\\/impunidad-en-caso-de-maria-del-sol-debe-ser-sancionada-gesmujer\\\/\"},\"wordCount\":683,\"publisher\":{\"@id\":\"https:\\\/\\\/www.gesmujer.org\\\/sitio\\\/#organization\"},\"image\":{\"@id\":\"https:\\\/\\\/www.gesmujer.org\\\/sitio\\\/impunidad-en-caso-de-maria-del-sol-debe-ser-sancionada-gesmujer\\\/#primaryimage\"},\"thumbnailUrl\":\"https:\\\/\\\/www.gesmujer.org\\\/sitio\\\/wp-content\\\/uploads\\\/2020\\\/06\\\/Familia-Sol-Jarqu\u00edn.png\",\"keywords\":[\"#JusticiaParaSol\",\"GESMujer\",\"Oaxaca\"],\"articleSection\":[\"NOTAS\",\"NOTICIAS\"],\"inLanguage\":\"es\"},{\"@type\":\"WebPage\",\"@id\":\"https:\\\/\\\/www.gesmujer.org\\\/sitio\\\/impunidad-en-caso-de-maria-del-sol-debe-ser-sancionada-gesmujer\\\/\",\"url\":\"https:\\\/\\\/www.gesmujer.org\\\/sitio\\\/impunidad-en-caso-de-maria-del-sol-debe-ser-sancionada-gesmujer\\\/\",\"name\":\"Impunidad en caso de Mar\u00eda del Sol debe ser sancionada: GESMujer - GESMujer &quot;Rosario Castellanos&quot;\",\"isPartOf\":{\"@id\":\"https:\\\/\\\/www.gesmujer.org\\\/sitio\\\/#website\"},\"primaryImageOfPage\":{\"@id\":\"https:\\\/\\\/www.gesmujer.org\\\/sitio\\\/impunidad-en-caso-de-maria-del-sol-debe-ser-sancionada-gesmujer\\\/#primaryimage\"},\"image\":{\"@id\":\"https:\\\/\\\/www.gesmujer.org\\\/sitio\\\/impunidad-en-caso-de-maria-del-sol-debe-ser-sancionada-gesmujer\\\/#primaryimage\"},\"thumbnailUrl\":\"https:\\\/\\\/www.gesmujer.org\\\/sitio\\\/wp-content\\\/uploads\\\/2020\\\/06\\\/Familia-Sol-Jarqu\u00edn.png\",\"datePublished\":\"2020-06-03T02:50:00+00:00\",\"dateModified\":\"2020-07-18T16:04:27+00:00\",\"breadcrumb\":{\"@id\":\"https:\\\/\\\/www.gesmujer.org\\\/sitio\\\/impunidad-en-caso-de-maria-del-sol-debe-ser-sancionada-gesmujer\\\/#breadcrumb\"},\"inLanguage\":\"es\",\"potentialAction\":[{\"@type\":\"ReadAction\",\"target\":[\"https:\\\/\\\/www.gesmujer.org\\\/sitio\\\/impunidad-en-caso-de-maria-del-sol-debe-ser-sancionada-gesmujer\\\/\"]}]},{\"@type\":\"ImageObject\",\"inLanguage\":\"es\",\"@id\":\"https:\\\/\\\/www.gesmujer.org\\\/sitio\\\/impunidad-en-caso-de-maria-del-sol-debe-ser-sancionada-gesmujer\\\/#primaryimage\",\"url\":\"https:\\\/\\\/www.gesmujer.org\\\/sitio\\\/wp-content\\\/uploads\\\/2020\\\/06\\\/Familia-Sol-Jarqu\u00edn.png\",\"contentUrl\":\"https:\\\/\\\/www.gesmujer.org\\\/sitio\\\/wp-content\\\/uploads\\\/2020\\\/06\\\/Familia-Sol-Jarqu\u00edn.png\",\"width\":320,\"height\":240,\"caption\":\"impunidad\"},{\"@type\":\"BreadcrumbList\",\"@id\":\"https:\\\/\\\/www.gesmujer.org\\\/sitio\\\/impunidad-en-caso-de-maria-del-sol-debe-ser-sancionada-gesmujer\\\/#breadcrumb\",\"itemListElement\":[{\"@type\":\"ListItem\",\"position\":1,\"name\":\"Home\",\"item\":\"https:\\\/\\\/www.gesmujer.org\\\/sitio\\\/\"},{\"@type\":\"ListItem\",\"position\":2,\"name\":\"Impunidad en caso de Mar\u00eda del Sol debe ser sancionada: GESMujer\"}]},{\"@type\":\"WebSite\",\"@id\":\"https:\\\/\\\/www.gesmujer.org\\\/sitio\\\/#website\",\"url\":\"https:\\\/\\\/www.gesmujer.org\\\/sitio\\\/\",\"name\":\"GESMujer \\\"Rosario Castellanos\\\"\",\"description\":\"M\u00e1s de 45 a\u00f1os ha llevado a cabo acciones para erradicar la violencia de g\u00e9nero y construir entornos donde las mujeres encuentren su resiliencia, incrementen su agencia y autonom\u00eda que les permita lograr su empoderamiento a trav\u00e9s de cinco l\u00edneas de acci\u00f3n.\",\"publisher\":{\"@id\":\"https:\\\/\\\/www.gesmujer.org\\\/sitio\\\/#organization\"},\"alternateName\":\"GESMujer\",\"potentialAction\":[{\"@type\":\"SearchAction\",\"target\":{\"@type\":\"EntryPoint\",\"urlTemplate\":\"https:\\\/\\\/www.gesmujer.org\\\/sitio\\\/?s={search_term_string}\"},\"query-input\":{\"@type\":\"PropertyValueSpecification\",\"valueRequired\":true,\"valueName\":\"search_term_string\"}}],\"inLanguage\":\"es\"},{\"@type\":\"Organization\",\"@id\":\"https:\\\/\\\/www.gesmujer.org\\\/sitio\\\/#organization\",\"name\":\"Grupo de estudios sobre la mujer Rosario Castellanos ac\",\"alternateName\":\"GESMujer\",\"url\":\"https:\\\/\\\/www.gesmujer.org\\\/sitio\\\/\",\"logo\":{\"@type\":\"ImageObject\",\"inLanguage\":\"es\",\"@id\":\"https:\\\/\\\/www.gesmujer.org\\\/sitio\\\/#\\\/schema\\\/logo\\\/image\\\/\",\"url\":\"https:\\\/\\\/www.gesmujer.org\\\/sitio\\\/wp-content\\\/uploads\\\/2026\\\/03\\\/Logo-GESMujer-300.png\",\"contentUrl\":\"https:\\\/\\\/www.gesmujer.org\\\/sitio\\\/wp-content\\\/uploads\\\/2026\\\/03\\\/Logo-GESMujer-300.png\",\"width\":300,\"height\":141,\"caption\":\"Grupo de estudios sobre la mujer Rosario Castellanos ac\"},\"image\":{\"@id\":\"https:\\\/\\\/www.gesmujer.org\\\/sitio\\\/#\\\/schema\\\/logo\\\/image\\\/\"},\"sameAs\":[\"https:\\\/\\\/www.facebook.com\\\/gesmujer.rosario.castellanos.ac\",\"https:\\\/\\\/x.com\\\/GES_Mujer\",\"https:\\\/\\\/www.instagram.com\\\/ges_mujer\\\/?hl=es\",\"https:\\\/\\\/www.youtube.com\\\/c\\\/GESMujerRosarioCastellanos\\\/videos\",\"https:\\\/\\\/soundcloud.com\\\/gesmujerac\",\"https:\\\/\\\/www.tiktok.com\\\/@gesmujer\"]},{\"@type\":\"Person\",\"@id\":\"https:\\\/\\\/www.gesmujer.org\\\/sitio\\\/#\\\/schema\\\/person\\\/50e03387f883646c2714c51783a7e288\",\"name\":\"cendoc\",\"image\":{\"@type\":\"ImageObject\",\"inLanguage\":\"es\",\"@id\":\"https:\\\/\\\/secure.gravatar.com\\\/avatar\\\/2f187338ccb33c33bc1b08e92e2247a6891db221398e12bbc0f5ff0cfc462495?s=96&d=mm&r=g\",\"url\":\"https:\\\/\\\/secure.gravatar.com\\\/avatar\\\/2f187338ccb33c33bc1b08e92e2247a6891db221398e12bbc0f5ff0cfc462495?s=96&d=mm&r=g\",\"contentUrl\":\"https:\\\/\\\/secure.gravatar.com\\\/avatar\\\/2f187338ccb33c33bc1b08e92e2247a6891db221398e12bbc0f5ff0cfc462495?s=96&d=mm&r=g\",\"caption\":\"cendoc\"},\"sameAs\":[\"http:\\\/\\\/gesmujer.org\"],\"url\":\"https:\\\/\\\/www.gesmujer.org\\\/sitio\\\/author\\\/cendoc\\\/\"}]}<\/script>\n<!-- \/ Yoast SEO plugin. -->","yoast_head_json":{"title":"Impunidad en caso de Mar\u00eda del Sol debe ser sancionada: GESMujer - GESMujer &quot;Rosario Castellanos&quot;","robots":{"index":"index","follow":"follow","max-snippet":"max-snippet:-1","max-image-preview":"max-image-preview:large","max-video-preview":"max-video-preview:-1"},"canonical":"https:\/\/www.gesmujer.org\/sitio\/impunidad-en-caso-de-maria-del-sol-debe-ser-sancionada-gesmujer\/","og_locale":"es_MX","og_type":"article","og_title":"Impunidad en caso de Mar\u00eda del Sol debe ser sancionada: GESMujer","og_description":"Soledad Jarqu\u00edn, madre de Mar\u00eda del Sol, ha recorrido d\u00eda a d\u00eda, cada oficina, juzgado e instancia institucional que ha sido necesario, en busca de una justicia que no llega. Una y otra vez ha habido dilaci\u00f3n en las audiencias atribuidas a fallas t\u00e9cnicas, irregularidades en el proceso y negligencias.","og_url":"https:\/\/www.gesmujer.org\/sitio\/impunidad-en-caso-de-maria-del-sol-debe-ser-sancionada-gesmujer\/","og_site_name":"GESMujer &quot;Rosario Castellanos&quot;","article_publisher":"https:\/\/www.facebook.com\/gesmujer.rosario.castellanos.ac","article_published_time":"2020-06-03T02:50:00+00:00","article_modified_time":"2020-07-18T16:04:27+00:00","og_image":[{"width":320,"height":240,"url":"https:\/\/www.gesmujer.org\/sitio\/wp-content\/uploads\/2020\/06\/Familia-Sol-Jarqu\u00edn.png","type":"image\/png"}],"author":"cendoc","twitter_card":"summary_large_image","twitter_title":"Impunidad en caso de Mar\u00eda del Sol debe ser sancionada: GESMujer","twitter_description":"Soledad Jarqu\u00edn, madre de Mar\u00eda del Sol, ha recorrido d\u00eda a d\u00eda, cada oficina, juzgado e instancia institucional que ha sido necesario, en busca de una justicia que no llega. Una y otra vez ha habido dilaci\u00f3n en las audiencias atribuidas a fallas t\u00e9cnicas, irregularidades en el proceso y negligencias.","twitter_image":"https:\/\/www.gesmujer.org\/sitio\/wp-content\/uploads\/2020\/06\/Familia-Sol-Jarqu\u00edn.png","twitter_creator":"@GES_Mujer","twitter_site":"@GES_Mujer","twitter_misc":{"Escrito por":"cendoc","Tiempo de lectura":"3 minutos"},"schema":{"@context":"https:\/\/schema.org","@graph":[{"@type":"Article","@id":"https:\/\/www.gesmujer.org\/sitio\/impunidad-en-caso-de-maria-del-sol-debe-ser-sancionada-gesmujer\/#article","isPartOf":{"@id":"https:\/\/www.gesmujer.org\/sitio\/impunidad-en-caso-de-maria-del-sol-debe-ser-sancionada-gesmujer\/"},"author":{"name":"cendoc","@id":"https:\/\/www.gesmujer.org\/sitio\/#\/schema\/person\/50e03387f883646c2714c51783a7e288"},"headline":"Impunidad en caso de Mar\u00eda del Sol debe ser sancionada: GESMujer","datePublished":"2020-06-03T02:50:00+00:00","dateModified":"2020-07-18T16:04:27+00:00","mainEntityOfPage":{"@id":"https:\/\/www.gesmujer.org\/sitio\/impunidad-en-caso-de-maria-del-sol-debe-ser-sancionada-gesmujer\/"},"wordCount":683,"publisher":{"@id":"https:\/\/www.gesmujer.org\/sitio\/#organization"},"image":{"@id":"https:\/\/www.gesmujer.org\/sitio\/impunidad-en-caso-de-maria-del-sol-debe-ser-sancionada-gesmujer\/#primaryimage"},"thumbnailUrl":"https:\/\/www.gesmujer.org\/sitio\/wp-content\/uploads\/2020\/06\/Familia-Sol-Jarqu\u00edn.png","keywords":["#JusticiaParaSol","GESMujer","Oaxaca"],"articleSection":["NOTAS","NOTICIAS"],"inLanguage":"es"},{"@type":"WebPage","@id":"https:\/\/www.gesmujer.org\/sitio\/impunidad-en-caso-de-maria-del-sol-debe-ser-sancionada-gesmujer\/","url":"https:\/\/www.gesmujer.org\/sitio\/impunidad-en-caso-de-maria-del-sol-debe-ser-sancionada-gesmujer\/","name":"Impunidad en caso de Mar\u00eda del Sol debe ser sancionada: GESMujer - GESMujer &quot;Rosario Castellanos&quot;","isPartOf":{"@id":"https:\/\/www.gesmujer.org\/sitio\/#website"},"primaryImageOfPage":{"@id":"https:\/\/www.gesmujer.org\/sitio\/impunidad-en-caso-de-maria-del-sol-debe-ser-sancionada-gesmujer\/#primaryimage"},"image":{"@id":"https:\/\/www.gesmujer.org\/sitio\/impunidad-en-caso-de-maria-del-sol-debe-ser-sancionada-gesmujer\/#primaryimage"},"thumbnailUrl":"https:\/\/www.gesmujer.org\/sitio\/wp-content\/uploads\/2020\/06\/Familia-Sol-Jarqu\u00edn.png","datePublished":"2020-06-03T02:50:00+00:00","dateModified":"2020-07-18T16:04:27+00:00","breadcrumb":{"@id":"https:\/\/www.gesmujer.org\/sitio\/impunidad-en-caso-de-maria-del-sol-debe-ser-sancionada-gesmujer\/#breadcrumb"},"inLanguage":"es","potentialAction":[{"@type":"ReadAction","target":["https:\/\/www.gesmujer.org\/sitio\/impunidad-en-caso-de-maria-del-sol-debe-ser-sancionada-gesmujer\/"]}]},{"@type":"ImageObject","inLanguage":"es","@id":"https:\/\/www.gesmujer.org\/sitio\/impunidad-en-caso-de-maria-del-sol-debe-ser-sancionada-gesmujer\/#primaryimage","url":"https:\/\/www.gesmujer.org\/sitio\/wp-content\/uploads\/2020\/06\/Familia-Sol-Jarqu\u00edn.png","contentUrl":"https:\/\/www.gesmujer.org\/sitio\/wp-content\/uploads\/2020\/06\/Familia-Sol-Jarqu\u00edn.png","width":320,"height":240,"caption":"impunidad"},{"@type":"BreadcrumbList","@id":"https:\/\/www.gesmujer.org\/sitio\/impunidad-en-caso-de-maria-del-sol-debe-ser-sancionada-gesmujer\/#breadcrumb","itemListElement":[{"@type":"ListItem","position":1,"name":"Home","item":"https:\/\/www.gesmujer.org\/sitio\/"},{"@type":"ListItem","position":2,"name":"Impunidad en caso de Mar\u00eda del Sol debe ser sancionada: GESMujer"}]},{"@type":"WebSite","@id":"https:\/\/www.gesmujer.org\/sitio\/#website","url":"https:\/\/www.gesmujer.org\/sitio\/","name":"GESMujer \"Rosario Castellanos\"","description":"M\u00e1s de 45 a\u00f1os ha llevado a cabo acciones para erradicar la violencia de g\u00e9nero y construir entornos donde las mujeres encuentren su resiliencia, incrementen su agencia y autonom\u00eda que les permita lograr su empoderamiento a trav\u00e9s de cinco l\u00edneas de acci\u00f3n.","publisher":{"@id":"https:\/\/www.gesmujer.org\/sitio\/#organization"},"alternateName":"GESMujer","potentialAction":[{"@type":"SearchAction","target":{"@type":"EntryPoint","urlTemplate":"https:\/\/www.gesmujer.org\/sitio\/?s={search_term_string}"},"query-input":{"@type":"PropertyValueSpecification","valueRequired":true,"valueName":"search_term_string"}}],"inLanguage":"es"},{"@type":"Organization","@id":"https:\/\/www.gesmujer.org\/sitio\/#organization","name":"Grupo de estudios sobre la mujer Rosario Castellanos ac","alternateName":"GESMujer","url":"https:\/\/www.gesmujer.org\/sitio\/","logo":{"@type":"ImageObject","inLanguage":"es","@id":"https:\/\/www.gesmujer.org\/sitio\/#\/schema\/logo\/image\/","url":"https:\/\/www.gesmujer.org\/sitio\/wp-content\/uploads\/2026\/03\/Logo-GESMujer-300.png","contentUrl":"https:\/\/www.gesmujer.org\/sitio\/wp-content\/uploads\/2026\/03\/Logo-GESMujer-300.png","width":300,"height":141,"caption":"Grupo de estudios sobre la mujer Rosario Castellanos ac"},"image":{"@id":"https:\/\/www.gesmujer.org\/sitio\/#\/schema\/logo\/image\/"},"sameAs":["https:\/\/www.facebook.com\/gesmujer.rosario.castellanos.ac","https:\/\/x.com\/GES_Mujer","https:\/\/www.instagram.com\/ges_mujer\/?hl=es","https:\/\/www.youtube.com\/c\/GESMujerRosarioCastellanos\/videos","https:\/\/soundcloud.com\/gesmujerac","https:\/\/www.tiktok.com\/@gesmujer"]},{"@type":"Person","@id":"https:\/\/www.gesmujer.org\/sitio\/#\/schema\/person\/50e03387f883646c2714c51783a7e288","name":"cendoc","image":{"@type":"ImageObject","inLanguage":"es","@id":"https:\/\/secure.gravatar.com\/avatar\/2f187338ccb33c33bc1b08e92e2247a6891db221398e12bbc0f5ff0cfc462495?s=96&d=mm&r=g","url":"https:\/\/secure.gravatar.com\/avatar\/2f187338ccb33c33bc1b08e92e2247a6891db221398e12bbc0f5ff0cfc462495?s=96&d=mm&r=g","contentUrl":"https:\/\/secure.gravatar.com\/avatar\/2f187338ccb33c33bc1b08e92e2247a6891db221398e12bbc0f5ff0cfc462495?s=96&d=mm&r=g","caption":"cendoc"},"sameAs":["http:\/\/gesmujer.org"],"url":"https:\/\/www.gesmujer.org\/sitio\/author\/cendoc\/"}]}},"_links":{"self":[{"href":"https:\/\/www.gesmujer.org\/sitio\/wp-json\/wp\/v2\/posts\/5457","targetHints":{"allow":["GET"]}}],"collection":[{"href":"https:\/\/www.gesmujer.org\/sitio\/wp-json\/wp\/v2\/posts"}],"about":[{"href":"https:\/\/www.gesmujer.org\/sitio\/wp-json\/wp\/v2\/types\/post"}],"author":[{"embeddable":true,"href":"https:\/\/www.gesmujer.org\/sitio\/wp-json\/wp\/v2\/users\/4"}],"replies":[{"embeddable":true,"href":"https:\/\/www.gesmujer.org\/sitio\/wp-json\/wp\/v2\/comments?post=5457"}],"version-history":[{"count":3,"href":"https:\/\/www.gesmujer.org\/sitio\/wp-json\/wp\/v2\/posts\/5457\/revisions"}],"predecessor-version":[{"id":5605,"href":"https:\/\/www.gesmujer.org\/sitio\/wp-json\/wp\/v2\/posts\/5457\/revisions\/5605"}],"wp:featuredmedia":[{"embeddable":true,"href":"https:\/\/www.gesmujer.org\/sitio\/wp-json\/wp\/v2\/media\/5458"}],"wp:attachment":[{"href":"https:\/\/www.gesmujer.org\/sitio\/wp-json\/wp\/v2\/media?parent=5457"}],"wp:term":[{"taxonomy":"category","embeddable":true,"href":"https:\/\/www.gesmujer.org\/sitio\/wp-json\/wp\/v2\/categories?post=5457"},{"taxonomy":"post_tag","embeddable":true,"href":"https:\/\/www.gesmujer.org\/sitio\/wp-json\/wp\/v2\/tags?post=5457"}],"curies":[{"name":"wp","href":"https:\/\/api.w.org\/{rel}","templated":true}]}}