{"id":5490,"date":"2020-06-04T00:02:00","date_gmt":"2020-06-04T06:02:00","guid":{"rendered":"https:\/\/www.gesmujer.org\/web\/?p=5490"},"modified":"2020-07-18T09:49:51","modified_gmt":"2020-07-18T15:49:51","slug":"piden-reparacion-integral-por-violencia-politica-por-razon-de-genero-en-santa-lucia-del-camino","status":"publish","type":"post","link":"https:\/\/www.gesmujer.org\/sitio\/piden-reparacion-integral-por-violencia-politica-por-razon-de-genero-en-santa-lucia-del-camino\/","title":{"rendered":"Piden reparaci\u00f3n integral por violencia pol\u00edtica por raz\u00f3n de g\u00e9nero en Santa Luc\u00eda del Camino"},"content":{"rendered":"\n<p>Yadira Sosa, Jueves 4 de Junio de 2020, El Imparcial.- Luego de que el Tribunal electoral federal reconociera la violencia pol\u00edtica por raz\u00f3n de g\u00e9nero contra la regidora de Equidad de G\u00e9nero y Grupos Vulnerables del ayuntamiento de Santa Luc\u00eda\u2026<\/p>\n\n\n\n<p>Luego de que el Tribunal electoral federal reconociera la violencia pol\u00edtica por raz\u00f3n de g\u00e9nero contra la regidora de Equidad de G\u00e9nero y Grupos Vulnerables del ayuntamiento de Santa Luc\u00eda del Camino, Nallely Ortiz Jim\u00e9nez, organizaciones civiles y feministas confiaron que las autoridades locales respeten y hagan cumplir la determinaci\u00f3n en efectuar medidas de reparaci\u00f3n integral.<\/p>\n\n\n\n<p><br>La regidora hab\u00eda denunciado amenazas, hostigamiento e intimidaci\u00f3n por parte del presidente municipal, Dante Monta\u00f1o Montero, luego de que le exigiera cumplir en tiempo y forma con la realizaci\u00f3n de las sesiones de Cabildo, como lo marca la Ley Org\u00e1nica Municipal, y al inconformarse por impedirle la revisi\u00f3n del Presupuesto de Egresos para el ejercicio 2020 y la discusi\u00f3n con el cabildo, a finales del a\u00f1o pasado.<\/p>\n\n\n\n<p><br>Ante esta situaci\u00f3n, integrantes del Grupo de estudios sobre la mujer Rosario Castellanos (GESMujer), se unieron a la exigencia de la reparaci\u00f3n integral por violencia pol\u00edtica por raz\u00f3n de g\u00e9nero.<\/p>\n\n\n\n<p><br>\u201cEsto es una problem\u00e1tica grave que evidencia los retos que representa el ejercicio del derecho de las mujeres a participar en el \u00e1mbito p\u00fablico, en un contexto mis\u00f3gino que utiliza las mismas estructuras de poder municipal y estatal para negar un derecho leg\u00edtimo\u201d.<\/p>\n\n\n\n<p><br>Reconocieron los esfuerzos de Nallely Ortiz por defender sus derechos y con ello sentar precedente ante acciones que, desafortunadamente, forman parte de una realidad que enfrentan muchas mujeres que hoy, gracias al movimiento feminista, est\u00e1n incursionando en la vida p\u00fablica.<\/p>\n\n\n\n<p>Se ha declarado la existencia de violencia pol\u00edtica en raz\u00f3n de g\u00e9nero y se ordena al Ayuntamiento efectuar medidas de reparaci\u00f3n integral. \u201cNos mantendremos vigilantes de que se cumplan dichas medidas, pues las autoridades municipales y estatales tienen frente a s\u00ed la oportunidad de resarcir sus errores y con ello mandar un mensaje claro para todas las mujeres que tienen derecho a la participaci\u00f3n pol\u00edtica, libres de todas las formas de violencia\u201d.<\/p>\n\n\n\n<p>De la misma manera, demandaron certeza jur\u00eddica en la aplicaci\u00f3n de la Ley y exigieron medidas de seguridad y protecci\u00f3n para Nallely Ortiz y su familia ante cualquier acto de intimidaci\u00f3n en su contra.<\/p>\n\n\n\n<p>Fuente: <a href=\"https:\/\/imparcialoaxaca.mx\/los-municipios\/440258\/piden-reparacion-integral-por-violencia-politica-por-razon-de-genero-en-santa-lucia-del-camino\/\">https:\/\/imparcialoaxaca.mx\/los-municipios\/440258\/piden-reparacion-integral-por-violencia-politica-por-razon-de-genero-en-santa-lucia-del-camino\/<\/a><\/p>\n","protected":false},"excerpt":{"rendered":"<p>Yadira Sosa, Jueves 4 de Junio de 2020, El Imparcial.- Luego de que el Tribunal electoral federal reconociera la violencia pol\u00edtica por raz\u00f3n de g\u00e9nero contra la regidora de Equidad de G\u00e9nero y Grupos Vulnerables del ayuntamiento de Santa Luc\u00eda\u2026 Luego de que el Tribunal electoral federal reconociera la violencia pol\u00edtica por raz\u00f3n de g\u00e9nero [&hellip;]<\/p>\n","protected":false},"author":4,"featured_media":5491,"comment_status":"closed","ping_status":"open","sticky":false,"template":"","format":"standard","meta":{"give_campaign_id":0,"footnotes":""},"categories":[91,32],"tags":[58,42,80,84,118],"class_list":["post-5490","post","type-post","status-publish","format-standard","has-post-thumbnail","hentry","category-notas","category-novedades","tag-gesmujer","tag-mujeres","tag-oaxaca","tag-violencia-de-genero","tag-violencia-politica"],"yoast_head":"<!-- This site is optimized with the Yoast SEO plugin v27.4 - https:\/\/yoast.com\/product\/yoast-seo-wordpress\/ -->\n<title>Piden reparaci\u00f3n integral por violencia pol\u00edtica por raz\u00f3n de g\u00e9nero en Santa Luc\u00eda del Camino - GESMujer &quot;Rosario Castellanos&quot;<\/title>\n<meta name=\"robots\" content=\"index, follow, max-snippet:-1, max-image-preview:large, max-video-preview:-1\" \/>\n<link rel=\"canonical\" href=\"https:\/\/www.gesmujer.org\/sitio\/piden-reparacion-integral-por-violencia-politica-por-razon-de-genero-en-santa-lucia-del-camino\/\" \/>\n<meta property=\"og:locale\" content=\"es_MX\" \/>\n<meta property=\"og:type\" content=\"article\" \/>\n<meta property=\"og:title\" content=\"Reparaci\u00f3n integral por violencia pol\u00edtica por raz\u00f3n de g\u00e9nero en Santa Luc\u00eda del Camino\" \/>\n<meta property=\"og:description\" content=\"Se ha declarado la existencia de violencia pol\u00edtica en raz\u00f3n de g\u00e9nero y se ordena al Ayuntamiento efectuar medidas de reparaci\u00f3n integral. \u201cNos mantendremos vigilantes de que se cumplan dichas medidas, pues las autoridades municipales y estatales tienen frente a s\u00ed la oportunidad de resarcir sus errores y con ello mandar un mensaje claro para todas las mujeres que tienen derecho a la participaci\u00f3n pol\u00edtica, libres de todas las formas de violencia\u201d.\" \/>\n<meta property=\"og:url\" content=\"https:\/\/www.gesmujer.org\/sitio\/piden-reparacion-integral-por-violencia-politica-por-razon-de-genero-en-santa-lucia-del-camino\/\" \/>\n<meta property=\"og:site_name\" content=\"GESMujer &quot;Rosario Castellanos&quot;\" \/>\n<meta property=\"article:publisher\" content=\"https:\/\/www.facebook.com\/gesmujer.rosario.castellanos.ac\" \/>\n<meta property=\"article:published_time\" content=\"2020-06-04T06:02:00+00:00\" \/>\n<meta property=\"article:modified_time\" content=\"2020-07-18T15:49:51+00:00\" \/>\n<meta property=\"og:image\" content=\"https:\/\/www.gesmujer.org\/sitio\/wp-content\/uploads\/2020\/06\/santa-lucia.jpg\" \/>\n\t<meta property=\"og:image:width\" content=\"1260\" \/>\n\t<meta property=\"og:image:height\" content=\"680\" \/>\n\t<meta property=\"og:image:type\" content=\"image\/jpeg\" \/>\n<meta name=\"author\" content=\"cendoc\" \/>\n<meta name=\"twitter:card\" content=\"summary_large_image\" \/>\n<meta name=\"twitter:title\" content=\"Reparaci\u00f3n integral por violencia pol\u00edtica por raz\u00f3n de g\u00e9nero en Santa Luc\u00eda del Camino\" \/>\n<meta name=\"twitter:description\" content=\"Se ha declarado la existencia de violencia pol\u00edtica en raz\u00f3n de g\u00e9nero y se ordena al Ayuntamiento efectuar medidas de reparaci\u00f3n integral. \u201cNos mantendremos vigilantes de que se cumplan dichas medidas, pues las autoridades municipales y estatales tienen frente a s\u00ed la oportunidad de resarcir sus errores y con ello mandar un mensaje claro para todas las mujeres que tienen derecho a la participaci\u00f3n pol\u00edtica, libres de todas las formas de violencia\u201d.\" \/>\n<meta name=\"twitter:image\" content=\"https:\/\/www.gesmujer.org\/sitio\/wp-content\/uploads\/2020\/06\/santa-lucia.jpg\" \/>\n<meta name=\"twitter:creator\" content=\"@GES_Mujer\" \/>\n<meta name=\"twitter:site\" content=\"@GES_Mujer\" \/>\n<meta name=\"twitter:label1\" content=\"Escrito por\" \/>\n\t<meta name=\"twitter:data1\" content=\"cendoc\" \/>\n\t<meta name=\"twitter:label2\" content=\"Tiempo de lectura\" \/>\n\t<meta name=\"twitter:data2\" content=\"2 minutos\" \/>\n<script type=\"application\/ld+json\" class=\"yoast-schema-graph\">{\"@context\":\"https:\\\/\\\/schema.org\",\"@graph\":[{\"@type\":\"Article\",\"@id\":\"https:\\\/\\\/www.gesmujer.org\\\/sitio\\\/piden-reparacion-integral-por-violencia-politica-por-razon-de-genero-en-santa-lucia-del-camino\\\/#article\",\"isPartOf\":{\"@id\":\"https:\\\/\\\/www.gesmujer.org\\\/sitio\\\/piden-reparacion-integral-por-violencia-politica-por-razon-de-genero-en-santa-lucia-del-camino\\\/\"},\"author\":{\"name\":\"cendoc\",\"@id\":\"https:\\\/\\\/www.gesmujer.org\\\/sitio\\\/#\\\/schema\\\/person\\\/50e03387f883646c2714c51783a7e288\"},\"headline\":\"Piden reparaci\u00f3n integral por violencia pol\u00edtica por raz\u00f3n de g\u00e9nero en Santa Luc\u00eda del Camino\",\"datePublished\":\"2020-06-04T06:02:00+00:00\",\"dateModified\":\"2020-07-18T15:49:51+00:00\",\"mainEntityOfPage\":{\"@id\":\"https:\\\/\\\/www.gesmujer.org\\\/sitio\\\/piden-reparacion-integral-por-violencia-politica-por-razon-de-genero-en-santa-lucia-del-camino\\\/\"},\"wordCount\":448,\"publisher\":{\"@id\":\"https:\\\/\\\/www.gesmujer.org\\\/sitio\\\/#organization\"},\"image\":{\"@id\":\"https:\\\/\\\/www.gesmujer.org\\\/sitio\\\/piden-reparacion-integral-por-violencia-politica-por-razon-de-genero-en-santa-lucia-del-camino\\\/#primaryimage\"},\"thumbnailUrl\":\"https:\\\/\\\/www.gesmujer.org\\\/sitio\\\/wp-content\\\/uploads\\\/2020\\\/06\\\/santa-lucia.jpg\",\"keywords\":[\"GESMujer\",\"mujeres\",\"Oaxaca\",\"Violencia de g\u00e9nero\",\"Violencia pol\u00edtica\"],\"articleSection\":[\"NOTAS\",\"NOTICIAS\"],\"inLanguage\":\"es\"},{\"@type\":\"WebPage\",\"@id\":\"https:\\\/\\\/www.gesmujer.org\\\/sitio\\\/piden-reparacion-integral-por-violencia-politica-por-razon-de-genero-en-santa-lucia-del-camino\\\/\",\"url\":\"https:\\\/\\\/www.gesmujer.org\\\/sitio\\\/piden-reparacion-integral-por-violencia-politica-por-razon-de-genero-en-santa-lucia-del-camino\\\/\",\"name\":\"Piden reparaci\u00f3n integral por violencia pol\u00edtica por raz\u00f3n de g\u00e9nero en Santa Luc\u00eda del Camino - GESMujer &quot;Rosario Castellanos&quot;\",\"isPartOf\":{\"@id\":\"https:\\\/\\\/www.gesmujer.org\\\/sitio\\\/#website\"},\"primaryImageOfPage\":{\"@id\":\"https:\\\/\\\/www.gesmujer.org\\\/sitio\\\/piden-reparacion-integral-por-violencia-politica-por-razon-de-genero-en-santa-lucia-del-camino\\\/#primaryimage\"},\"image\":{\"@id\":\"https:\\\/\\\/www.gesmujer.org\\\/sitio\\\/piden-reparacion-integral-por-violencia-politica-por-razon-de-genero-en-santa-lucia-del-camino\\\/#primaryimage\"},\"thumbnailUrl\":\"https:\\\/\\\/www.gesmujer.org\\\/sitio\\\/wp-content\\\/uploads\\\/2020\\\/06\\\/santa-lucia.jpg\",\"datePublished\":\"2020-06-04T06:02:00+00:00\",\"dateModified\":\"2020-07-18T15:49:51+00:00\",\"breadcrumb\":{\"@id\":\"https:\\\/\\\/www.gesmujer.org\\\/sitio\\\/piden-reparacion-integral-por-violencia-politica-por-razon-de-genero-en-santa-lucia-del-camino\\\/#breadcrumb\"},\"inLanguage\":\"es\",\"potentialAction\":[{\"@type\":\"ReadAction\",\"target\":[\"https:\\\/\\\/www.gesmujer.org\\\/sitio\\\/piden-reparacion-integral-por-violencia-politica-por-razon-de-genero-en-santa-lucia-del-camino\\\/\"]}]},{\"@type\":\"ImageObject\",\"inLanguage\":\"es\",\"@id\":\"https:\\\/\\\/www.gesmujer.org\\\/sitio\\\/piden-reparacion-integral-por-violencia-politica-por-razon-de-genero-en-santa-lucia-del-camino\\\/#primaryimage\",\"url\":\"https:\\\/\\\/www.gesmujer.org\\\/sitio\\\/wp-content\\\/uploads\\\/2020\\\/06\\\/santa-lucia.jpg\",\"contentUrl\":\"https:\\\/\\\/www.gesmujer.org\\\/sitio\\\/wp-content\\\/uploads\\\/2020\\\/06\\\/santa-lucia.jpg\",\"width\":1260,\"height\":680},{\"@type\":\"BreadcrumbList\",\"@id\":\"https:\\\/\\\/www.gesmujer.org\\\/sitio\\\/piden-reparacion-integral-por-violencia-politica-por-razon-de-genero-en-santa-lucia-del-camino\\\/#breadcrumb\",\"itemListElement\":[{\"@type\":\"ListItem\",\"position\":1,\"name\":\"Home\",\"item\":\"https:\\\/\\\/www.gesmujer.org\\\/sitio\\\/\"},{\"@type\":\"ListItem\",\"position\":2,\"name\":\"Piden reparaci\u00f3n integral por violencia pol\u00edtica por raz\u00f3n de g\u00e9nero en Santa Luc\u00eda del Camino\"}]},{\"@type\":\"WebSite\",\"@id\":\"https:\\\/\\\/www.gesmujer.org\\\/sitio\\\/#website\",\"url\":\"https:\\\/\\\/www.gesmujer.org\\\/sitio\\\/\",\"name\":\"GESMujer \\\"Rosario Castellanos\\\"\",\"description\":\"M\u00e1s de 45 a\u00f1os ha llevado a cabo acciones para erradicar la violencia de g\u00e9nero y construir entornos donde las mujeres encuentren su resiliencia, incrementen su agencia y autonom\u00eda que les permita lograr su empoderamiento a trav\u00e9s de cinco l\u00edneas de acci\u00f3n.\",\"publisher\":{\"@id\":\"https:\\\/\\\/www.gesmujer.org\\\/sitio\\\/#organization\"},\"alternateName\":\"GESMujer\",\"potentialAction\":[{\"@type\":\"SearchAction\",\"target\":{\"@type\":\"EntryPoint\",\"urlTemplate\":\"https:\\\/\\\/www.gesmujer.org\\\/sitio\\\/?s={search_term_string}\"},\"query-input\":{\"@type\":\"PropertyValueSpecification\",\"valueRequired\":true,\"valueName\":\"search_term_string\"}}],\"inLanguage\":\"es\"},{\"@type\":\"Organization\",\"@id\":\"https:\\\/\\\/www.gesmujer.org\\\/sitio\\\/#organization\",\"name\":\"Grupo de estudios sobre la mujer Rosario Castellanos ac\",\"alternateName\":\"GESMujer\",\"url\":\"https:\\\/\\\/www.gesmujer.org\\\/sitio\\\/\",\"logo\":{\"@type\":\"ImageObject\",\"inLanguage\":\"es\",\"@id\":\"https:\\\/\\\/www.gesmujer.org\\\/sitio\\\/#\\\/schema\\\/logo\\\/image\\\/\",\"url\":\"https:\\\/\\\/www.gesmujer.org\\\/sitio\\\/wp-content\\\/uploads\\\/2026\\\/03\\\/Logo-GESMujer-300.png\",\"contentUrl\":\"https:\\\/\\\/www.gesmujer.org\\\/sitio\\\/wp-content\\\/uploads\\\/2026\\\/03\\\/Logo-GESMujer-300.png\",\"width\":300,\"height\":141,\"caption\":\"Grupo de estudios sobre la mujer Rosario Castellanos ac\"},\"image\":{\"@id\":\"https:\\\/\\\/www.gesmujer.org\\\/sitio\\\/#\\\/schema\\\/logo\\\/image\\\/\"},\"sameAs\":[\"https:\\\/\\\/www.facebook.com\\\/gesmujer.rosario.castellanos.ac\",\"https:\\\/\\\/x.com\\\/GES_Mujer\",\"https:\\\/\\\/www.instagram.com\\\/ges_mujer\\\/?hl=es\",\"https:\\\/\\\/www.youtube.com\\\/c\\\/GESMujerRosarioCastellanos\\\/videos\",\"https:\\\/\\\/soundcloud.com\\\/gesmujerac\",\"https:\\\/\\\/www.tiktok.com\\\/@gesmujer\"]},{\"@type\":\"Person\",\"@id\":\"https:\\\/\\\/www.gesmujer.org\\\/sitio\\\/#\\\/schema\\\/person\\\/50e03387f883646c2714c51783a7e288\",\"name\":\"cendoc\",\"image\":{\"@type\":\"ImageObject\",\"inLanguage\":\"es\",\"@id\":\"https:\\\/\\\/secure.gravatar.com\\\/avatar\\\/2f187338ccb33c33bc1b08e92e2247a6891db221398e12bbc0f5ff0cfc462495?s=96&d=mm&r=g\",\"url\":\"https:\\\/\\\/secure.gravatar.com\\\/avatar\\\/2f187338ccb33c33bc1b08e92e2247a6891db221398e12bbc0f5ff0cfc462495?s=96&d=mm&r=g\",\"contentUrl\":\"https:\\\/\\\/secure.gravatar.com\\\/avatar\\\/2f187338ccb33c33bc1b08e92e2247a6891db221398e12bbc0f5ff0cfc462495?s=96&d=mm&r=g\",\"caption\":\"cendoc\"},\"sameAs\":[\"http:\\\/\\\/gesmujer.org\"],\"url\":\"https:\\\/\\\/www.gesmujer.org\\\/sitio\\\/author\\\/cendoc\\\/\"}]}<\/script>\n<!-- \/ Yoast SEO plugin. -->","yoast_head_json":{"title":"Piden reparaci\u00f3n integral por violencia pol\u00edtica por raz\u00f3n de g\u00e9nero en Santa Luc\u00eda del Camino - GESMujer &quot;Rosario Castellanos&quot;","robots":{"index":"index","follow":"follow","max-snippet":"max-snippet:-1","max-image-preview":"max-image-preview:large","max-video-preview":"max-video-preview:-1"},"canonical":"https:\/\/www.gesmujer.org\/sitio\/piden-reparacion-integral-por-violencia-politica-por-razon-de-genero-en-santa-lucia-del-camino\/","og_locale":"es_MX","og_type":"article","og_title":"Reparaci\u00f3n integral por violencia pol\u00edtica por raz\u00f3n de g\u00e9nero en Santa Luc\u00eda del Camino","og_description":"Se ha declarado la existencia de violencia pol\u00edtica en raz\u00f3n de g\u00e9nero y se ordena al Ayuntamiento efectuar medidas de reparaci\u00f3n integral. \u201cNos mantendremos vigilantes de que se cumplan dichas medidas, pues las autoridades municipales y estatales tienen frente a s\u00ed la oportunidad de resarcir sus errores y con ello mandar un mensaje claro para todas las mujeres que tienen derecho a la participaci\u00f3n pol\u00edtica, libres de todas las formas de violencia\u201d.","og_url":"https:\/\/www.gesmujer.org\/sitio\/piden-reparacion-integral-por-violencia-politica-por-razon-de-genero-en-santa-lucia-del-camino\/","og_site_name":"GESMujer &quot;Rosario Castellanos&quot;","article_publisher":"https:\/\/www.facebook.com\/gesmujer.rosario.castellanos.ac","article_published_time":"2020-06-04T06:02:00+00:00","article_modified_time":"2020-07-18T15:49:51+00:00","og_image":[{"width":1260,"height":680,"url":"https:\/\/www.gesmujer.org\/sitio\/wp-content\/uploads\/2020\/06\/santa-lucia.jpg","type":"image\/jpeg"}],"author":"cendoc","twitter_card":"summary_large_image","twitter_title":"Reparaci\u00f3n integral por violencia pol\u00edtica por raz\u00f3n de g\u00e9nero en Santa Luc\u00eda del Camino","twitter_description":"Se ha declarado la existencia de violencia pol\u00edtica en raz\u00f3n de g\u00e9nero y se ordena al Ayuntamiento efectuar medidas de reparaci\u00f3n integral. \u201cNos mantendremos vigilantes de que se cumplan dichas medidas, pues las autoridades municipales y estatales tienen frente a s\u00ed la oportunidad de resarcir sus errores y con ello mandar un mensaje claro para todas las mujeres que tienen derecho a la participaci\u00f3n pol\u00edtica, libres de todas las formas de violencia\u201d.","twitter_image":"https:\/\/www.gesmujer.org\/sitio\/wp-content\/uploads\/2020\/06\/santa-lucia.jpg","twitter_creator":"@GES_Mujer","twitter_site":"@GES_Mujer","twitter_misc":{"Escrito por":"cendoc","Tiempo de lectura":"2 minutos"},"schema":{"@context":"https:\/\/schema.org","@graph":[{"@type":"Article","@id":"https:\/\/www.gesmujer.org\/sitio\/piden-reparacion-integral-por-violencia-politica-por-razon-de-genero-en-santa-lucia-del-camino\/#article","isPartOf":{"@id":"https:\/\/www.gesmujer.org\/sitio\/piden-reparacion-integral-por-violencia-politica-por-razon-de-genero-en-santa-lucia-del-camino\/"},"author":{"name":"cendoc","@id":"https:\/\/www.gesmujer.org\/sitio\/#\/schema\/person\/50e03387f883646c2714c51783a7e288"},"headline":"Piden reparaci\u00f3n integral por violencia pol\u00edtica por raz\u00f3n de g\u00e9nero en Santa Luc\u00eda del Camino","datePublished":"2020-06-04T06:02:00+00:00","dateModified":"2020-07-18T15:49:51+00:00","mainEntityOfPage":{"@id":"https:\/\/www.gesmujer.org\/sitio\/piden-reparacion-integral-por-violencia-politica-por-razon-de-genero-en-santa-lucia-del-camino\/"},"wordCount":448,"publisher":{"@id":"https:\/\/www.gesmujer.org\/sitio\/#organization"},"image":{"@id":"https:\/\/www.gesmujer.org\/sitio\/piden-reparacion-integral-por-violencia-politica-por-razon-de-genero-en-santa-lucia-del-camino\/#primaryimage"},"thumbnailUrl":"https:\/\/www.gesmujer.org\/sitio\/wp-content\/uploads\/2020\/06\/santa-lucia.jpg","keywords":["GESMujer","mujeres","Oaxaca","Violencia de g\u00e9nero","Violencia pol\u00edtica"],"articleSection":["NOTAS","NOTICIAS"],"inLanguage":"es"},{"@type":"WebPage","@id":"https:\/\/www.gesmujer.org\/sitio\/piden-reparacion-integral-por-violencia-politica-por-razon-de-genero-en-santa-lucia-del-camino\/","url":"https:\/\/www.gesmujer.org\/sitio\/piden-reparacion-integral-por-violencia-politica-por-razon-de-genero-en-santa-lucia-del-camino\/","name":"Piden reparaci\u00f3n integral por violencia pol\u00edtica por raz\u00f3n de g\u00e9nero en Santa Luc\u00eda del Camino - GESMujer &quot;Rosario Castellanos&quot;","isPartOf":{"@id":"https:\/\/www.gesmujer.org\/sitio\/#website"},"primaryImageOfPage":{"@id":"https:\/\/www.gesmujer.org\/sitio\/piden-reparacion-integral-por-violencia-politica-por-razon-de-genero-en-santa-lucia-del-camino\/#primaryimage"},"image":{"@id":"https:\/\/www.gesmujer.org\/sitio\/piden-reparacion-integral-por-violencia-politica-por-razon-de-genero-en-santa-lucia-del-camino\/#primaryimage"},"thumbnailUrl":"https:\/\/www.gesmujer.org\/sitio\/wp-content\/uploads\/2020\/06\/santa-lucia.jpg","datePublished":"2020-06-04T06:02:00+00:00","dateModified":"2020-07-18T15:49:51+00:00","breadcrumb":{"@id":"https:\/\/www.gesmujer.org\/sitio\/piden-reparacion-integral-por-violencia-politica-por-razon-de-genero-en-santa-lucia-del-camino\/#breadcrumb"},"inLanguage":"es","potentialAction":[{"@type":"ReadAction","target":["https:\/\/www.gesmujer.org\/sitio\/piden-reparacion-integral-por-violencia-politica-por-razon-de-genero-en-santa-lucia-del-camino\/"]}]},{"@type":"ImageObject","inLanguage":"es","@id":"https:\/\/www.gesmujer.org\/sitio\/piden-reparacion-integral-por-violencia-politica-por-razon-de-genero-en-santa-lucia-del-camino\/#primaryimage","url":"https:\/\/www.gesmujer.org\/sitio\/wp-content\/uploads\/2020\/06\/santa-lucia.jpg","contentUrl":"https:\/\/www.gesmujer.org\/sitio\/wp-content\/uploads\/2020\/06\/santa-lucia.jpg","width":1260,"height":680},{"@type":"BreadcrumbList","@id":"https:\/\/www.gesmujer.org\/sitio\/piden-reparacion-integral-por-violencia-politica-por-razon-de-genero-en-santa-lucia-del-camino\/#breadcrumb","itemListElement":[{"@type":"ListItem","position":1,"name":"Home","item":"https:\/\/www.gesmujer.org\/sitio\/"},{"@type":"ListItem","position":2,"name":"Piden reparaci\u00f3n integral por violencia pol\u00edtica por raz\u00f3n de g\u00e9nero en Santa Luc\u00eda del Camino"}]},{"@type":"WebSite","@id":"https:\/\/www.gesmujer.org\/sitio\/#website","url":"https:\/\/www.gesmujer.org\/sitio\/","name":"GESMujer \"Rosario Castellanos\"","description":"M\u00e1s de 45 a\u00f1os ha llevado a cabo acciones para erradicar la violencia de g\u00e9nero y construir entornos donde las mujeres encuentren su resiliencia, incrementen su agencia y autonom\u00eda que les permita lograr su empoderamiento a trav\u00e9s de cinco l\u00edneas de acci\u00f3n.","publisher":{"@id":"https:\/\/www.gesmujer.org\/sitio\/#organization"},"alternateName":"GESMujer","potentialAction":[{"@type":"SearchAction","target":{"@type":"EntryPoint","urlTemplate":"https:\/\/www.gesmujer.org\/sitio\/?s={search_term_string}"},"query-input":{"@type":"PropertyValueSpecification","valueRequired":true,"valueName":"search_term_string"}}],"inLanguage":"es"},{"@type":"Organization","@id":"https:\/\/www.gesmujer.org\/sitio\/#organization","name":"Grupo de estudios sobre la mujer Rosario Castellanos ac","alternateName":"GESMujer","url":"https:\/\/www.gesmujer.org\/sitio\/","logo":{"@type":"ImageObject","inLanguage":"es","@id":"https:\/\/www.gesmujer.org\/sitio\/#\/schema\/logo\/image\/","url":"https:\/\/www.gesmujer.org\/sitio\/wp-content\/uploads\/2026\/03\/Logo-GESMujer-300.png","contentUrl":"https:\/\/www.gesmujer.org\/sitio\/wp-content\/uploads\/2026\/03\/Logo-GESMujer-300.png","width":300,"height":141,"caption":"Grupo de estudios sobre la mujer Rosario Castellanos ac"},"image":{"@id":"https:\/\/www.gesmujer.org\/sitio\/#\/schema\/logo\/image\/"},"sameAs":["https:\/\/www.facebook.com\/gesmujer.rosario.castellanos.ac","https:\/\/x.com\/GES_Mujer","https:\/\/www.instagram.com\/ges_mujer\/?hl=es","https:\/\/www.youtube.com\/c\/GESMujerRosarioCastellanos\/videos","https:\/\/soundcloud.com\/gesmujerac","https:\/\/www.tiktok.com\/@gesmujer"]},{"@type":"Person","@id":"https:\/\/www.gesmujer.org\/sitio\/#\/schema\/person\/50e03387f883646c2714c51783a7e288","name":"cendoc","image":{"@type":"ImageObject","inLanguage":"es","@id":"https:\/\/secure.gravatar.com\/avatar\/2f187338ccb33c33bc1b08e92e2247a6891db221398e12bbc0f5ff0cfc462495?s=96&d=mm&r=g","url":"https:\/\/secure.gravatar.com\/avatar\/2f187338ccb33c33bc1b08e92e2247a6891db221398e12bbc0f5ff0cfc462495?s=96&d=mm&r=g","contentUrl":"https:\/\/secure.gravatar.com\/avatar\/2f187338ccb33c33bc1b08e92e2247a6891db221398e12bbc0f5ff0cfc462495?s=96&d=mm&r=g","caption":"cendoc"},"sameAs":["http:\/\/gesmujer.org"],"url":"https:\/\/www.gesmujer.org\/sitio\/author\/cendoc\/"}]}},"_links":{"self":[{"href":"https:\/\/www.gesmujer.org\/sitio\/wp-json\/wp\/v2\/posts\/5490","targetHints":{"allow":["GET"]}}],"collection":[{"href":"https:\/\/www.gesmujer.org\/sitio\/wp-json\/wp\/v2\/posts"}],"about":[{"href":"https:\/\/www.gesmujer.org\/sitio\/wp-json\/wp\/v2\/types\/post"}],"author":[{"embeddable":true,"href":"https:\/\/www.gesmujer.org\/sitio\/wp-json\/wp\/v2\/users\/4"}],"replies":[{"embeddable":true,"href":"https:\/\/www.gesmujer.org\/sitio\/wp-json\/wp\/v2\/comments?post=5490"}],"version-history":[{"count":2,"href":"https:\/\/www.gesmujer.org\/sitio\/wp-json\/wp\/v2\/posts\/5490\/revisions"}],"predecessor-version":[{"id":5599,"href":"https:\/\/www.gesmujer.org\/sitio\/wp-json\/wp\/v2\/posts\/5490\/revisions\/5599"}],"wp:featuredmedia":[{"embeddable":true,"href":"https:\/\/www.gesmujer.org\/sitio\/wp-json\/wp\/v2\/media\/5491"}],"wp:attachment":[{"href":"https:\/\/www.gesmujer.org\/sitio\/wp-json\/wp\/v2\/media?parent=5490"}],"wp:term":[{"taxonomy":"category","embeddable":true,"href":"https:\/\/www.gesmujer.org\/sitio\/wp-json\/wp\/v2\/categories?post=5490"},{"taxonomy":"post_tag","embeddable":true,"href":"https:\/\/www.gesmujer.org\/sitio\/wp-json\/wp\/v2\/tags?post=5490"}],"curies":[{"name":"wp","href":"https:\/\/api.w.org\/{rel}","templated":true}]}}