{"id":5512,"date":"2020-06-20T00:20:00","date_gmt":"2020-06-20T06:20:00","guid":{"rendered":"https:\/\/www.gesmujer.org\/web\/?p=5512"},"modified":"2020-06-30T00:22:30","modified_gmt":"2020-06-30T06:22:30","slug":"desapariciones-y-asesinatos-de-mujeres-tuxtepec-tambien-es-foco-rojo-por-violencia-feminicida","status":"publish","type":"post","link":"https:\/\/www.gesmujer.org\/sitio\/?p=5512","title":{"rendered":"Desapariciones y asesinatos de mujeres: Tuxtepec tambi\u00e9n es foco rojo por violencia feminicida"},"content":{"rendered":"\n<p>Christian Jimenez<\/p>\n\n\n\n<p>La localizaci\u00f3n de una fosa clandestina con los restos de al menos dos personas, una de ellas mujer, a la par de la existencia de tres casos de j\u00f3venes desaparecidas, y una m\u00e1s, hallada seis d\u00edas despu\u00e9s asesinada, han puesto a&nbsp;<strong>San Juan Bautista Tuxtepec<\/strong>&nbsp;de nueva cuenta en el mapa de la violencia, ahora espec\u00edficamente de la&nbsp;<strong>violencia feminicida<\/strong>.<\/p>\n\n\n\n<p><strong>F\u00e1tima<\/strong>,&nbsp;<strong>Casandra<\/strong>,&nbsp;<strong>Itzel<\/strong>&nbsp;e&nbsp;<strong>Isabel<\/strong>&nbsp;son los nombres de las j\u00f3venes cuyos rostros en las fichas de b\u00fasqueda han tapizado el municipio. Aunque la&nbsp;<strong>Fiscal\u00eda General de Oaxaca (FGEO)<\/strong>&nbsp;asegur\u00f3 que a\u00fan no se cuenta con una identificaci\u00f3n s\u00f3lida de ninguno de los restos, y este proceso requiere de procesos, pruebas gen\u00e9ticas y periciales que pueden tardar hasta 60 d\u00edas, la familia de F\u00e1tima ha asegurado que uno de los cuerpos es el de la joven.<\/p>\n\n\n\n<p>\u201cF\u00e1tima ten\u00eda 18 a\u00f1os cuando fue reportada como desaparecida el pasado 2 de marzo. Hace unas horas se confirm\u00f3 que uno de los cuerpos encontrados en una fosa clandestina localizada en Tuxtepec correspond\u00eda al de ella\u201d, escribi\u00f3 en Twitter el colectivo feminista oaxaque\u00f1o&nbsp;<em>Mujeres de la Sal<\/em>&nbsp;hace unos d\u00edas.<\/p>\n\n\n\n<p>La presidenta del Grupo de Estudios Sobre la Mujer (GES Mujer)&nbsp;<em>Rosario Castellanos<\/em>&nbsp;apunta que de 2019 a la fecha, Tuxtepec, el municipio m\u00e1s grande de la regi\u00f3n de la Cuenca del Papaloapan, registr\u00f3 un total de&nbsp;<strong>28 muertes violentas de mujeres<\/strong>, ocho en lo que va del a\u00f1o; en toda la regi\u00f3n se contabilizan 11.<\/p>\n\n\n\n<p>De acuerdo con el registro de la organizaci\u00f3n, de confirmarse la identidad de los de los restos, en menos de una semana aumentar\u00edan de 16 a 20 los cr\u00edmenes contra mujeres cometidos en territorio oaxaque\u00f1o durante el periodo de aislamiento, y llegar\u00edan a 27 desde marzo. En total, en lo que va de 2020, suman 50 las&nbsp;<strong>mujeres asesinadas en Oaxaca<\/strong>, pero no todos se tipifican como&nbsp;<strong><em>feminicidio<\/em><\/strong>.<\/p>\n\n\n\n<p>La base de datos de la organizaci\u00f3n precisa que la Cuenca del Papaloapan, con 72 cr\u00edmenes, concentra 17% de las muertes violentas de mujeres que se contabilizan de finales de 2016 a la fecha en toda la entidad y que suman 433.<\/p>\n\n\n\n<p>Seg\u00fan Ayala Ortiz, las cifras son evidencia de que no se est\u00e1 atendiendo la&nbsp;<strong>violencia contra las mujeres<\/strong>&nbsp;a nivel municipal. \u201cEl estado tiene responsabilidades en cuanto a la investigaci\u00f3n de la problem\u00e1tica, por eso nos preguntamos si se est\u00e1 investigando la desaparici\u00f3n de mujeres y los patrones que suceden en com\u00fan entre los casos, a fin de identificar similitudes que permitan la identificaci\u00f3n de los responsables\u201d, apunta.<\/p>\n\n\n\n<p>Lo anterior, dado que los cuatro casos de las&nbsp;<strong>j\u00f3venes desaparecidas<\/strong>, incluido el caso de Isabel, cuyo cuerpo fue localizado fosa despu\u00e9s, han ocurrido en un periodo particular de tiempo y en circunstancias parecidas.<\/p>\n\n\n\n<h2 class=\"wp-block-heading\"><strong>Entorno de violencia<\/strong><\/h2>\n\n\n\n<p>Seg\u00fan datos del&nbsp;<strong>Secretariado Ejecutivo del Sistema Nacional de Seguridad P\u00fablica (SESNSP)<\/strong>, Tuxtepec es el uno de los dos municipios de Oaxaca que figuran entre los m\u00e1s violentos del pa\u00eds, con una tasa de mortalidad de 55 asesinatos por cada 100 mil habitantes, el otro es Mat\u00edas Romero.<\/p>\n\n\n\n<p>Adem\u00e1s es uno de los 40 municipios incluidos en la Alerta de Violencia G\u00e9nero, emitida por la Secretar\u00eda de Gobernaci\u00f3n (Segob) a finales de agosto de 2018; sin embargo, hasta hoy las acciones para atender esta violencia, que deber\u00edan estar acompa\u00f1adas por la Secretar\u00eda de las Mujeres de Oaxaca (SMO), no han dado resultado, considera GES Mujer.<\/p>\n\n\n\n<p><em>Consorcio para el Di\u00e1logo y la Equidad Oaxaca<\/em>, otra organizaci\u00f3n feminista, coincide en el diagn\u00f3stico. Apenas en enero pasado dio a conocer que San Juan Bautista Tuxtepec y Loma Bonita concentran 70% de los feminicidios de la regi\u00f3n.<\/p>\n\n\n\n<p>Este jueves, familiares de las j\u00f3venes desaparecidas, as\u00ed como activistas de la regi\u00f3n de la Cuenca, salieron a las calles pese a la&nbsp;<strong>contingencia<\/strong>&nbsp;para exigir justicia por ellas y por las&nbsp;<strong>mujeres asesinadas<\/strong>&nbsp;en los municipios de la regi\u00f3n.<\/p>\n\n\n\n<p>Pese a que exigieron atenci\u00f3n de las autoridades, no fueron atendidas por el presidente municipal de San Juan Bautista Tuxtepec, Fernando Bautista D\u00e1vila, quien dio a conocer en redes sociales que est\u00e1 en aislamiento luego de presentar un cuadro sospechoso de&nbsp;<strong>Covid-19<\/strong>.<\/p>\n\n\n\n<h2 class=\"wp-block-heading\"><strong>Indagar las ausencias<\/strong><\/h2>\n\n\n\n<p>Al respecto, la presidenta del GES Mujer se\u00f1ala que la falta de opciones de justicia obliga a las mujeres a salir a manifestarse para exigir seguridad, incluso en medio de la pandemia. \u201cEs vital que el estado tenga respeto hacia las familias, v\u00edctimas secundarias de los feminicidios\u201d, se\u00f1ala.<\/p>\n\n\n\n<p>Sobre la identificaci\u00f3n de los restos, que no se ha hecho de forma oficial, lamenta que las familias se enteren que sus hijas fueron halladas en una fosa, a trav\u00e9s de una llamada telef\u00f3nica, como ha dado a conocer la familia de F\u00e1tima, por lo que consider\u00f3 que \u201cdebe existir una atenci\u00f3n personalizada, acompa\u00f1amiento legal y psicol\u00f3gico para las familias de las v\u00edctimas\u201d, afirma.<\/p>\n\n\n\n<p>Por ello, Ayala Ortiz considera que urgente implementar acciones preventivas que permitan evitar las desapariciones de mujeres, que en las \u00faltimas fechas van en aumento en la regi\u00f3n de la Cuenca, por ello reiter\u00f3 que hace que las autoridades deben atender de manera urgente y apropiada las denuncias de desaparici\u00f3n, pues es com\u00fan que no se reciban argumentando que se \u201cfueron con el novio\u201d, situaci\u00f3n que revictimiza a las desaparecidas y a sus familiares, y&nbsp;abund\u00f3 que es urgente garantizar el acceso a la justicia y a la reparaci\u00f3n del da\u00f1o.<\/p>\n\n\n\n<p>Por su parte, diputadas de la 64 Legislatura del Congreso de Oaxaca llamaron a las autoridades a aplicar las pol\u00edticas y acciones que establece la&nbsp;<em>Ley en Materia de Personas Desaparecidas<\/em>&nbsp;en la entidad, tras los casos ocurridos en los \u00faltimos meses en Tuxtepec.&nbsp;&nbsp;&nbsp;&nbsp;&nbsp;&nbsp;<\/p>\n\n\n\n<p>\u201cEl llamado es dirigido al Ejecutivo estatal, la Fiscal\u00eda General del estado, la Defensor\u00eda de los Derechos Humanos del Pueblo de Oaxaca y al Tribunal Superior de Justicia del estado, es para que investiguen, sancionen, reparen el da\u00f1o y las violaciones a derechos humanos cometidos en contra de mujeres v\u00edctimas de desaparici\u00f3n\u201d, expusieron en un comunicado.<\/p>\n\n\n\n<p>Tambi\u00e9n urgieron a que se realicen las investigaciones necesarias con perspectiva de g\u00e9nero, enfoque interseccional y diferenciado, observando el protocolo de investigaci\u00f3n, ministerial, pericial y policial por el\u00a0<strong>delito de feminicidio<\/strong>.<\/p>\n\n\n\n<p>Fuente: <a href=\"https:\/\/oaxaca.eluniversal.com.mx\/municipios\/20-06-2020\/desapariciones-y-asesinatos-de-mujeres-tuxtepec-tambien-es-foco-rojo-por?fbclid=IwAR3mo-QS63IZotd0xVSLyiyikUeOXB4_UrR9kDdC2B4MbLk5yp9yELS9LAo\">https:\/\/oaxaca.eluniversal.com.mx\/municipios\/20-06-2020\/desapariciones-y-asesinatos-de-mujeres-tuxtepec-tambien-es-foco-rojo-por?fbclid=IwAR3mo-QS63IZotd0xVSLyiyikUeOXB4_UrR9kDdC2B4MbLk5yp9yELS9LAo<\/a><\/p>\n","protected":false},"excerpt":{"rendered":"<p>Christian Jimenez La localizaci\u00f3n de una fosa clandestina con los restos de al menos dos personas, una de ellas mujer, a la par de la existencia de tres casos de j\u00f3venes desaparecidas, y una m\u00e1s, hallada seis d\u00edas despu\u00e9s asesinada, han puesto a&nbsp;San Juan Bautista Tuxtepec&nbsp;de nueva cuenta en el mapa de la violencia, ahora [&hellip;]<\/p>\n","protected":false},"author":4,"featured_media":5514,"comment_status":"closed","ping_status":"open","sticky":false,"template":"","format":"standard","meta":{"give_campaign_id":0,"rs_blank_template":"","rs_page_bg_color":"","slide_template_v7":"","footnotes":""},"categories":[32],"tags":[],"class_list":["post-5512","post","type-post","status-publish","format-standard","has-post-thumbnail","hentry","category-novedades"],"_links":{"self":[{"href":"https:\/\/www.gesmujer.org\/sitio\/index.php?rest_route=\/wp\/v2\/posts\/5512","targetHints":{"allow":["GET"]}}],"collection":[{"href":"https:\/\/www.gesmujer.org\/sitio\/index.php?rest_route=\/wp\/v2\/posts"}],"about":[{"href":"https:\/\/www.gesmujer.org\/sitio\/index.php?rest_route=\/wp\/v2\/types\/post"}],"author":[{"embeddable":true,"href":"https:\/\/www.gesmujer.org\/sitio\/index.php?rest_route=\/wp\/v2\/users\/4"}],"replies":[{"embeddable":true,"href":"https:\/\/www.gesmujer.org\/sitio\/index.php?rest_route=%2Fwp%2Fv2%2Fcomments&post=5512"}],"version-history":[{"count":1,"href":"https:\/\/www.gesmujer.org\/sitio\/index.php?rest_route=\/wp\/v2\/posts\/5512\/revisions"}],"predecessor-version":[{"id":5513,"href":"https:\/\/www.gesmujer.org\/sitio\/index.php?rest_route=\/wp\/v2\/posts\/5512\/revisions\/5513"}],"wp:featuredmedia":[{"embeddable":true,"href":"https:\/\/www.gesmujer.org\/sitio\/index.php?rest_route=\/wp\/v2\/media\/5514"}],"wp:attachment":[{"href":"https:\/\/www.gesmujer.org\/sitio\/index.php?rest_route=%2Fwp%2Fv2%2Fmedia&parent=5512"}],"wp:term":[{"taxonomy":"category","embeddable":true,"href":"https:\/\/www.gesmujer.org\/sitio\/index.php?rest_route=%2Fwp%2Fv2%2Fcategories&post=5512"},{"taxonomy":"post_tag","embeddable":true,"href":"https:\/\/www.gesmujer.org\/sitio\/index.php?rest_route=%2Fwp%2Fv2%2Ftags&post=5512"}],"curies":[{"name":"wp","href":"https:\/\/api.w.org\/{rel}","templated":true}]}}