{"id":5529,"date":"2020-07-07T06:43:00","date_gmt":"2020-07-07T12:43:00","guid":{"rendered":"https:\/\/www.gesmujer.org\/web\/?p=5529"},"modified":"2020-07-08T06:47:28","modified_gmt":"2020-07-08T12:47:28","slug":"feminicidos-la-otra-pandemia-que-crece-en-oaxaca-62-mujeres-han-sido-asesinadas-en-2020","status":"publish","type":"post","link":"https:\/\/www.gesmujer.org\/sitio\/?p=5529","title":{"rendered":"Feminicidos, la otra pandemia que crece en Oaxaca; 62 mujeres han sido asesinadas en 2020"},"content":{"rendered":"\n<p><strong>Por Diana Manzo<\/strong><\/p>\n\n\n\n<figure class=\"wp-block-audio\"><audio controls src=\"https:\/\/www.gesmujer.org\/web\/wp-content\/uploads\/2020\/07\/audio08.ogg\"><\/audio><figcaption><em>Escucha a la presidenta del GESMujer, Ang\u00e9lica Ayala Ortuz<\/em><\/figcaption><\/figure>\n\n\n\n<p>Oaxaca ocupaba el noveno sitio por homicidios dolosos y feminicidios, seg\u00fan datos del Secretariado Ejecutivo del Sistema Nacional de Seguridad P\u00fablica.<\/p>\n\n\n\n<p>El viernes la joven Mar\u00eda Concepci\u00f3n y su hijo, ambos menores de edad,&nbsp;<strong>fueron asesinados y calcinados en la alcald\u00eda Ejutla de Crespo<\/strong>, Oaxaca; el s\u00e1bado, una joven de 26 a\u00f1os apareci\u00f3 en Juchit\u00e1n sin vida y con impactos de bala y este martes se supo de la muerte por estrangulamiento de otra mujer en San Jacinto Amilpas.<\/p>\n\n\n\n<p>Los homicidios dolosos y los feminicidios&nbsp;<strong>son la otra pandemia que viven las oaxaque\u00f1as;&nbsp;<\/strong>en este a\u00f1o han sido 62 privadas de su vida en esa entidad.<\/p>\n\n\n\n<p>Seg\u00fan datos del Secretariado Ejecutivo del Sistema Nacional de Seguridad P\u00fablica, hasta el mes de mayo de este a\u00f1o&nbsp;<strong>Oaxaca ocupaba el noveno sitio por homicidios dolosos y feminicidios<\/strong>, por lo cual diversos colectivos de mujeres insisten en parar esta ola de violencia en la entidad que no disminuye ni siquiera en medio de la emergencia sanitaria por Covid-19.<\/p>\n\n\n\n<p>Datos del colectivo \u201cGrupo de Mujeres 8 de marzo\u201d revelan que desde que comenz\u00f3 la pandemia en el mes de marzo hasta este julio,&nbsp;<strong>la violencia contra las mujeres ha crecido<\/strong>&nbsp;y lo observan porque diariamente una veintena de mujeres piden ayuda a trav\u00e9s de sus l\u00edneas telef\u00f3nicas o redes sociales, adem\u00e1s de que hay una lista de ellas esperando ser admitida en el refugio para mujeres \u201cChina Yodo\u201d.<\/p>\n\n\n\n<p>Belegui L\u00f3pez Blas, directora del refugio \u201cChina Yodo\u201d, refiere que la violencia est\u00e1 imparable y prueba de ello son los recientes feminicidios que se han dado en Oaxaca,\u00a0<strong>lo cual da muestra de que es un estado con riesgo para una mujer<\/strong>.<\/p>\n\n\n\n<p>En lo que va de la administraci\u00f3n de Alejandro Murat Hinojosa, del 1 de diciembre de 2016 a la fecha, 443 oaxaque\u00f1as han sido v\u00edctimas de feminicidios, entre ellas el de la joven Jennifer originaria de Mat\u00edas Romero Oaxaca que ocurri\u00f3 en Abril del 2017, su cuerpo fue rociado con gasolina y despu\u00e9s le prendieron fuego aun estando viva, pero que&nbsp;<strong>a tres a\u00f1os su muerte sigue impune.<\/strong><\/p>\n\n\n\n<p>Aunado al tema de los homicidios dolosos y feminicidios, se suma el de las desapariciones, sobre ello la organizaci\u00f3n de mujeres \u201cConsorcio Oaxaca\u201d lleva un recuento y da cuenta de acuerdo a un subregistro, encontraron que del total de mujeres desaparecidas en Oaxaca -818 casos del 01 de diciembre del 2016 al presente- y\u00a0<strong>tan s\u00f3lo el 13% se reportaron como \u201clocalizadas\u201d<\/strong>\u00a0sin tener informaci\u00f3n sobre las condiciones f\u00edsicas o psicoemocionales en que fueron encontradas y, en los casos en que es posible saberlo, 9 de ellas aparecieron sin vida y con signos de haber sido asesinadas con violencia extrema.<\/p>\n\n\n\n<p>Fuente: <a href=\"https:\/\/aristeguinoticias.com\/0707\/mexico\/feminicidos-la-otra-pandemia-que-crece-en-oaxaca-62-mujeres-han-sido-asesinadas-en-2020\/\">https:\/\/aristeguinoticias.com\/0707\/mexico\/feminicidos-la-otra-pandemia-que-crece-en-oaxaca-62-mujeres-han-sido-asesinadas-en-2020\/<\/a><\/p>\n","protected":false},"excerpt":{"rendered":"<p>Por Diana Manzo Oaxaca ocupaba el noveno sitio por homicidios dolosos y feminicidios, seg\u00fan datos del Secretariado Ejecutivo del Sistema Nacional de Seguridad P\u00fablica. El viernes la joven Mar\u00eda Concepci\u00f3n y su hijo, ambos menores de edad,&nbsp;fueron asesinados y calcinados en la alcald\u00eda Ejutla de Crespo, Oaxaca; el s\u00e1bado, una joven de 26 a\u00f1os apareci\u00f3 [&hellip;]<\/p>\n","protected":false},"author":4,"featured_media":5531,"comment_status":"closed","ping_status":"open","sticky":false,"template":"","format":"standard","meta":{"footnotes":""},"categories":[36,32],"tags":[],"class_list":["post-5529","post","type-post","status-publish","format-standard","has-post-thumbnail","hentry","category-comunicados","category-novedades"],"_links":{"self":[{"href":"https:\/\/www.gesmujer.org\/sitio\/index.php?rest_route=\/wp\/v2\/posts\/5529","targetHints":{"allow":["GET"]}}],"collection":[{"href":"https:\/\/www.gesmujer.org\/sitio\/index.php?rest_route=\/wp\/v2\/posts"}],"about":[{"href":"https:\/\/www.gesmujer.org\/sitio\/index.php?rest_route=\/wp\/v2\/types\/post"}],"author":[{"embeddable":true,"href":"https:\/\/www.gesmujer.org\/sitio\/index.php?rest_route=\/wp\/v2\/users\/4"}],"replies":[{"embeddable":true,"href":"https:\/\/www.gesmujer.org\/sitio\/index.php?rest_route=%2Fwp%2Fv2%2Fcomments&post=5529"}],"version-history":[{"count":1,"href":"https:\/\/www.gesmujer.org\/sitio\/index.php?rest_route=\/wp\/v2\/posts\/5529\/revisions"}],"predecessor-version":[{"id":5532,"href":"https:\/\/www.gesmujer.org\/sitio\/index.php?rest_route=\/wp\/v2\/posts\/5529\/revisions\/5532"}],"wp:featuredmedia":[{"embeddable":true,"href":"https:\/\/www.gesmujer.org\/sitio\/index.php?rest_route=\/wp\/v2\/media\/5531"}],"wp:attachment":[{"href":"https:\/\/www.gesmujer.org\/sitio\/index.php?rest_route=%2Fwp%2Fv2%2Fmedia&parent=5529"}],"wp:term":[{"taxonomy":"category","embeddable":true,"href":"https:\/\/www.gesmujer.org\/sitio\/index.php?rest_route=%2Fwp%2Fv2%2Fcategories&post=5529"},{"taxonomy":"post_tag","embeddable":true,"href":"https:\/\/www.gesmujer.org\/sitio\/index.php?rest_route=%2Fwp%2Fv2%2Ftags&post=5529"}],"curies":[{"name":"wp","href":"https:\/\/api.w.org\/{rel}","templated":true}]}}