{"id":5597,"date":"2020-07-18T10:14:21","date_gmt":"2020-07-18T16:14:21","guid":{"rendered":"https:\/\/www.gesmujer.org\/web\/?p=5597"},"modified":"2020-07-18T10:38:26","modified_gmt":"2020-07-18T16:38:26","slug":"en-oaxaca-ejecutan-y-prenden-fuego-a-una-adolescente-y-a-su-hijo-de-casi-dos-anos","status":"publish","type":"post","link":"https:\/\/www.gesmujer.org\/sitio\/?p=5597","title":{"rendered":"En Oaxaca, ejecutan y prenden fuego a una adolescente y a su hijo de casi dos a\u00f1os"},"content":{"rendered":"\n<p>Pedro Mat\u00edas, jueves 30 de junio, Proceso.- Una estudiante del Colegio de Bachilleres de Oaxaca (Cobao) y su beb\u00e9 de casi dos a\u00f1os de edad fueron asesinados y calcinados en un cerro de Ejutla de Crespo.<\/p>\n\n\n\n<p>Mar\u00eda Concepci\u00f3n A. C., de 17 a\u00f1os, fue v\u00edctima de la violencia feminicida, que es la forma extrema de violencia de g\u00e9nero producto de la violaci\u00f3n a sus derechos humanos, tanto en el \u00e1mbito privado como p\u00fablico, lament\u00f3 la presidenta del Grupo de Estudios sobre la Mujer \u201cRosario Castellanos\u201d (GESMujer), Ang\u00e9lica Ayala Ortiz.<\/p>\n\n\n\n<p>Con este crimen suman 443 casos de mujeres asesinadas en lo que va del sexenio del priista Alejandro Murat Hinojosa. Tan solo del 1 de enero al 30 de junio de 2020 existe el registro de 60 mujeres asesinadas, seg\u00fan el Centro de Documentaci\u00f3n de GESMujer.<\/p>\n\n\n\n<p class=\"has-text-align-center\"><em><span style=\"color:#430c66\" class=\"has-inline-color\">Escucha a la presidenta de GESMujer Ang\u00e9lica Ayala Ortiz:<\/span><\/em><\/p>\n\n\n\n<figure class=\"wp-block-audio\"><audio controls src=\"https:\/\/www.gesmujer.org\/web\/wp-content\/uploads\/2020\/07\/Feminicidio-Mar\u00eda.ogg\"><\/audio><\/figure>\n\n\n\n<p>El caso que indign\u00f3 a la ciudadan\u00eda ocurri\u00f3 el domingo 28 en inmediaciones del municipio de Ejutla de Crespo, cuando habitantes de esa localidad acudieron a sofocar un incendio en el cerro \u201cEl Mexicano\u201d y descubrieron los dos cuerpos: de Mar\u00eda Concepci\u00f3n A. C. y de su hijo A. A., de un a\u00f1o y 10 meses de edad.<\/p>\n\n\n\n<p>Trascendi\u00f3 que la alumna del Cobao Plantel 11, en Ejutla de Crespo, fue vista alrededor de las 10 horas del domingo a bordo de un mototaxi. Despu\u00e9s no se supo de su paradero, hasta que se avis\u00f3 del incendio en el cerro \u201cEl Mexicano\u201d.<\/p>\n\n\n\n<p>\u201cLa violencia feminicida hacia las ni\u00f1as y adolescentes se sigue agravando en Oaxaca. Hoy es Ejutla el lugar donde se enluta un hogar. Una joven de apenas 17 a\u00f1os y su peque\u00f1o hijo fueron v\u00edctimas de una violencia extrema que acab\u00f3 con sus vidas para posteriormente ser incinerados, como una forma m\u00e1s de violencia al intentar ocultar los indignantes hechos\u201d, subray\u00f3 Ayala Ortiz.<\/p>\n\n\n\n<p>A\u00f1adi\u00f3: \u201cMar\u00eda, madre de un peque\u00f1o de casi dos a\u00f1os, nos habla de una ni\u00f1a que vivi\u00f3 el embarazo a la edad de 14 a\u00f1os, lo que es un ejemplo muy claro de las desigualdades que existen a\u00fan en la sociedad donde se siguen naturalizando pr\u00e1cticas que violentan los derechos humanos de las ni\u00f1as y las mujeres\u201d.<\/p>\n\n\n\n<p>Sin embargo, aun as\u00ed, siendo madre adolescente, con todas las cargas que esto conlleva, intent\u00f3 mantenerse en la escuela y continuar con su vida, \u201cpero la violencia feminicida la alcanz\u00f3 a ella y a su hijo\u201d.<\/p>\n\n\n\n<p>Prosigui\u00f3: \u201cUniones tempranas, embarazos no planeados o forzados, matrimonios infantiles, acoso y violencia sexual en la infancia y adolescencia son realidades que deben ser visibilizadas, pues profundizan la desigualdad entre mujeres y hombres, y en el caso de las ni\u00f1as y adolescentes las coloca en grave riesgo para su integridad y su vida\u201d.<\/p>\n\n\n\n<p>Como GESMujer, recalc\u00f3, \u201cexigimos que el indignante caso de Mar\u00eda no se sume a la larga lista de impunidad que prevalece en Oaxaca; exigimos atenci\u00f3n a esta otra pandemia que es la violencia hacia las mujeres y las ni\u00f1as\u201d, finaliz\u00f3.<\/p>\n\n\n\n<p>Por separado, la comunidad estudiantil y trabajadores del Cobao manifestaron su m\u00e1s en\u00e9rgica condena por los hechos en los que fue privada de la vida la menor Mar\u00eda C.A.C., alumna del Plantel 11 de Ejutla de Crespo, as\u00ed como su peque\u00f1o hijo.<\/p>\n\n\n\n<p>De igual forma, diputados de Morena exigieron justicia por el feminicidio e infanticidio en Ejutla.<\/p>\n\n\n\n<p>La Junta de Coordinaci\u00f3n Pol\u00edtica del Congreso local conden\u00f3 los hechos y pidi\u00f3 a la Fiscal\u00eda General del estado realizar una investigaci\u00f3n puntual con perspectiva de g\u00e9nero, tomando en cuenta los escenarios violentos en los que la v\u00edctima estuvo en contacto antes, durante y despu\u00e9s del crimen.<\/p>\n\n\n\n<p>Fuente: <a href=\"https:\/\/www.proceso.com.mx\/636491\/en-oaxaca-ejecutan-y-prenden-fuego-a-una-adolescente-y-a-su-hijo-de-casi-dos-anos\">https:\/\/www.proceso.com.mx\/636491\/en-oaxaca-ejecutan-y-prenden-fuego-a-una-adolescente-y-a-su-hijo-de-casi-dos-anos<\/a><\/p>\n","protected":false},"excerpt":{"rendered":"<p>Pedro Mat\u00edas, jueves 30 de junio, Proceso.- Una estudiante del Colegio de Bachilleres de Oaxaca (Cobao) y su beb\u00e9 de casi dos a\u00f1os de edad fueron asesinados y calcinados en un cerro de Ejutla de Crespo. Mar\u00eda Concepci\u00f3n A. C., de 17 a\u00f1os, fue v\u00edctima de la violencia feminicida, que es la forma extrema de [&hellip;]<\/p>\n","protected":false},"author":4,"featured_media":5601,"comment_status":"closed","ping_status":"open","sticky":false,"template":"","format":"standard","meta":{"footnotes":""},"categories":[91,32],"tags":[89],"class_list":["post-5597","post","type-post","status-publish","format-standard","has-post-thumbnail","hentry","category-notas","category-novedades","tag-gesmujer-oaxaca-mujeres-participacionpolitica"],"_links":{"self":[{"href":"https:\/\/www.gesmujer.org\/sitio\/index.php?rest_route=\/wp\/v2\/posts\/5597","targetHints":{"allow":["GET"]}}],"collection":[{"href":"https:\/\/www.gesmujer.org\/sitio\/index.php?rest_route=\/wp\/v2\/posts"}],"about":[{"href":"https:\/\/www.gesmujer.org\/sitio\/index.php?rest_route=\/wp\/v2\/types\/post"}],"author":[{"embeddable":true,"href":"https:\/\/www.gesmujer.org\/sitio\/index.php?rest_route=\/wp\/v2\/users\/4"}],"replies":[{"embeddable":true,"href":"https:\/\/www.gesmujer.org\/sitio\/index.php?rest_route=%2Fwp%2Fv2%2Fcomments&post=5597"}],"version-history":[{"count":2,"href":"https:\/\/www.gesmujer.org\/sitio\/index.php?rest_route=\/wp\/v2\/posts\/5597\/revisions"}],"predecessor-version":[{"id":5616,"href":"https:\/\/www.gesmujer.org\/sitio\/index.php?rest_route=\/wp\/v2\/posts\/5597\/revisions\/5616"}],"wp:featuredmedia":[{"embeddable":true,"href":"https:\/\/www.gesmujer.org\/sitio\/index.php?rest_route=\/wp\/v2\/media\/5601"}],"wp:attachment":[{"href":"https:\/\/www.gesmujer.org\/sitio\/index.php?rest_route=%2Fwp%2Fv2%2Fmedia&parent=5597"}],"wp:term":[{"taxonomy":"category","embeddable":true,"href":"https:\/\/www.gesmujer.org\/sitio\/index.php?rest_route=%2Fwp%2Fv2%2Fcategories&post=5597"},{"taxonomy":"post_tag","embeddable":true,"href":"https:\/\/www.gesmujer.org\/sitio\/index.php?rest_route=%2Fwp%2Fv2%2Ftags&post=5597"}],"curies":[{"name":"wp","href":"https:\/\/api.w.org\/{rel}","templated":true}]}}