{"id":5690,"date":"2020-07-30T10:31:42","date_gmt":"2020-07-30T16:31:42","guid":{"rendered":"https:\/\/www.gesmujer.org\/web\/?p=5690"},"modified":"2020-07-30T15:27:15","modified_gmt":"2020-07-30T21:27:15","slug":"crece-violencia-de-genero-registran-pocas-denununcias-en-oaxaca","status":"publish","type":"post","link":"https:\/\/www.gesmujer.org\/sitio\/?p=5690","title":{"rendered":"Crece violencia de g\u00e9nero; registran pocas denuncias en Oaxaca"},"content":{"rendered":"\n<p><strong>En Oaxaca la mayor\u00eda de los casos no llega ante las instancias de procuraci\u00f3n de justicia<\/strong><\/p>\n\n\n\n<p>Yadira Sosa, 30 de Julio de 2020, El Imparcial Oaxaca.- Aunque en Oaxaca se estima que seis de cada 10 mujeres sufren violencia por raz\u00f3n de g\u00e9nero en alg\u00fan momento de su vida, la mayor\u00eda de los casos no llega ante las instancias de procuraci\u00f3n de justicia. <\/p>\n\n\n\n<p>De acuerdo a los registros del Secretario Ejecutivo del Sistema Nacional de Seguridad P\u00fablica (SESNSP), en lo que va de este a\u00f1o apenas se tiene un registro de dos denunncias por violencia de g\u00e9nero en todas las modalidades a la violencia familiar, cuando en otras entidades, como el estado de M\u00e9xico, por ejemplo, la cifra es de 897.<\/p>\n\n\n\n<p>As\u00ed tambi\u00e9n, en el estado vecino de Guerrero se tiene a la fecha 147 denuncias en este rubro de violencia de g\u00e9nero en todas las modalidades, mientras que en Veracruz se acumulan 529. Estados como Puebla y Chiapas, se mantienen en la misma estad\u00edstica que Oaxaca.<\/p>\n\n\n\n<p>En la problem\u00e1tica de violencia familiar, la entidad acumula a la fecha 3 mil 52 denuncias, de las cuales, 499 fueron en enero, 574 en febrer, 650 en marzo, 445 en abril, 463 en mayo y 421 en juli.<\/p>\n\n\n\n<p>De las muertes violentas en mujeres, el Centro de Documentaci\u00f3n del Grupo de Estudios sobre la Mujer &#8220;Rosario Castellanos&#8221; (GESMujer, contabiliza a la fecha 69, de los cuales, enero representa el m\u00e1s violento con 19 casos. <\/p>\n\n\n\n<p>Le sigue junio con 14, abril con 11, julio 9, marzo 7, mayo 5 y febrero cuatro, cuya forma de muerte en el 64% de los casos, fueron por impacto de balas. Otras m\u00e1s fueron a machetazos, estrangulaci\u00f3n, golpes, maltrato y abuso sexual, entre otros.<\/p>\n\n\n\n<p>As\u00ed tambi\u00e9n, desde  que se emiti\u00f3 la alerta de g\u00e9nero en agosto de 2018 a la fecha, el estado acumula un total d 237 asesinatos violentos de mujeres, con mayor incidencia en aquellas de 19 a 44 a\u00f1os de edad. <\/p>\n\n\n\n<p>Fuente: <a href=\"https:\/\/imparcialoaxaca.mx\/oaxaca\/453456\/crece-violencia-de-genero-registran-pocas-de-denuncias-en-oaxaca\/\">https:\/\/imparcialoaxaca.mx\/oaxaca\/453456\/crece-violencia-de-genero-registran-pocas-de-denuncias-en-oaxaca\/<\/a><\/p>\n","protected":false},"excerpt":{"rendered":"<p>En Oaxaca la mayor\u00eda de los casos no llega ante las instancias de procuraci\u00f3n de justicia Yadira Sosa, 30 de Julio de 2020, El Imparcial Oaxaca.- Aunque en Oaxaca se estima que seis de cada 10 mujeres sufren violencia por raz\u00f3n de g\u00e9nero en alg\u00fan momento de su vida, la mayor\u00eda de los casos no [&hellip;]<\/p>\n","protected":false},"author":4,"featured_media":5691,"comment_status":"closed","ping_status":"open","sticky":false,"template":"","format":"standard","meta":{"give_campaign_id":0,"rs_blank_template":"","rs_page_bg_color":"","slide_template_v7":"","footnotes":""},"categories":[91,32,3],"tags":[],"class_list":["post-5690","post","type-post","status-publish","format-standard","has-post-thumbnail","hentry","category-notas","category-novedades","category-portada"],"_links":{"self":[{"href":"https:\/\/www.gesmujer.org\/sitio\/index.php?rest_route=\/wp\/v2\/posts\/5690","targetHints":{"allow":["GET"]}}],"collection":[{"href":"https:\/\/www.gesmujer.org\/sitio\/index.php?rest_route=\/wp\/v2\/posts"}],"about":[{"href":"https:\/\/www.gesmujer.org\/sitio\/index.php?rest_route=\/wp\/v2\/types\/post"}],"author":[{"embeddable":true,"href":"https:\/\/www.gesmujer.org\/sitio\/index.php?rest_route=\/wp\/v2\/users\/4"}],"replies":[{"embeddable":true,"href":"https:\/\/www.gesmujer.org\/sitio\/index.php?rest_route=%2Fwp%2Fv2%2Fcomments&post=5690"}],"version-history":[{"count":2,"href":"https:\/\/www.gesmujer.org\/sitio\/index.php?rest_route=\/wp\/v2\/posts\/5690\/revisions"}],"predecessor-version":[{"id":5693,"href":"https:\/\/www.gesmujer.org\/sitio\/index.php?rest_route=\/wp\/v2\/posts\/5690\/revisions\/5693"}],"wp:featuredmedia":[{"embeddable":true,"href":"https:\/\/www.gesmujer.org\/sitio\/index.php?rest_route=\/wp\/v2\/media\/5691"}],"wp:attachment":[{"href":"https:\/\/www.gesmujer.org\/sitio\/index.php?rest_route=%2Fwp%2Fv2%2Fmedia&parent=5690"}],"wp:term":[{"taxonomy":"category","embeddable":true,"href":"https:\/\/www.gesmujer.org\/sitio\/index.php?rest_route=%2Fwp%2Fv2%2Fcategories&post=5690"},{"taxonomy":"post_tag","embeddable":true,"href":"https:\/\/www.gesmujer.org\/sitio\/index.php?rest_route=%2Fwp%2Fv2%2Ftags&post=5690"}],"curies":[{"name":"wp","href":"https:\/\/api.w.org\/{rel}","templated":true}]}}