{"id":5895,"date":"2020-09-21T10:59:51","date_gmt":"2020-09-21T16:59:51","guid":{"rendered":"https:\/\/www.gesmujer.org\/web\/?p=5895"},"modified":"2020-09-21T10:59:54","modified_gmt":"2020-09-21T16:59:54","slug":"mujeres-de-oaxaca-vulnerables-ante-ola-de-desempleo-por-la-pandemia","status":"publish","type":"post","link":"https:\/\/www.gesmujer.org\/sitio\/?p=5895","title":{"rendered":"Mujeres de Oaxaca, vulnerables ante ola de desempleo por la pandemia"},"content":{"rendered":"\n<p>Citlalli Luciana, 21 de Septiembre de 2020, Noticias Voz e Imagen de Oaxaca.- Durante la pandemia por la COVID-19, las mujeres han sido las m\u00e1s vulnerables al desempleo por estar inmersas en el sector servicios y en empleos que no les brindan contratos.<\/p>\n\n\n\n<blockquote class=\"wp-block-quote is-layout-flow wp-block-quote-is-layout-flow\"><p><strong><em>\u201cHemos detectado que las mujeres se est\u00e1n quedando sin trabajo. Las mujeres que se dedicaban a empleos informales como las que estaban atendiendo el aseo dom\u00e9stico en casa, a todas se les pidi\u00f3 no regresar hasta que se resolviera el tema de la pandemia\u201d, se\u00f1al\u00f3 Angelica Ayala Ortiz, presidenta del Grupo de Estudios Sobre la Mujer Rosario Castellanos (GESMujer).<\/em><\/strong><\/p><\/blockquote>\n\n\n\n<p>En la revisi\u00f3n realizada por la organizaci\u00f3n a las orientaciones brindadas en l\u00ednea de emergencia encontraron que las mujeres atendidas ten\u00edan el desempleo como com\u00fan denominador, tanto por haber sido despedidas como por no contar con uno debido a que estaban dedicadas a las tareas dom\u00e9sticas no remuneradas en su hogar.<\/p>\n\n\n\n<p><a href=\"https:\/\/www.nvinoticias.com\/file\/sdasjpg-8\"><br><\/a><img fetchpriority=\"high\" decoding=\"async\" width=\"550\" height=\"448\" class=\"wp-image-5896\" style=\"width: 550px;\" src=\"https:\/\/www.gesmujer.org\/web\/wp-content\/uploads\/2020\/09\/vulnerables-1.jpg\" alt=\"\" srcset=\"https:\/\/www.gesmujer.org\/sitio\/wp-content\/uploads\/2020\/09\/vulnerables-1.jpg 795w, https:\/\/www.gesmujer.org\/sitio\/wp-content\/uploads\/2020\/09\/vulnerables-1-600x489.jpg 600w, https:\/\/www.gesmujer.org\/sitio\/wp-content\/uploads\/2020\/09\/vulnerables-1-300x245.jpg 300w, https:\/\/www.gesmujer.org\/sitio\/wp-content\/uploads\/2020\/09\/vulnerables-1-768x626.jpg 768w, https:\/\/www.gesmujer.org\/sitio\/wp-content\/uploads\/2020\/09\/vulnerables-1-74x60.jpg 74w\" sizes=\"(max-width: 550px) 100vw, 550px\" \/><\/p>\n\n\n\n<h3 class=\"wp-block-heading\">Empleos informales&nbsp;<\/h3>\n\n\n\n<p>Ayala Ortiz destac\u00f3 que el 72 por ciento de las mujeres que solicitaron atenci\u00f3n carec\u00edan de recursos econ\u00f3micos, eso daba un 72 por ciento de mujeres que, por una situaci\u00f3n de pobreza, escasez&nbsp;de recursos y carga de trabajo para sostener a las familias, enfrentaban obst\u00e1culo para abandonar una relaci\u00f3n violenta de pareja.<\/p>\n\n\n\n<p>Las mujeres que se dedicaban a empleos informales y que han perdido su empleo -agreg\u00f3- han estado endeud\u00e1ndose con familiares o con personas que prestan dinero con altos intereses, porque por un lado el trabajo se les neg\u00f3 y por otro, las instituciones encargadas de asignar pensiones de emergencia no lo est\u00e1n haciendo.<\/p>\n\n\n\n<blockquote class=\"wp-block-quote has-text-align-center is-layout-flow wp-block-quote-is-layout-flow\"><p><strong><em>\u201cLas mujeres que ten\u00edan empleos en restaurantes como cocineras o meseras se vieron en la necesidad de descansar tres de los siete d\u00edas de trabajo y por tanto sus salarios tambi\u00e9n est\u00e1n afectados a la mitad\u201d, argument\u00f3 Ang\u00e9lica Ayala Ort\u00edz, presidenta d GESMujer.<\/em><\/strong><\/p><\/blockquote>\n\n\n\n<p>Durante el 21 Encuentro Internacional de Estad\u00edsticas de G\u00e9nero (EIEG) del Instituto Nacional de Estad\u00edstica y Geograf\u00eda (Inegi), se destac\u00f3 que el cisma que abri\u00f3 la pandemia de COVID-19 en el mercado laboral mexicano abult\u00f3 las desigualdades para las mujeres.<\/p>\n\n\n\n<p>En este mismo detallaron que a julio pasado hab\u00eda 3 millones de mujeres ocupadas menos que en el mismo mes de 2019, al pasar de 800 mil a un mill\u00f3n 200 mil desempleadas en todo el pa\u00eds, mientras que las no ocupadas fueron de 27 millones 300 mil a 30 millones 500 mil en el mismo lapso.<\/p>\n\n\n\n<p>En el pa\u00eds, Oaxaca, Guerrero, Tlaxcala, Morelos, Nayarit, Michoac\u00e1n, Hidalgo, Puebla, Colima y Chiapas son los estados con mayor participaci\u00f3n de mujeres en el trabajo.<\/p>\n\n\n\n<p>Fuente: https:\/\/www.nvinoticias.com\/nota\/160600\/mujeres-de-oaxaca-vulnerables-ante-ola-de-desempleo-por-la-pandemia<\/p>\n\n\n\n<p><\/p>\n","protected":false},"excerpt":{"rendered":"<p>Citlalli Luciana, 21 de Septiembre de 2020, Noticias Voz e Imagen de Oaxaca.- Durante la pandemia por la COVID-19, las mujeres han sido las m\u00e1s vulnerables al desempleo por estar inmersas en el sector servicios y en empleos que no les brindan contratos. \u201cHemos detectado que las mujeres se est\u00e1n quedando sin trabajo. Las mujeres [&hellip;]<\/p>\n","protected":false},"author":4,"featured_media":5897,"comment_status":"closed","ping_status":"open","sticky":false,"template":"","format":"standard","meta":{"give_campaign_id":0,"rs_blank_template":"","rs_page_bg_color":"","slide_template_v7":"","footnotes":""},"categories":[91,32],"tags":[],"class_list":["post-5895","post","type-post","status-publish","format-standard","has-post-thumbnail","hentry","category-notas","category-novedades"],"_links":{"self":[{"href":"https:\/\/www.gesmujer.org\/sitio\/index.php?rest_route=\/wp\/v2\/posts\/5895","targetHints":{"allow":["GET"]}}],"collection":[{"href":"https:\/\/www.gesmujer.org\/sitio\/index.php?rest_route=\/wp\/v2\/posts"}],"about":[{"href":"https:\/\/www.gesmujer.org\/sitio\/index.php?rest_route=\/wp\/v2\/types\/post"}],"author":[{"embeddable":true,"href":"https:\/\/www.gesmujer.org\/sitio\/index.php?rest_route=\/wp\/v2\/users\/4"}],"replies":[{"embeddable":true,"href":"https:\/\/www.gesmujer.org\/sitio\/index.php?rest_route=%2Fwp%2Fv2%2Fcomments&post=5895"}],"version-history":[{"count":1,"href":"https:\/\/www.gesmujer.org\/sitio\/index.php?rest_route=\/wp\/v2\/posts\/5895\/revisions"}],"predecessor-version":[{"id":5898,"href":"https:\/\/www.gesmujer.org\/sitio\/index.php?rest_route=\/wp\/v2\/posts\/5895\/revisions\/5898"}],"wp:featuredmedia":[{"embeddable":true,"href":"https:\/\/www.gesmujer.org\/sitio\/index.php?rest_route=\/wp\/v2\/media\/5897"}],"wp:attachment":[{"href":"https:\/\/www.gesmujer.org\/sitio\/index.php?rest_route=%2Fwp%2Fv2%2Fmedia&parent=5895"}],"wp:term":[{"taxonomy":"category","embeddable":true,"href":"https:\/\/www.gesmujer.org\/sitio\/index.php?rest_route=%2Fwp%2Fv2%2Fcategories&post=5895"},{"taxonomy":"post_tag","embeddable":true,"href":"https:\/\/www.gesmujer.org\/sitio\/index.php?rest_route=%2Fwp%2Fv2%2Ftags&post=5895"}],"curies":[{"name":"wp","href":"https:\/\/api.w.org\/{rel}","templated":true}]}}