{"id":59428,"date":"2024-09-05T00:22:05","date_gmt":"2024-09-05T06:22:05","guid":{"rendered":"https:\/\/www.gesmujer.org\/sitio\/?p=59428"},"modified":"2024-09-05T00:26:05","modified_gmt":"2024-09-05T06:26:05","slug":"%f0%9d%90%82%f0%9d%90%8e%f0%9d%90%8d%f0%9d%90%95%f0%9d%90%84%f0%9d%90%91%f0%9d%90%92%f0%9d%90%80%f0%9d%90%93%f0%9d%90%8e%f0%9d%90%91%f0%9d%90%88%f0%9d%90%8e-%f0%9d%90%8c%f0%9d%90%94%f0%9d%90%89","status":"publish","type":"post","link":"https:\/\/www.gesmujer.org\/sitio\/?p=59428","title":{"rendered":"\ud835\udc02\ud835\udc0e\ud835\udc0d\ud835\udc15\ud835\udc04\ud835\udc11\ud835\udc12\ud835\udc00\ud835\udc13\ud835\udc0e\ud835\udc11\ud835\udc08\ud835\udc0e | \ud835\udc0c\ud835\udc14\ud835\udc09\ud835\udc04\ud835\udc11\ud835\udc04\ud835\udc12, \ud835\udc04\ud835\udc02\ud835\udc0e\ud835\udc0d\ud835\udc0e\ud835\udc0c\ud835\udc08\u0301\ud835\udc00 \ud835\udc18 \ud835\udc02\ud835\udc0e\ud835\udc0e\ud835\udc0f\ud835\udc04\ud835\udc11\ud835\udc00\ud835\udc13\ud835\udc08\ud835\udc15\ud835\udc08\ud835\udc12\ud835\udc0c\ud835\udc0e EN GESMUJER"},"content":{"rendered":"\t\t<div data-elementor-type=\"wp-post\" data-elementor-id=\"59428\" class=\"elementor elementor-59428\">\n\t\t\t\t\t\t<section class=\"elementor-section elementor-top-section elementor-element elementor-element-7e2c27c elementor-section-boxed elementor-section-height-default elementor-section-height-default\" data-id=\"7e2c27c\" data-element_type=\"section\" data-e-type=\"section\">\n\t\t\t\t\t\t<div class=\"elementor-container elementor-column-gap-default\">\n\t\t\t\t\t<div class=\"elementor-column elementor-col-33 elementor-top-column elementor-element elementor-element-6706de1\" data-id=\"6706de1\" data-element_type=\"column\" data-e-type=\"column\">\n\t\t\t<div class=\"elementor-widget-wrap elementor-element-populated\">\n\t\t\t\t\t\t<div class=\"elementor-element elementor-element-4731ce2 elementor-widget elementor-widget-image\" data-id=\"4731ce2\" data-element_type=\"widget\" data-e-type=\"widget\" data-widget_type=\"image.default\">\n\t\t\t\t<div class=\"elementor-widget-container\">\n\t\t\t\t\t\t\t\t\t\t\t\t\t\t\t<img fetchpriority=\"high\" decoding=\"async\" width=\"1080\" height=\"1350\" src=\"https:\/\/www.gesmujer.org\/sitio\/wp-content\/uploads\/2024\/09\/PHOTO-2024-09-04-16-32-16.jpg\" class=\"attachment-1536x1536 size-1536x1536 wp-image-59394\" alt=\"\" srcset=\"https:\/\/www.gesmujer.org\/sitio\/wp-content\/uploads\/2024\/09\/PHOTO-2024-09-04-16-32-16.jpg 1080w, https:\/\/www.gesmujer.org\/sitio\/wp-content\/uploads\/2024\/09\/PHOTO-2024-09-04-16-32-16-240x300.jpg 240w, https:\/\/www.gesmujer.org\/sitio\/wp-content\/uploads\/2024\/09\/PHOTO-2024-09-04-16-32-16-819x1024.jpg 819w, https:\/\/www.gesmujer.org\/sitio\/wp-content\/uploads\/2024\/09\/PHOTO-2024-09-04-16-32-16-768x960.jpg 768w\" sizes=\"(max-width: 1080px) 100vw, 1080px\" \/>\t\t\t\t\t\t\t\t\t\t\t\t\t\t\t<\/div>\n\t\t\t\t<\/div>\n\t\t\t\t\t<\/div>\n\t\t<\/div>\n\t\t\t\t<div class=\"elementor-column elementor-col-66 elementor-top-column elementor-element elementor-element-57a301c\" data-id=\"57a301c\" data-element_type=\"column\" data-e-type=\"column\">\n\t\t\t<div class=\"elementor-widget-wrap elementor-element-populated\">\n\t\t\t\t\t\t<div class=\"elementor-element elementor-element-615116d elementor-widget elementor-widget-text-editor\" data-id=\"615116d\" data-element_type=\"widget\" data-e-type=\"widget\" data-widget_type=\"text-editor.default\">\n\t\t\t\t<div class=\"elementor-widget-container\">\n\t\t\t\t\t\t\t\t\t<p>El Grupo de Estudios sobre la Mujer Rosario Castellanos te invita a sumarte al \ud835\udc6a\ud835\udc90\ud835\udc8f\ud835\udc97\ud835\udc86\ud835\udc93\ud835\udc94\ud835\udc82\ud835\udc95\ud835\udc90\ud835\udc93\ud835\udc8a\ud835\udc90 \u201c\ud835\udc74\ud835\udc96\ud835\udc8b\ud835\udc86\ud835\udc93\ud835\udc86\ud835\udc94, \ud835\udc6c\ud835\udc84\ud835\udc90\ud835\udc8f\ud835\udc90\ud835\udc8e\ud835\udc8a\u0301\ud835\udc82 \ud835\udc9a \ud835\udc6a\ud835\udc90\ud835\udc90\ud835\udc91\ud835\udc86\ud835\udc93\ud835\udc82\ud835\udc95\ud835\udc8a\ud835\udc97\ud835\udc8a\ud835\udc94\ud835\udc8e\ud835\udc90\u201d. Exploraremos los retos econ\u00f3micos y sociales que enfrentan las mujeres ind\u00edgenas y afromexicanas en Oaxaca, y reflexionaremos sobre c\u00f3mo el cooperativismo y la econom\u00eda social y solidaria pueden ser herramientas poderosas para su empoderamiento.<\/p>\n<p>\ud835\udc0f\ud835\udc00\ud835\udc0d\ud835\udc04\ud835\udc0b\ud835\udc08\ud835\udc12\ud835\udc13\ud835\udc00\ud835\udc12<\/p>\n<p>\ud835\udc05\ud835\udc1e\ud835\udc25\ud835\udc22\ud835\udc29\ud835\udc1a \ud835\udc06\ud835\udc28\u0301\ud835\udc26\ud835\udc1e\ud835\udc33 \ud835\udc01\ud835\udc1a\ud835\udc2e\ud835\udc2d\ud835\udc22\ud835\udc2c\ud835\udc2d\ud835\udc1a (Ind\u00edgena, Mixteca)<br>Promotora del grupo cooperativista \u201cAroma \u00d1uu Savi\u201d<\/p>\n<p>\ud835\udc0f\ud835\udc1a\ud835\udc2d\ud835\udc2b\ud835\udc22\ud835\udc1c\ud835\udc22\ud835\udc1a \ud835\udc02\ud835\udc2b\ud835\udc2e\ud835\udc33 \ud835\udc02\ud835\udc1a\ud835\udc1b\ud835\udc2b\ud835\udc1e\ud835\udc2b\ud835\udc1a (Mestiza, Costa Oaxaca)<br>Promotora del grupo cooperativistas \u201cMujeres Bordando Sue\u00f1os\u201d. Capacitadora certificada de ICAPET Oaxaca en bordados, tejidos y flores de hojas de totomoxtle.<\/p>\n<p>\ud835\udc08\ud835\udc2b\ud835\udc26\ud835\udc1a \ud835\udc12\ud835\udc1a\u0301\ud835\udc27\ud835\udc1c\ud835\udc21\ud835\udc1e\ud835\udc33 \ud835\udc15\ud835\udc1a\u0301\ud835\udc2c\ud835\udc2a\ud835\udc2e\ud835\udc1e\ud835\udc33 (Afromexicana, Costa Oaxaca)<br>Promotora del grupo cooperativista \u201cLas Cataleyas\u201d.<\/p>\n<p>\ud835\udc03\ud835\udc2b\ud835\udc1a. \ud835\udc0c\ud835\udc1a\ud835\udc2b\ud835\udc22\ud835\udc1c\ud835\udc1e\ud835\udc25\ud835\udc1a \ud835\udc02\ud835\udc1a\ud835\udc2c\ud835\udc2d\ud835\udc22\ud835\udc25\ud835\udc25\ud835\udc28 \ud835\udc0b\ud835\udc1e\ud835\udc1a\ud835\udc25 (Originaria de Nuevo Le\u00f3n)<br>Doctora en Planificaci\u00f3n de Empresas y Desarrollo Regional, con 37 a\u00f1os de experiencia en docencia e investigaci\u00f3n en el posgrado del Tecnol\u00f3gico Nacional de M\u00e9xico (TecNM) campus Oaxaca.<\/p>\n<p>\ud835\udc03\ud835\udc2b\ud835\udc1a. \ud835\udc00\ud835\udc27\ud835\udc1a \ud835\udc0b\ud835\udc2e\ud835\udc33 \ud835\udc11\ud835\udc1a\ud835\udc26\ud835\udc28\ud835\udc2c \ud835\udc12\ud835\udc28\ud835\udc2d\ud835\udc28 (originaria de Oaxaca)<br>Doctora en Ciencias en Planificaci\u00f3n de Empresas y Desarrollo Regional y PyMEs. Investigadora de tiempo completo, de la Facultad de Contadur\u00eda y Administraci\u00f3n de la UABJO<\/p>\n<p>\ud835\udc03\ud835\udc2b\ud835\udc1a. \ud835\udc18\ud835\udc28\ud835\udc25\ud835\udc1a\ud835\udc27\ud835\udc1d\ud835\udc1a \ud835\udc02\ud835\udc1a\ud835\udc2c\ud835\udc2d\ud835\udc2b\ud835\udc28 \ud835\udc00\ud835\udc29\ud835\udc2b\ud835\udc1e\ud835\udc33\ud835\udc1a (Originaria de Olinal\u00e1, Guerrero)<br>Antrop\u00f3loga, activista mexicana de los movimientos feministas y LGBT en Chiapas, as\u00ed como movimientos urbanos y rurales. Cofundadora de la asociaci\u00f3n civil K\u00b4inal Antsetik, Chiapas.<\/p>\n<p>Tu participaci\u00f3n es clave para enriquecer el di\u00e1logo y contribuir a la creaci\u00f3n de estrategias que promuevan la libertad econ\u00f3mica y refuercen la autonom\u00eda de las mujeres oaxaque\u00f1as.<\/p>\n<p>\u00a1Acomp\u00e1\u00f1anos y s\u00e9 parte de este movimiento hacia una cultura de paz, justicia y empoderamiento!<\/p>\n<p>\ud83d\udcf9<a href=\"https:\/\/www.facebook.com\/gesmujer.rosario.castellanos.ac\"> \ud835\udc13\ud835\udc11\ud835\udc00\ud835\udc0d\ud835\udc12\ud835\udc0c\ud835\udc08\ud835\udc12\ud835\udc08\ud835\udc0e\u0301\ud835\udc0d \ud835\udc04\ud835\udc0d \ud835\udc15\ud835\udc08\ud835\udc15\ud835\udc0e \ud835\udc0f\ud835\udc0e\ud835\udc11 \ud835\udc05\ud835\udc00\ud835\udc02\ud835\udc04\ud835\udc01\ud835\udc0e\ud835\udc0e\ud835\udc0a<br><\/a>\ud83d\uddd3\ufe0f Fecha: Lunes 9 de septiembre<br>\u23f0 Hora: 11:00 &#8211; 13:00 hrs.<br>\ud83d\udccd Lugar: Tercera Priv. de Guadalupe Victoria #107, Col. Libertad, Oaxaca de Ju\u00e1rez, Oax. M\u00e9xico.<\/p>\n<p>\ud835\udc43\ud835\udc5f\ud835\udc56\ud835\udc5a\ud835\udc52\ud835\udc5f \ud835\udc34\ud835\udc5b\ud835\udc56\ud835\udc63\ud835\udc52\ud835\udc5f\ud835\udc60\ud835\udc4e\ud835\udc5f\ud835\udc56\ud835\udc5c | \ud835\udc45\ud835\udc52\ud835\udc51 \ud835\udc51\ud835\udc52 \ud835\udc40\ud835\udc62\ud835\udc57\ud835\udc52\ud835\udc5f\ud835\udc52\ud835\udc60 \ud835\udc36\ud835\udc5c\ud835\udc5c\ud835\udc5d\ud835\udc52\ud835\udc5f\ud835\udc4e\ud835\udc61\ud835\udc56\ud835\udc63\ud835\udc56\ud835\udc60\ud835\udc61\ud835\udc4e\ud835\udc60 \ud835\udc5d\ud835\udc5c\ud835\udc5f \ud835\udc62\ud835\udc5b\ud835\udc4e \ud835\udc36\ud835\udc62\ud835\udc59\ud835\udc61\ud835\udc62\ud835\udc5f\ud835\udc4e \ud835\udc51\ud835\udc52 \ud835\udc43\ud835\udc4e\ud835\udc67. \ud83c\udf31\ud83e\ude99\ud83d\udc9c<br>#GESMujer #Econom\u00edaSolidaria #EmpoderamientoFemenino #Cooperativismo<\/p>\t\t\t\t\t\t\t\t<\/div>\n\t\t\t\t<\/div>\n\t\t\t\t\t<\/div>\n\t\t<\/div>\n\t\t\t\t\t<\/div>\n\t\t<\/section>\n\t\t\t\t<\/div>\n\t\t","protected":false},"excerpt":{"rendered":"<p>El Grupo de Estudios sobre la Mujer Rosario Castellanos te invita a sumarte al \ud835\udc6a\ud835\udc90\ud835\udc8f\ud835\udc97\ud835\udc86\ud835\udc93\ud835\udc94\ud835\udc82\ud835\udc95\ud835\udc90\ud835\udc93\ud835\udc8a\ud835\udc90 \u201c\ud835\udc74\ud835\udc96\ud835\udc8b\ud835\udc86\ud835\udc93\ud835\udc86\ud835\udc94, \ud835\udc6c\ud835\udc84\ud835\udc90\ud835\udc8f\ud835\udc90\ud835\udc8e\ud835\udc8a\u0301\ud835\udc82 \ud835\udc9a \ud835\udc6a\ud835\udc90\ud835\udc90\ud835\udc91\ud835\udc86\ud835\udc93\ud835\udc82\ud835\udc95\ud835\udc8a\ud835\udc97\ud835\udc8a\ud835\udc94\ud835\udc8e\ud835\udc90\u201d. Exploraremos los retos econ\u00f3micos y sociales que enfrentan las mujeres ind\u00edgenas y afromexicanas en Oaxaca, y reflexionaremos sobre c\u00f3mo el cooperativismo y la econom\u00eda social y solidaria pueden ser herramientas poderosas para su empoderamiento. \ud835\udc0f\ud835\udc00\ud835\udc0d\ud835\udc04\ud835\udc0b\ud835\udc08\ud835\udc12\ud835\udc13\ud835\udc00\ud835\udc12 \ud835\udc05\ud835\udc1e\ud835\udc25\ud835\udc22\ud835\udc29\ud835\udc1a [&hellip;]<\/p>\n","protected":false},"author":4,"featured_media":59394,"comment_status":"closed","ping_status":"open","sticky":false,"template":"","format":"standard","meta":{"give_campaign_id":0,"rs_blank_template":"","rs_page_bg_color":"","slide_template_v7":"","footnotes":""},"categories":[32,706],"tags":[],"class_list":["post-59428","post","type-post","status-publish","format-standard","has-post-thumbnail","hentry","category-novedades","category-red-de-mujeres-cooperativistas"],"_links":{"self":[{"href":"https:\/\/www.gesmujer.org\/sitio\/index.php?rest_route=\/wp\/v2\/posts\/59428","targetHints":{"allow":["GET"]}}],"collection":[{"href":"https:\/\/www.gesmujer.org\/sitio\/index.php?rest_route=\/wp\/v2\/posts"}],"about":[{"href":"https:\/\/www.gesmujer.org\/sitio\/index.php?rest_route=\/wp\/v2\/types\/post"}],"author":[{"embeddable":true,"href":"https:\/\/www.gesmujer.org\/sitio\/index.php?rest_route=\/wp\/v2\/users\/4"}],"replies":[{"embeddable":true,"href":"https:\/\/www.gesmujer.org\/sitio\/index.php?rest_route=%2Fwp%2Fv2%2Fcomments&post=59428"}],"version-history":[{"count":7,"href":"https:\/\/www.gesmujer.org\/sitio\/index.php?rest_route=\/wp\/v2\/posts\/59428\/revisions"}],"predecessor-version":[{"id":59435,"href":"https:\/\/www.gesmujer.org\/sitio\/index.php?rest_route=\/wp\/v2\/posts\/59428\/revisions\/59435"}],"wp:featuredmedia":[{"embeddable":true,"href":"https:\/\/www.gesmujer.org\/sitio\/index.php?rest_route=\/wp\/v2\/media\/59394"}],"wp:attachment":[{"href":"https:\/\/www.gesmujer.org\/sitio\/index.php?rest_route=%2Fwp%2Fv2%2Fmedia&parent=59428"}],"wp:term":[{"taxonomy":"category","embeddable":true,"href":"https:\/\/www.gesmujer.org\/sitio\/index.php?rest_route=%2Fwp%2Fv2%2Fcategories&post=59428"},{"taxonomy":"post_tag","embeddable":true,"href":"https:\/\/www.gesmujer.org\/sitio\/index.php?rest_route=%2Fwp%2Fv2%2Ftags&post=59428"}],"curies":[{"name":"wp","href":"https:\/\/api.w.org\/{rel}","templated":true}]}}