{"id":60186,"date":"2025-08-29T13:30:12","date_gmt":"2025-08-29T19:30:12","guid":{"rendered":"https:\/\/www.gesmujer.org\/sitio\/?p=60186"},"modified":"2025-08-29T13:30:25","modified_gmt":"2025-08-29T19:30:25","slug":"a-7-anos-de-la-avg-en-oaxaca-761-mujeres-asesinadas","status":"publish","type":"post","link":"https:\/\/www.gesmujer.org\/sitio\/?p=60186","title":{"rendered":"A 7 a\u00f1os de la AVG en Oaxaca: 761 mujeres asesinadas"},"content":{"rendered":"\n<h2 class=\"wp-block-heading\">GESMujer alerta: m\u00e1s de la mitad de los casos ocurrieron en municipios con AVG. Urge evaluar resultados y fortalecer la atenci\u00f3n.<\/h2>\n\n\n\n<ul class=\"wp-block-list\">\n<li class=\"has-medium-font-size\"><strong>761 asesinatos violentos de ni\u00f1as y mujeres a 7 a\u00f1os de la declaratoria de la Alerta por Violencia de G\u00e9nero<\/strong><\/li>\n\n\n\n<li class=\"has-medium-font-size\"><strong>55.8% de la violencia feminicida ocurri\u00f3 en municipios con AVG y el 44.2% en municipios sin alerta<\/strong>.<\/li>\n<\/ul>\n\n\n\n<p class=\"has-medium-font-size\">El mecanismo de la alerta por violencia de g\u00e9nero son un conjunto de acciones gubernamentales de emergencia para enfrentar y erradicar la violencia de g\u00e9nero y su manifestaci\u00f3n m\u00e1s grave: la violencia feminicida. Los datos documentados por GESMujer corresponden a la AVG en su primera resoluci\u00f3n en Oaxaca la cual se emiti\u00f3 el 30 de agosto de 2018 para 40 municipios, cabe mencionar que existe una segunda resoluci\u00f3n de fecha del 19 de agosto de 2021 en la que se explicita la asignaci\u00f3n de recursos presupuestales.<\/p>\n\n\n\n<p class=\"has-medium-font-size\">Como GESMujer reiteramos que m\u00e1s que estad\u00edsticas, cada caso representa la p\u00e9rdida de hijas, madres, hermanas, integrantes de familias que quedan lastimadas por la impunidad, las carencias institucionales y la falta de recursos para disminuir el riesgo de un feminicidio.<\/p>\n\n\n\n<p class=\"has-medium-font-size\">Los feminicidios son el grado m\u00e1ximo de violaci\u00f3n a los derechos humanos de las mujeres, pero antes hay una serie de violencias que al no detectarse o detenerse a tiempo van creciendo en frecuencia y gravedad, de ah\u00ed la importancia de la prevenci\u00f3n y atenci\u00f3n a todas las formas de violencia que demuestren que se valora la integridad, la libertad y la vida de las oaxaque\u00f1as.<\/p>\n\n\n\n<p class=\"has-medium-font-size\">De acuerdo al Monitoreo de violencia feminicida del GESMujer, desde la declaratoria de la Alerta por Violencia de G\u00e9nero se han registrado <strong>761 asesinatos violentos de ni\u00f1as y mujeres<\/strong>, de las cuales <strong>el 55.8% de la violencia feminicida ocurri\u00f3 en municipios con AVG y el 44.2% en municipios sin alerta<\/strong>.<\/p>\n\n\n\n<p class=\"has-medium-font-size\">Estos datos sugieren la urgencia de realizar un an\u00e1lisis de los resultados de las acciones realizadas definidas por el mecanismo \u00bffocalizar acciones de prevenci\u00f3n, atenci\u00f3n y sanci\u00f3n a la violencia de g\u00e9nero en 40 municipios ha logrado impactar en el derecho a la integridad, la libertad y la vida de las ni\u00f1as o mujeres? De ser as\u00ed, a siete a\u00f1os de la implementaci\u00f3n del mecanismo causa preocupaci\u00f3n que a\u00f1o con a\u00f1o se mantiene en la misma proporci\u00f3n. Otra preocupaci\u00f3n ser\u00eda que la violencia hacia las mujeres se haya extendido a municipios no identificados con esta problem\u00e1tica.<\/p>\n\n\n\n<p class=\"has-medium-font-size\">\u00bfCu\u00e1ntas de las 761 v\u00edctimas de la violencia feminicida en Oaxaca desde la declaratoria de la AVG han denunciado las m\u00faltiples violencias frente a una autoridad, polic\u00eda, ministerio p\u00fablico, juez, o con una abogada o psic\u00f3loga de las unidades de g\u00e9nero, de las instancias de las mujeres, fiscal\u00edas o de los sistemas de seguridad p\u00fablica que no atienden una orden de protecci\u00f3n, sin que \u00e9stas hayan identificado el riesgo de la violencia feminicida y actuado en consecuencia?<\/p>\n\n\n\n<p class=\"has-medium-font-size\"><strong>Dentro de las medidas de seguridad del mecanismo, se urge a fortalecer la asistencia jur\u00eddica, psicol\u00f3gica y de salud a mujeres v\u00edctimas de violencia.<\/strong> En la actual administraci\u00f3n de Salom\u00f3n Jara se ha dado a conocer en el pasado mes de mayo, que entre los avances se destaca la duplicaci\u00f3n del n\u00famero de Puntos Violeta, de 14 a 30 espacios seguros, en los que abogadas y psic\u00f3logas dar\u00e1n atenci\u00f3n especializada en municipios con Alerta de G\u00e9nero.<\/p>\n\n\n\n<p class=\"has-medium-font-size\">A siete a\u00f1os de la AVG se ha recorrido un largo camino, por lo que es necesario saber \u00bfcu\u00e1les han sido los aprendizajes, las buenas pr\u00e1cticas identificadas, las estrategias que se mejoraron?. Es urgente saber qu\u00e9 mecanismos han implementado en los Centros Violeta para evaluar la calidad de los servicios especialmente en:<\/p>\n\n\n\n<ul class=\"wp-block-list\">\n<li class=\"has-medium-font-size\">Aplicaci\u00f3n de protocolos de atenci\u00f3n\u00a0 desde una perspectiva de g\u00e9nero y un enfoque intercultural<\/li>\n\n\n\n<li class=\"has-medium-font-size\">Identificaci\u00f3n de criterios que eviten la revictimizaci\u00f3n<\/li>\n\n\n\n<li class=\"has-medium-font-size\">Actuaci\u00f3n preventiva en casos de riego de violencia feminicida<\/li>\n\n\n\n<li class=\"has-medium-font-size\">Coordinaci\u00f3n para acceder a ordenes de protecci\u00f3n, peritajes profesionales, as\u00ed como anticoncepci\u00f3n de emergencia en casos de violencia sexual, por citar algunos aspectos.<\/li>\n<\/ul>\n\n\n\n<p class=\"has-medium-font-size\">Monitorear y evaluar la calidad de los servicios permitir\u00e1 reconocer las pr\u00e1cticas favorables, de igual manera tener los elementos para fortalecer a quienes no cumplan con un desempe\u00f1o \u00f3ptimo y en los casos de omisiones y negligencias contar con mecanismos de sanci\u00f3n que finquen responsabilidades a quienes no cumplan con sus obligaciones.<\/p>\n\n\n\n<p class=\"has-medium-font-size\"><strong>Otra de las medidas especificadas en la AVG fue la creaci\u00f3n o fortalecimiento de albergues para mujeres v\u00edctimas de violencia, sus hijas e hijos en las 8 regiones del estado.<\/strong> Al respecto en la administraci\u00f3n de Salom\u00f3n Jara, de acuerdo a un comunicado oficial, se cre\u00f3 el Refugio Estatal Mujeres Transformando su Historia, cuyo financiamiento es local y federal, gestionado por la SM. Este espacio recibi\u00f3 en 2024 a 17 mujeres de distintas regiones de la entidad, de entre 20 y 35 a\u00f1os, con sus hijas o hijos de entre 0 y 12 a\u00f1os, atendiendo as\u00ed a un total de 38 personas.<\/p>\n\n\n\n<p class=\"has-medium-font-size\">En 2024 se atendieron en el refugio estatal a 17 mujeres, sus hijas e hijos, desafortunadamente en el GESMujer en el 2025 solicitamos atenci\u00f3n en dos ocasiones para mujeres en situaci\u00f3n de riesgo, pero en ninguno de los casos fue posible obtenerlo. En la Secretar\u00eda de las Mujeres, el Instituto Municipal de la Mujer de Oaxaca, el Centro de Justicia para las mujeres, nos informaron no tener la capacidad f\u00edsica ni financiera para apoyar nuestra solicitud de recibir a las mujeres en situaci\u00f3n de riesgo. De manera resolutiva, en ambos casos se recurri\u00f3 a la red de aliadas de nuestra organizaci\u00f3n a fin de atender sus necesidades de vivienda, alimentaci\u00f3n, ropa y traslados a zonas seguras. Por lo anterior podemos afirmar que se valora que haya un refugio, pero lamentablemente es insuficiente. Tambi\u00e9n es importante visibilizar que de los 56 casos de asesinatos violentos ocurridos en el 2025, el 30% se registraron en Valles Centrales y el 21% en la regi\u00f3n del Istmo, lo que significa que el 51% de todos los casos de asesinatos violentos se ubican en dos de las 8 regiones, por lo que urge hacer una evaluaci\u00f3n del desempe\u00f1o de los Centros de Justicia para las Mujeres ubicados precisamente en Oaxaca de Ju\u00e1rez y Juchit\u00e1n de Zaragoza. Coordinar acciones de atenci\u00f3n especializada en estas dos regiones es estrat\u00e9gico, a fin de evitar la revictimizaci\u00f3n de quienes recorren las diferencias instancias, sin encontrar soluci\u00f3n.<\/p>\n\n\n\n<p><\/p>\n","protected":false},"excerpt":{"rendered":"<p>GESMujer alerta: m\u00e1s de la mitad de los casos ocurrieron en municipios con AVG. Urge evaluar resultados y fortalecer la atenci\u00f3n. El mecanismo de la alerta por violencia de g\u00e9nero son un conjunto de acciones gubernamentales de emergencia para enfrentar y erradicar la violencia de g\u00e9nero y su manifestaci\u00f3n m\u00e1s grave: la violencia feminicida. Los [&hellip;]<\/p>\n","protected":false},"author":297,"featured_media":60189,"comment_status":"closed","ping_status":"open","sticky":false,"template":"","format":"standard","meta":{"give_campaign_id":0,"rs_blank_template":"","rs_page_bg_color":"","slide_template_v7":"","footnotes":""},"categories":[31,32],"tags":[60,63,75,58,80,67],"class_list":["post-60186","post","type-post","status-publish","format-standard","has-post-thumbnail","hentry","category-investigacion-accion","category-novedades","tag-derechos-mujeres","tag-equidad-de-genero","tag-feminicidios","tag-gesmujer","tag-oaxaca","tag-violencia"],"_links":{"self":[{"href":"https:\/\/www.gesmujer.org\/sitio\/index.php?rest_route=\/wp\/v2\/posts\/60186","targetHints":{"allow":["GET"]}}],"collection":[{"href":"https:\/\/www.gesmujer.org\/sitio\/index.php?rest_route=\/wp\/v2\/posts"}],"about":[{"href":"https:\/\/www.gesmujer.org\/sitio\/index.php?rest_route=\/wp\/v2\/types\/post"}],"author":[{"embeddable":true,"href":"https:\/\/www.gesmujer.org\/sitio\/index.php?rest_route=\/wp\/v2\/users\/297"}],"replies":[{"embeddable":true,"href":"https:\/\/www.gesmujer.org\/sitio\/index.php?rest_route=%2Fwp%2Fv2%2Fcomments&post=60186"}],"version-history":[{"count":1,"href":"https:\/\/www.gesmujer.org\/sitio\/index.php?rest_route=\/wp\/v2\/posts\/60186\/revisions"}],"predecessor-version":[{"id":60188,"href":"https:\/\/www.gesmujer.org\/sitio\/index.php?rest_route=\/wp\/v2\/posts\/60186\/revisions\/60188"}],"wp:featuredmedia":[{"embeddable":true,"href":"https:\/\/www.gesmujer.org\/sitio\/index.php?rest_route=\/wp\/v2\/media\/60189"}],"wp:attachment":[{"href":"https:\/\/www.gesmujer.org\/sitio\/index.php?rest_route=%2Fwp%2Fv2%2Fmedia&parent=60186"}],"wp:term":[{"taxonomy":"category","embeddable":true,"href":"https:\/\/www.gesmujer.org\/sitio\/index.php?rest_route=%2Fwp%2Fv2%2Fcategories&post=60186"},{"taxonomy":"post_tag","embeddable":true,"href":"https:\/\/www.gesmujer.org\/sitio\/index.php?rest_route=%2Fwp%2Fv2%2Ftags&post=60186"}],"curies":[{"name":"wp","href":"https:\/\/api.w.org\/{rel}","templated":true}]}}