{"id":60289,"date":"2025-10-24T14:38:44","date_gmt":"2025-10-24T20:38:44","guid":{"rendered":"https:\/\/www.gesmujer.org\/sitio\/?p=60289"},"modified":"2025-10-24T14:40:34","modified_gmt":"2025-10-24T20:40:34","slug":"reflexion-y-el-aprendizaje-con-enfoque-de-genero","status":"publish","type":"post","link":"https:\/\/www.gesmujer.org\/sitio\/?p=60289","title":{"rendered":"Reflexi\u00f3n y aprendizaje con enfoque de g\u00e9nero"},"content":{"rendered":"\n<h2 class=\"wp-block-heading has-medium-font-size\">GESMujer impulsa la reflexi\u00f3n y el aprendizaje con enfoque de g\u00e9nero e interculturalidad<\/h2>\n\n\n\n<p class=\"has-medium-font-size\">En un contexto donde las desigualdades, la discriminaci\u00f3n y la violencia de g\u00e9nero contin\u00faan marcando las realidades sociales, <strong>formarse en perspectiva de g\u00e9nero e interculturalidad es una necesidad urgente<\/strong>. Comprender c\u00f3mo el poder, los roles de g\u00e9nero y las diferencias culturales atraviesan nuestras vidas permite construir soluciones m\u00e1s justas y sensibles.<\/p>\n\n\n\n<p class=\"has-medium-font-size\">Desde esta convicci\u00f3n, el <strong>Grupo de estudios sobre la Mujer Rosario Castellanos (GESMujer) <\/strong>y<strong> el Centro de Ense\u00f1anza e Investigaci\u00f3n Aplicada (CEI)<\/strong>, en colaboraci\u00f3n con el TECNM \u2013 <strong>Instituto Tecnol\u00f3gico de Oaxaca<\/strong>, contin\u00faa desarrollando el <strong>Diplomado en G\u00e9nero e Interculturalidad | Enfoques para el Desarrollo<\/strong>, un espacio formativo con validez oficial que apuesta por el conocimiento como herramienta de transformaci\u00f3n social, para fortalecer las capacidades profesionales de quienes trabajan por la igualdad, la justicia social y los derechos humanos, invitando a repensar las pr\u00e1cticas cotidianas, cuestionar los privilegios y abrir el di\u00e1logo hacia relaciones m\u00e1s equitativas, humanas y respetuosas, desde un enfoque intercultural y con perspectiva de g\u00e9nero.<\/p>\n\n\n\n<figure class=\"wp-block-image size-large\"><a href=\"https:\/\/www.gesmujer.org\/sitio\/wp-content\/uploads\/2025\/10\/IMG_1341-scaled.jpg\"><img fetchpriority=\"high\" decoding=\"async\" width=\"1024\" height=\"683\" src=\"https:\/\/www.gesmujer.org\/sitio\/wp-content\/uploads\/2025\/10\/IMG_1341-1024x683.jpg\" alt=\"\" class=\"wp-image-60290\" srcset=\"https:\/\/www.gesmujer.org\/sitio\/wp-content\/uploads\/2025\/10\/IMG_1341-1024x683.jpg 1024w, https:\/\/www.gesmujer.org\/sitio\/wp-content\/uploads\/2025\/10\/IMG_1341-300x200.jpg 300w, https:\/\/www.gesmujer.org\/sitio\/wp-content\/uploads\/2025\/10\/IMG_1341-768x512.jpg 768w, https:\/\/www.gesmujer.org\/sitio\/wp-content\/uploads\/2025\/10\/IMG_1341-1536x1024.jpg 1536w, https:\/\/www.gesmujer.org\/sitio\/wp-content\/uploads\/2025\/10\/IMG_1341-2048x1365.jpg 2048w, https:\/\/www.gesmujer.org\/sitio\/wp-content\/uploads\/2025\/10\/IMG_1341-1080x720.jpg 1080w\" sizes=\"(max-width: 1024px) 100vw, 1024px\" \/><\/a><\/figure>\n\n\n\n<p class=\"has-medium-font-size\"><em>&#8220;La perspectiva de g\u00e9nero se construye desde los espacios que nos permiten mirar la realidad con sensibilidad y reconocer las desigualdades estructurales que nos atraviesan. Comprender estas din\u00e1micas de g\u00e9nero nos lleva a entender que los derechos no son solo leyes, sino condiciones necesarias para una vida digna.&#8221; &#8211; <\/em>Resalt\u00f3 Soledad Venegas, coordinadora del diplomado.<\/p>\n\n\n\n<p class=\"has-medium-font-size\">Durante el primer m\u00f3dulo de trabajo se cont\u00f3 con la presencia de <em>Gabriela Salom\u00e9 Loaeza, Niz Yamile G\u00f3mez, Aline Castellanos, Misael Palacios, Charlynne Curiel y Ang\u00e9lica Ayala<\/em>, especialistas a cargo de las ponencias, quienes abordaron temas fundamentales para comprender las bases te\u00f3ricas y sociales que sustentan el enfoque de g\u00e9nero, resaltando la relaci\u00f3n directa entre los derechos humanos y los derechos de las mujeres, as\u00ed como los aportes del feminismo en la construcci\u00f3n de justicia e igualdad. Dentro de los enfoques, tambi\u00e9n se analizaron los modelos tradicionales de masculinidad y su impacto en la perpetuaci\u00f3n de las desigualdades.<\/p>\n\n\n\n<figure class=\"wp-block-image size-large\"><a href=\"https:\/\/www.gesmujer.org\/sitio\/wp-content\/uploads\/2025\/10\/FOTOS-IG.png\"><img decoding=\"async\" width=\"819\" height=\"1024\" src=\"https:\/\/www.gesmujer.org\/sitio\/wp-content\/uploads\/2025\/10\/FOTOS-IG-819x1024.png\" alt=\"\" class=\"wp-image-60291\" style=\"aspect-ratio:3\/2;object-fit:cover\" srcset=\"https:\/\/www.gesmujer.org\/sitio\/wp-content\/uploads\/2025\/10\/FOTOS-IG-819x1024.png 819w, https:\/\/www.gesmujer.org\/sitio\/wp-content\/uploads\/2025\/10\/FOTOS-IG-240x300.png 240w, https:\/\/www.gesmujer.org\/sitio\/wp-content\/uploads\/2025\/10\/FOTOS-IG-768x960.png 768w, https:\/\/www.gesmujer.org\/sitio\/wp-content\/uploads\/2025\/10\/FOTOS-IG.png 1080w\" sizes=\"(max-width: 819px) 100vw, 819px\" \/><\/a><\/figure>\n\n\n\n<p class=\"has-medium-font-size\">Al reconocer la diversidad de corrientes feministas y la riqueza de sus aportes para analizar las problem\u00e1ticas sociales, se dialog\u00f3 sobre c\u00f3mo ofrecen diversas herramientas para comprender la desigualdad desde miradas hist\u00f3ricas, culturales y pol\u00edticas. Las participantes coincidieron en que <strong>no todas las mujeres viven la desigualdad de la misma forma; las experiencias se cruzan con factores como la clase, la etnia, el territorio y la edad<\/strong>, lo que exige una mirada m\u00e1s amplia y sensible ante la diversidad.<\/p>\n\n\n\n<p class=\"has-medium-font-size\">A lo largo del m\u00f3dulo, las sesiones combinaron momentos te\u00f3ricos con ejercicios participativos, di\u00e1logos colectivos y pr\u00e1cticas de <strong>compartencia<\/strong>, metodolog\u00eda que promueve el aprendizaje a partir del intercambio de saberes adquiridos por medio de la experiencia vivencial.<\/p>\n\n\n\n<figure class=\"wp-block-image size-large\"><a href=\"https:\/\/www.gesmujer.org\/sitio\/wp-content\/uploads\/2025\/10\/FOTOS-IG-1.png\"><img decoding=\"async\" width=\"819\" height=\"1024\" src=\"https:\/\/www.gesmujer.org\/sitio\/wp-content\/uploads\/2025\/10\/FOTOS-IG-1-819x1024.png\" alt=\"\" class=\"wp-image-60292\" srcset=\"https:\/\/www.gesmujer.org\/sitio\/wp-content\/uploads\/2025\/10\/FOTOS-IG-1-819x1024.png 819w, https:\/\/www.gesmujer.org\/sitio\/wp-content\/uploads\/2025\/10\/FOTOS-IG-1-240x300.png 240w, https:\/\/www.gesmujer.org\/sitio\/wp-content\/uploads\/2025\/10\/FOTOS-IG-1-768x960.png 768w, https:\/\/www.gesmujer.org\/sitio\/wp-content\/uploads\/2025\/10\/FOTOS-IG-1.png 1080w\" sizes=\"(max-width: 819px) 100vw, 819px\" \/><\/a><\/figure>\n\n\n\n<p class=\"has-medium-font-size\">Con una duraci\u00f3n total de 20 sesiones, el diplomado concluir\u00e1 el pr\u00f3ximo 4 de diciembre de 2025. Hasta ahora, se ha completado el primero de tres m\u00f3dulos. <strong>El diplomado ha demostrado ser un espacio de<\/strong> <strong>construcci\u00f3n colectiva<\/strong>, donde cada sesi\u00f3n invita a repensar los conceptos y las pr\u00e1cticas desde la vida cotidiana, fomentando la empat\u00eda, el respeto y la transformaci\u00f3n social.<\/p>\n\n\n\n<p class=\"has-medium-font-size\">Desde el GESMujer Rosario Castellanos reafirmamos nuestro compromiso con la formaci\u00f3n y el fortalecimiento de liderazgos con enfoque de g\u00e9nero e interculturalidad. Este primer m\u00f3dulo marca el inicio de un proceso profundo de reflexi\u00f3n y aprendizaje que seguir\u00e1 desarroll\u00e1ndose en los pr\u00f3ximos meses, con el objetivo de generar herramientas concretas para avanzar hacia comunidades m\u00e1s justas, equitativas y diversas.<\/p>\n\n\n\n<figure class=\"wp-block-image size-large\"><a href=\"https:\/\/www.gesmujer.org\/sitio\/wp-content\/uploads\/2025\/10\/532686479_1195851375914719_1220674108381907371_n-1.jpg\"><img loading=\"lazy\" decoding=\"async\" width=\"819\" height=\"1024\" src=\"https:\/\/www.gesmujer.org\/sitio\/wp-content\/uploads\/2025\/10\/532686479_1195851375914719_1220674108381907371_n-1-819x1024.jpg\" alt=\"\" class=\"wp-image-60293\" srcset=\"https:\/\/www.gesmujer.org\/sitio\/wp-content\/uploads\/2025\/10\/532686479_1195851375914719_1220674108381907371_n-1-819x1024.jpg 819w, https:\/\/www.gesmujer.org\/sitio\/wp-content\/uploads\/2025\/10\/532686479_1195851375914719_1220674108381907371_n-1-240x300.jpg 240w, https:\/\/www.gesmujer.org\/sitio\/wp-content\/uploads\/2025\/10\/532686479_1195851375914719_1220674108381907371_n-1-768x960.jpg 768w, https:\/\/www.gesmujer.org\/sitio\/wp-content\/uploads\/2025\/10\/532686479_1195851375914719_1220674108381907371_n-1.jpg 1080w\" sizes=\"(max-width: 819px) 100vw, 819px\" \/><\/a><\/figure>\n\n\n\n<p><\/p>\n","protected":false},"excerpt":{"rendered":"<p>GESMujer impulsa la reflexi\u00f3n y el aprendizaje con enfoque de g\u00e9nero e interculturalidad En un contexto donde las desigualdades, la discriminaci\u00f3n y la violencia de g\u00e9nero contin\u00faan marcando las realidades sociales, formarse en perspectiva de g\u00e9nero e interculturalidad es una necesidad urgente. Comprender c\u00f3mo el poder, los roles de g\u00e9nero y las diferencias culturales atraviesan [&hellip;]<\/p>\n","protected":false},"author":297,"featured_media":60295,"comment_status":"closed","ping_status":"open","sticky":false,"template":"","format":"standard","meta":{"give_campaign_id":0,"rs_blank_template":"","rs_page_bg_color":"","slide_template_v7":"","footnotes":""},"categories":[575,32,35],"tags":[60,63,58,80],"class_list":["post-60289","post","type-post","status-publish","format-standard","has-post-thumbnail","hentry","category-blog","category-novedades","category-servicios","tag-derechos-mujeres","tag-equidad-de-genero","tag-gesmujer","tag-oaxaca"],"_links":{"self":[{"href":"https:\/\/www.gesmujer.org\/sitio\/index.php?rest_route=\/wp\/v2\/posts\/60289","targetHints":{"allow":["GET"]}}],"collection":[{"href":"https:\/\/www.gesmujer.org\/sitio\/index.php?rest_route=\/wp\/v2\/posts"}],"about":[{"href":"https:\/\/www.gesmujer.org\/sitio\/index.php?rest_route=\/wp\/v2\/types\/post"}],"author":[{"embeddable":true,"href":"https:\/\/www.gesmujer.org\/sitio\/index.php?rest_route=\/wp\/v2\/users\/297"}],"replies":[{"embeddable":true,"href":"https:\/\/www.gesmujer.org\/sitio\/index.php?rest_route=%2Fwp%2Fv2%2Fcomments&post=60289"}],"version-history":[{"count":2,"href":"https:\/\/www.gesmujer.org\/sitio\/index.php?rest_route=\/wp\/v2\/posts\/60289\/revisions"}],"predecessor-version":[{"id":60296,"href":"https:\/\/www.gesmujer.org\/sitio\/index.php?rest_route=\/wp\/v2\/posts\/60289\/revisions\/60296"}],"wp:featuredmedia":[{"embeddable":true,"href":"https:\/\/www.gesmujer.org\/sitio\/index.php?rest_route=\/wp\/v2\/media\/60295"}],"wp:attachment":[{"href":"https:\/\/www.gesmujer.org\/sitio\/index.php?rest_route=%2Fwp%2Fv2%2Fmedia&parent=60289"}],"wp:term":[{"taxonomy":"category","embeddable":true,"href":"https:\/\/www.gesmujer.org\/sitio\/index.php?rest_route=%2Fwp%2Fv2%2Fcategories&post=60289"},{"taxonomy":"post_tag","embeddable":true,"href":"https:\/\/www.gesmujer.org\/sitio\/index.php?rest_route=%2Fwp%2Fv2%2Ftags&post=60289"}],"curies":[{"name":"wp","href":"https:\/\/api.w.org\/{rel}","templated":true}]}}