{"id":6077,"date":"2020-11-03T16:24:19","date_gmt":"2020-11-03T22:24:19","guid":{"rendered":"https:\/\/www.gesmujer.org\/web\/?p=6077"},"modified":"2020-11-03T16:53:40","modified_gmt":"2020-11-03T22:53:40","slug":"comunicado","status":"publish","type":"post","link":"https:\/\/www.gesmujer.org\/sitio\/?p=6077","title":{"rendered":"Comunicado"},"content":{"rendered":"\n<p class=\"has-text-align-left\"><strong>El GESMujer impartir\u00e1 conversatorios virtuales en el mes de noviembre sobre la violencia de g\u00e9nero y los feminicidios en Oaxaca.<\/strong><\/p>\n\n\n\n<p><strong>Martes 02 de Noviembre de 2020<\/strong>.\u00a0Durante noviembre GESMujer analizar\u00e1 el problema de los feminicidios. Desde hace 21 a\u00f1os cada 25 de noviembre es la fecha que design\u00f3 la Asamblea General de las Naciones Unidas como el D\u00eda Internacional de la Eliminaci\u00f3n de la Violencia contra las Mujer, una terrible realidad que viven ni\u00f1as, j\u00f3venes y mujeres. <\/p>\n\n\n\n<p>Dada la gravedad de esta problem\u00e1tica que en Oaxaca ha arrebatado de manera violenta el derecho a la vida a 87 mujeres, para el Grupo de estudios sobre la mujer Rosario Castellanos, es una de las tem\u00e1ticas m\u00e1s importantes de su que hacer a lo largo de sus m\u00e1s de cuarenta a\u00f1os de existencia, que urgen a una pronta atenci\u00f3n de la sociedad en su conjunto, pero sobre todo de las autoridades. <\/p>\n\n\n\n<p>Por \u00e9sta raz\u00f3n, el Grupo de Estudios Sobre la Mujer Rosario Castellanos dedicar\u00e1 cuatro videocharlas de los mi\u00e9rcoles de este mes para analizar y reflexionar en torno a la violencia contra las mujeres, una de las caras m\u00e1s dolorosas de la discriminaci\u00f3n que ha ido aumentando en todo el mundo, a\u00fan cuando en los \u00faltimos a\u00f1os existe una mayor difusi\u00f3n y an\u00e1lisis del tema.<\/p>\n\n\n\n<p> El ciclo de video charlas inician este mi\u00e9rcoles 4 de noviembre a las 17:00 horas por la fanpage del GESMujer Rosario Castellanos con el \u201cConversatorio sobre la implementaci\u00f3n dela Alerta de Violencia de G\u00e9nero en Oaxaca: antecedentes, avances ydificultades. Situaci\u00f3n actual\u201d. En esta video charla participar\u00e1n Erika Lili D\u00edaz Cruz, abogada y activista por los derechos humanos y adem\u00e1s directora de la organizaci\u00f3n Luna del Sur, as\u00ed como M\u00f3nica Miguel Bautista, doctoraen Ciencias Sociales y Humanidades. Ambas participantes integrantes del Grupo Interinstitucional y Multidisciplinario (GIM) para el seguimiento dela Declaratoria de la Alerta de Violencia de G\u00e9nero (AVGM) contra las Mujeres para el estado de Oaxaca. La transmisi\u00f3n tendr\u00e1 una duraci\u00f3n de 60 minutos y las personas se pueden conectar en la siguiente liga: https:\/\/bit.ly\/2TMW1J . <\/p>\n\n\n\n<p>Del mi\u00e9rcoles 11 de noviembre a las 17:00 horas se realizar\u00e1 de manera virtual el \u201cConversatorio sobre el tema de la violencia de g\u00e9nero y los feminicidios\u201d con la periodista yactivista Soledad Jarqu\u00edn Edgar, as\u00ed como de Yessica S\u00e1nchez Maya, integrante de Consorcio para el Di\u00e1logo Parlamentario de Oaxaca. <\/p>\n\n\n\n<p>Se tiene programado para el mi\u00e9rcoles 18 de Noviembre a las 17:00 horas un tercer conversatorio sobre la violencia de g\u00e9nero y c\u00f3mo se vive en tiempos del COVID-19, la cual tendr\u00e1 elt\u00edtulo \u201cImpacto de la pandemia en la seguridad de ni\u00f1as, j\u00f3venes y mujeres en Oaxaca\u201d. En \u00e9sta participar\u00e1n Ang\u00e9lica Ayala Ortiz, presidenta del GESMujer y Alejandra Ramos de la organizaci\u00f3n Equis: Justicia para las mujeres. <\/p>\n\n\n\n<p>Cerraremos las video charlasel 25 de Noviembre, fecha establecida en la que contaremos con un panel de mujeres especialistas que debatir\u00e1 en torno a los tropiezos institucionales y lasposibles soluciones, pues participar\u00e1n Erika Lili D\u00edaz Cruz, \u00a0Soledad Jarqu\u00edn Edgar, Yessica S\u00e1nchez Maya, Ang\u00e9lica Ayala Ortiz y la Diputada Laura Zepeda Lagunes. <\/p>\n\n\n\n<p>La problem\u00e1tica de la violencia de g\u00e9nero contra las mujeres nace de la estructura social y se reproduce en todos sus \u00e1mbitos. Seg\u00fan las cifras del INEGI del 2017, en Oaxacacasi 965 mil mujeres (63.7%) han sido sujetas a actos violentos y discriminatorios alguna vez a lo largo de su vida. As\u00ed mismo, 600 mil mujeres(39.7%) sen\u0303alaron que al menos una de estas agresiones ocurri\u00f3 en los 12 meses anteriores a la entrevista, es decir, entre octubre de 2015 y octubre de 2016. Asi\u0301 tambie\u0301n 214 mil mujeres fueron sometidas a algu\u0301n tipo de intimidacio\u0301n, hostigamiento, acoso oabuso sexual, que van desde sen\u0303alamientos obscenos, que las hayan seguido enla calle para intimidarlas sexualmente, que les hayan hecho propuestas de tiposexual o bien que directamente las hayan manoseado sin su consentimiento ohasta que las hayan violado. <\/p>\n\n\n\n<p>La expresio\u0301n ma\u0301s brutal de la violencia es aquella que pone en riesgo la vida de las personas y que en muchos casos tiene la intencio\u0301n de terminar con su vida. En a\u00f1os recientes se acu\u00f1\u00f3 el t\u00e9rmino \u201cfeminicidio\u201d para referirse a la muerte violenta de ni\u00f1as,j\u00f3venes y mujeres por razones de g\u00e9nero. Desde hace m\u00e1s de 12 a\u00f1os el GESMujer ha seguido estos cr\u00edmenes oproviosos a trav\u00e9s de los registros hemerogr\u00e1ficos presentando de manera peri\u00f3dica los resultados a medios de comunicaci\u00f3n y p\u00fablico en general desde su sitio web. <\/p>\n\n\n\n<p>En nuestro \u00faltimo corte tenemos contabilizados 87 casos de faminicidios ocurridos del 1 de enero al 1 de noviembre de este a\u00f1o, pero en lo que va de la administraci\u00f3n del gobernador Alejandro Murat (de diciembre de 2016 a noviembre de 2020) se acumulan 470 casos de mujeres asesinadas, de los cuales el 21% ocurrieron en la regi\u00f3n del Istmo, incluso en menores de edad que adem\u00e1s fueron v\u00edctimas de violencia sexual.<\/p>\n","protected":false},"excerpt":{"rendered":"<p>El GESMujer impartir\u00e1 conversatorios virtuales en el mes de noviembre sobre la violencia de g\u00e9nero y los feminicidios en Oaxaca. Martes 02 de Noviembre de 2020.\u00a0Durante noviembre GESMujer analizar\u00e1 el problema de los feminicidios. Desde hace 21 a\u00f1os cada 25 de noviembre es la fecha que design\u00f3 la Asamblea General de las Naciones Unidas como [&hellip;]<\/p>\n","protected":false},"author":4,"featured_media":6080,"comment_status":"closed","ping_status":"open","sticky":false,"template":"","format":"standard","meta":{"give_campaign_id":0,"rs_blank_template":"","rs_page_bg_color":"","slide_template_v7":"","footnotes":""},"categories":[36,3],"tags":[],"class_list":["post-6077","post","type-post","status-publish","format-standard","has-post-thumbnail","hentry","category-comunicados","category-portada"],"_links":{"self":[{"href":"https:\/\/www.gesmujer.org\/sitio\/index.php?rest_route=\/wp\/v2\/posts\/6077","targetHints":{"allow":["GET"]}}],"collection":[{"href":"https:\/\/www.gesmujer.org\/sitio\/index.php?rest_route=\/wp\/v2\/posts"}],"about":[{"href":"https:\/\/www.gesmujer.org\/sitio\/index.php?rest_route=\/wp\/v2\/types\/post"}],"author":[{"embeddable":true,"href":"https:\/\/www.gesmujer.org\/sitio\/index.php?rest_route=\/wp\/v2\/users\/4"}],"replies":[{"embeddable":true,"href":"https:\/\/www.gesmujer.org\/sitio\/index.php?rest_route=%2Fwp%2Fv2%2Fcomments&post=6077"}],"version-history":[{"count":2,"href":"https:\/\/www.gesmujer.org\/sitio\/index.php?rest_route=\/wp\/v2\/posts\/6077\/revisions"}],"predecessor-version":[{"id":6081,"href":"https:\/\/www.gesmujer.org\/sitio\/index.php?rest_route=\/wp\/v2\/posts\/6077\/revisions\/6081"}],"wp:featuredmedia":[{"embeddable":true,"href":"https:\/\/www.gesmujer.org\/sitio\/index.php?rest_route=\/wp\/v2\/media\/6080"}],"wp:attachment":[{"href":"https:\/\/www.gesmujer.org\/sitio\/index.php?rest_route=%2Fwp%2Fv2%2Fmedia&parent=6077"}],"wp:term":[{"taxonomy":"category","embeddable":true,"href":"https:\/\/www.gesmujer.org\/sitio\/index.php?rest_route=%2Fwp%2Fv2%2Fcategories&post=6077"},{"taxonomy":"post_tag","embeddable":true,"href":"https:\/\/www.gesmujer.org\/sitio\/index.php?rest_route=%2Fwp%2Fv2%2Ftags&post=6077"}],"curies":[{"name":"wp","href":"https:\/\/api.w.org\/{rel}","templated":true}]}}