{"id":6085,"date":"2020-11-08T16:56:55","date_gmt":"2020-11-08T22:56:55","guid":{"rendered":"https:\/\/www.gesmujer.org\/web\/?p=6085"},"modified":"2020-11-08T16:56:58","modified_gmt":"2020-11-08T22:56:58","slug":"crece-en-oaxaca-pandemia-feminicida","status":"publish","type":"post","link":"https:\/\/www.gesmujer.org\/sitio\/crece-en-oaxaca-pandemia-feminicida\/","title":{"rendered":"Crece en Oaxaca &#8220;pandemia&#8221; feminicida"},"content":{"rendered":"\n<p>Yadira Sosa, Domingo 08 de Noviembre del 2020, El Imparcial de Oaxaca.- Con 25 feminicidios cometidos entre enero y septiembre de este a\u00f1o, Oaxaca rebas\u00f3 la cifra del mismo periodo de 2019, al registrar 23 casos de acuerdo con el m\u00e1s reciente informe del Secretariado Ejecutivo del Sistema Nacional de Seguridad P\u00fablica (SESNSP).<\/p>\n\n\n\n<p>En plena pandemia por Covid-19, pese a que las autoridades aseguraron fortalecer acciones de protecci\u00f3n para las mujeres durante el confinamiento, la entidad registr\u00f3 un aumento en los asesinatos de mujeres por raz\u00f3n de g\u00e9nero y en casos de violencia familiar.<\/p>\n\n\n\n<p>En enero y febrero, antes de que la pandem\u00eda alcanzara al pa\u00eds, se registraron dos feminicidios cada mes; en marzo se registraron dos m\u00e1s y en abril el n\u00famero fue de cinco casos.<\/p>\n\n\n\n<p>En mayo la entidad report\u00f3 dos feminicidios y en junio cinco m\u00e1s; en julio fueron tres e igual n\u00famero en agosto, mientras que en septiembre reportaron solo uno. El total fue de 25, sin contar con los que en breve reportar\u00e1 el SESNSP del mes de octubre.<\/p>\n\n\n\n<p>Pese a esta cifra oficial, El Grupo de Estudios obre la Mujer Rosario Castellanos (GESMujer) inform\u00f3 de 87 muertes violentas de mujeres, de las cuales, 22 son del Istmo de Tehuantepec, 16 de Valles Centrales y 13 del Papaloapan.<\/p>\n\n\n\n<p>Hay 12 registros en la Costa; nueve en la Mixteca; seis en la Sierra Sur; cinco en la Sierra Norte y cuatro en la Ca\u00f1ada. La mayor\u00eda de las v\u00edctimas, en 24 de los casos, fueron halladas muertas en sus propios hogares.<\/p>\n\n\n\n<p>Otras m\u00e1s fueron halladas en la v\u00eda p\u00fablica (15), en lote bald\u00edo o predio (10), al interior de un veh\u00edculo (9), en un camino de terracer\u00eda (5), en un comercio o negocio (4), en un bar (2) o al interior de un autob\u00fas (1).<\/p>\n\n\n\n<p>De manera reciente, integrantes de Consorcio para el Di\u00e1logo Parlamentario y la Equidad hicieron tambi\u00e9n un llamado urgente a las autoridades para garantizar la vida digna de las mujeres, al considerar que a la fecha no exiten pol\u00edticas p\u00fablicas integrales para la atenci\u00f3n, prevenci\u00f3n, sanci\u00f3n y eliminaci\u00f3n de la vioelncia en la entidad.<\/p>\n\n\n\n<p>Exhortaron tambi\u00e9n a la poblaci\u00f3n a la cero tolerancia de la violencia contra ni\u00f1as y adolescentes, luego de se\u00f1alar que durante el periodo de contingencia sanitaria, el hogar es el lugar m\u00e1s inseguro para este sector de la pobaci\u00f3n.<\/p>\n\n\n\n<p>Fuente: https:\/\/imparcialoaxaca.mx\/oaxaca\/481727\/crece-en-oaxaca-pandemia-feminicida\/<\/p>\n\n\n\n<p> <\/p>\n\n\n\n<p> <\/p>\n","protected":false},"excerpt":{"rendered":"<p>Yadira Sosa, Domingo 08 de Noviembre del 2020, El Imparcial de Oaxaca.- Con 25 feminicidios cometidos entre enero y septiembre de este a\u00f1o, Oaxaca rebas\u00f3 la cifra del mismo periodo de 2019, al registrar 23 casos de acuerdo con el m\u00e1s reciente informe del Secretariado Ejecutivo del Sistema Nacional de Seguridad P\u00fablica (SESNSP). En plena [&hellip;]<\/p>\n","protected":false},"author":4,"featured_media":6086,"comment_status":"closed","ping_status":"open","sticky":false,"template":"","format":"standard","meta":{"give_campaign_id":0,"footnotes":""},"categories":[91,32],"tags":[],"class_list":["post-6085","post","type-post","status-publish","format-standard","has-post-thumbnail","hentry","category-notas","category-novedades"],"yoast_head":"<!-- This site is optimized with the Yoast SEO plugin v27.4 - https:\/\/yoast.com\/product\/yoast-seo-wordpress\/ -->\n<title>Crece en Oaxaca &quot;pandemia&quot; feminicida - GESMujer &quot;Rosario Castellanos&quot;<\/title>\n<meta name=\"robots\" content=\"index, follow, max-snippet:-1, max-image-preview:large, max-video-preview:-1\" \/>\n<link rel=\"canonical\" href=\"https:\/\/www.gesmujer.org\/sitio\/crece-en-oaxaca-pandemia-feminicida\/\" \/>\n<meta property=\"og:locale\" content=\"es_MX\" \/>\n<meta property=\"og:type\" content=\"article\" \/>\n<meta property=\"og:title\" content=\"Crece en Oaxaca &quot;pandemia&quot; feminicida\" \/>\n<meta property=\"og:description\" content=\"Con 25 feminicidios cometidos entre enero y septiembre de este a\u00f1o, Oaxaca rebas\u00f3 la cifra del mismo periodo de 2019.\" \/>\n<meta property=\"og:url\" content=\"https:\/\/www.gesmujer.org\/sitio\/crece-en-oaxaca-pandemia-feminicida\/\" \/>\n<meta property=\"og:site_name\" content=\"GESMujer &quot;Rosario Castellanos&quot;\" \/>\n<meta property=\"article:publisher\" content=\"https:\/\/www.facebook.com\/gesmujer.rosario.castellanos.ac\" \/>\n<meta property=\"article:published_time\" content=\"2020-11-08T22:56:55+00:00\" \/>\n<meta property=\"article:modified_time\" content=\"2020-11-08T22:56:58+00:00\" \/>\n<meta property=\"og:image\" content=\"https:\/\/www.gesmujer.org\/sitio\/wp-content\/uploads\/2020\/11\/jionjhq.jpg\" \/>\n\t<meta property=\"og:image:width\" content=\"318\" \/>\n\t<meta property=\"og:image:height\" content=\"159\" \/>\n\t<meta property=\"og:image:type\" content=\"image\/jpeg\" \/>\n<meta name=\"author\" content=\"cendoc\" \/>\n<meta name=\"twitter:card\" content=\"summary_large_image\" \/>\n<meta name=\"twitter:title\" content=\"Crece en Oaxaca &quot;pandemia&quot; feminicida\" \/>\n<meta name=\"twitter:description\" content=\"Con 25 feminicidios cometidos entre enero y septiembre de este a\u00f1o, Oaxaca rebas\u00f3 la cifra del mismo periodo de 2019.\" \/>\n<meta name=\"twitter:image\" content=\"https:\/\/www.gesmujer.org\/sitio\/wp-content\/uploads\/2020\/11\/jionjhq.jpg\" \/>\n<meta name=\"twitter:creator\" content=\"@GES_Mujer\" \/>\n<meta name=\"twitter:site\" content=\"@GES_Mujer\" \/>\n<meta name=\"twitter:label1\" content=\"Escrito por\" \/>\n\t<meta name=\"twitter:data1\" content=\"cendoc\" \/>\n\t<meta name=\"twitter:label2\" content=\"Tiempo de lectura\" \/>\n\t<meta name=\"twitter:data2\" content=\"2 minutos\" \/>\n<script type=\"application\/ld+json\" class=\"yoast-schema-graph\">{\"@context\":\"https:\\\/\\\/schema.org\",\"@graph\":[{\"@type\":\"Article\",\"@id\":\"https:\\\/\\\/www.gesmujer.org\\\/sitio\\\/crece-en-oaxaca-pandemia-feminicida\\\/#article\",\"isPartOf\":{\"@id\":\"https:\\\/\\\/www.gesmujer.org\\\/sitio\\\/crece-en-oaxaca-pandemia-feminicida\\\/\"},\"author\":{\"name\":\"cendoc\",\"@id\":\"https:\\\/\\\/www.gesmujer.org\\\/sitio\\\/#\\\/schema\\\/person\\\/50e03387f883646c2714c51783a7e288\"},\"headline\":\"Crece en Oaxaca &#8220;pandemia&#8221; feminicida\",\"datePublished\":\"2020-11-08T22:56:55+00:00\",\"dateModified\":\"2020-11-08T22:56:58+00:00\",\"mainEntityOfPage\":{\"@id\":\"https:\\\/\\\/www.gesmujer.org\\\/sitio\\\/crece-en-oaxaca-pandemia-feminicida\\\/\"},\"wordCount\":420,\"publisher\":{\"@id\":\"https:\\\/\\\/www.gesmujer.org\\\/sitio\\\/#organization\"},\"image\":{\"@id\":\"https:\\\/\\\/www.gesmujer.org\\\/sitio\\\/crece-en-oaxaca-pandemia-feminicida\\\/#primaryimage\"},\"thumbnailUrl\":\"https:\\\/\\\/www.gesmujer.org\\\/sitio\\\/wp-content\\\/uploads\\\/2020\\\/11\\\/jionjhq.jpg\",\"articleSection\":[\"NOTAS\",\"NOTICIAS\"],\"inLanguage\":\"es\"},{\"@type\":\"WebPage\",\"@id\":\"https:\\\/\\\/www.gesmujer.org\\\/sitio\\\/crece-en-oaxaca-pandemia-feminicida\\\/\",\"url\":\"https:\\\/\\\/www.gesmujer.org\\\/sitio\\\/crece-en-oaxaca-pandemia-feminicida\\\/\",\"name\":\"Crece en Oaxaca \\\"pandemia\\\" feminicida - GESMujer &quot;Rosario Castellanos&quot;\",\"isPartOf\":{\"@id\":\"https:\\\/\\\/www.gesmujer.org\\\/sitio\\\/#website\"},\"primaryImageOfPage\":{\"@id\":\"https:\\\/\\\/www.gesmujer.org\\\/sitio\\\/crece-en-oaxaca-pandemia-feminicida\\\/#primaryimage\"},\"image\":{\"@id\":\"https:\\\/\\\/www.gesmujer.org\\\/sitio\\\/crece-en-oaxaca-pandemia-feminicida\\\/#primaryimage\"},\"thumbnailUrl\":\"https:\\\/\\\/www.gesmujer.org\\\/sitio\\\/wp-content\\\/uploads\\\/2020\\\/11\\\/jionjhq.jpg\",\"datePublished\":\"2020-11-08T22:56:55+00:00\",\"dateModified\":\"2020-11-08T22:56:58+00:00\",\"breadcrumb\":{\"@id\":\"https:\\\/\\\/www.gesmujer.org\\\/sitio\\\/crece-en-oaxaca-pandemia-feminicida\\\/#breadcrumb\"},\"inLanguage\":\"es\",\"potentialAction\":[{\"@type\":\"ReadAction\",\"target\":[\"https:\\\/\\\/www.gesmujer.org\\\/sitio\\\/crece-en-oaxaca-pandemia-feminicida\\\/\"]}]},{\"@type\":\"ImageObject\",\"inLanguage\":\"es\",\"@id\":\"https:\\\/\\\/www.gesmujer.org\\\/sitio\\\/crece-en-oaxaca-pandemia-feminicida\\\/#primaryimage\",\"url\":\"https:\\\/\\\/www.gesmujer.org\\\/sitio\\\/wp-content\\\/uploads\\\/2020\\\/11\\\/jionjhq.jpg\",\"contentUrl\":\"https:\\\/\\\/www.gesmujer.org\\\/sitio\\\/wp-content\\\/uploads\\\/2020\\\/11\\\/jionjhq.jpg\",\"width\":318,\"height\":159},{\"@type\":\"BreadcrumbList\",\"@id\":\"https:\\\/\\\/www.gesmujer.org\\\/sitio\\\/crece-en-oaxaca-pandemia-feminicida\\\/#breadcrumb\",\"itemListElement\":[{\"@type\":\"ListItem\",\"position\":1,\"name\":\"Home\",\"item\":\"https:\\\/\\\/www.gesmujer.org\\\/sitio\\\/\"},{\"@type\":\"ListItem\",\"position\":2,\"name\":\"Crece en Oaxaca &#8220;pandemia&#8221; feminicida\"}]},{\"@type\":\"WebSite\",\"@id\":\"https:\\\/\\\/www.gesmujer.org\\\/sitio\\\/#website\",\"url\":\"https:\\\/\\\/www.gesmujer.org\\\/sitio\\\/\",\"name\":\"GESMujer \\\"Rosario Castellanos\\\"\",\"description\":\"M\u00e1s de 45 a\u00f1os ha llevado a cabo acciones para erradicar la violencia de g\u00e9nero y construir entornos donde las mujeres encuentren su resiliencia, incrementen su agencia y autonom\u00eda que les permita lograr su empoderamiento a trav\u00e9s de cinco l\u00edneas de acci\u00f3n.\",\"publisher\":{\"@id\":\"https:\\\/\\\/www.gesmujer.org\\\/sitio\\\/#organization\"},\"alternateName\":\"GESMujer\",\"potentialAction\":[{\"@type\":\"SearchAction\",\"target\":{\"@type\":\"EntryPoint\",\"urlTemplate\":\"https:\\\/\\\/www.gesmujer.org\\\/sitio\\\/?s={search_term_string}\"},\"query-input\":{\"@type\":\"PropertyValueSpecification\",\"valueRequired\":true,\"valueName\":\"search_term_string\"}}],\"inLanguage\":\"es\"},{\"@type\":\"Organization\",\"@id\":\"https:\\\/\\\/www.gesmujer.org\\\/sitio\\\/#organization\",\"name\":\"Grupo de estudios sobre la mujer Rosario Castellanos ac\",\"alternateName\":\"GESMujer\",\"url\":\"https:\\\/\\\/www.gesmujer.org\\\/sitio\\\/\",\"logo\":{\"@type\":\"ImageObject\",\"inLanguage\":\"es\",\"@id\":\"https:\\\/\\\/www.gesmujer.org\\\/sitio\\\/#\\\/schema\\\/logo\\\/image\\\/\",\"url\":\"https:\\\/\\\/www.gesmujer.org\\\/sitio\\\/wp-content\\\/uploads\\\/2026\\\/03\\\/Logo-GESMujer-300.png\",\"contentUrl\":\"https:\\\/\\\/www.gesmujer.org\\\/sitio\\\/wp-content\\\/uploads\\\/2026\\\/03\\\/Logo-GESMujer-300.png\",\"width\":300,\"height\":141,\"caption\":\"Grupo de estudios sobre la mujer Rosario Castellanos ac\"},\"image\":{\"@id\":\"https:\\\/\\\/www.gesmujer.org\\\/sitio\\\/#\\\/schema\\\/logo\\\/image\\\/\"},\"sameAs\":[\"https:\\\/\\\/www.facebook.com\\\/gesmujer.rosario.castellanos.ac\",\"https:\\\/\\\/x.com\\\/GES_Mujer\",\"https:\\\/\\\/www.instagram.com\\\/ges_mujer\\\/?hl=es\",\"https:\\\/\\\/www.youtube.com\\\/c\\\/GESMujerRosarioCastellanos\\\/videos\",\"https:\\\/\\\/soundcloud.com\\\/gesmujerac\",\"https:\\\/\\\/www.tiktok.com\\\/@gesmujer\"]},{\"@type\":\"Person\",\"@id\":\"https:\\\/\\\/www.gesmujer.org\\\/sitio\\\/#\\\/schema\\\/person\\\/50e03387f883646c2714c51783a7e288\",\"name\":\"cendoc\",\"image\":{\"@type\":\"ImageObject\",\"inLanguage\":\"es\",\"@id\":\"https:\\\/\\\/secure.gravatar.com\\\/avatar\\\/2f187338ccb33c33bc1b08e92e2247a6891db221398e12bbc0f5ff0cfc462495?s=96&d=mm&r=g\",\"url\":\"https:\\\/\\\/secure.gravatar.com\\\/avatar\\\/2f187338ccb33c33bc1b08e92e2247a6891db221398e12bbc0f5ff0cfc462495?s=96&d=mm&r=g\",\"contentUrl\":\"https:\\\/\\\/secure.gravatar.com\\\/avatar\\\/2f187338ccb33c33bc1b08e92e2247a6891db221398e12bbc0f5ff0cfc462495?s=96&d=mm&r=g\",\"caption\":\"cendoc\"},\"sameAs\":[\"http:\\\/\\\/gesmujer.org\"],\"url\":\"https:\\\/\\\/www.gesmujer.org\\\/sitio\\\/author\\\/cendoc\\\/\"}]}<\/script>\n<!-- \/ Yoast SEO plugin. -->","yoast_head_json":{"title":"Crece en Oaxaca \"pandemia\" feminicida - GESMujer &quot;Rosario Castellanos&quot;","robots":{"index":"index","follow":"follow","max-snippet":"max-snippet:-1","max-image-preview":"max-image-preview:large","max-video-preview":"max-video-preview:-1"},"canonical":"https:\/\/www.gesmujer.org\/sitio\/crece-en-oaxaca-pandemia-feminicida\/","og_locale":"es_MX","og_type":"article","og_title":"Crece en Oaxaca \"pandemia\" feminicida","og_description":"Con 25 feminicidios cometidos entre enero y septiembre de este a\u00f1o, Oaxaca rebas\u00f3 la cifra del mismo periodo de 2019.","og_url":"https:\/\/www.gesmujer.org\/sitio\/crece-en-oaxaca-pandemia-feminicida\/","og_site_name":"GESMujer &quot;Rosario Castellanos&quot;","article_publisher":"https:\/\/www.facebook.com\/gesmujer.rosario.castellanos.ac","article_published_time":"2020-11-08T22:56:55+00:00","article_modified_time":"2020-11-08T22:56:58+00:00","og_image":[{"width":318,"height":159,"url":"https:\/\/www.gesmujer.org\/sitio\/wp-content\/uploads\/2020\/11\/jionjhq.jpg","type":"image\/jpeg"}],"author":"cendoc","twitter_card":"summary_large_image","twitter_title":"Crece en Oaxaca \"pandemia\" feminicida","twitter_description":"Con 25 feminicidios cometidos entre enero y septiembre de este a\u00f1o, Oaxaca rebas\u00f3 la cifra del mismo periodo de 2019.","twitter_image":"https:\/\/www.gesmujer.org\/sitio\/wp-content\/uploads\/2020\/11\/jionjhq.jpg","twitter_creator":"@GES_Mujer","twitter_site":"@GES_Mujer","twitter_misc":{"Escrito por":"cendoc","Tiempo de lectura":"2 minutos"},"schema":{"@context":"https:\/\/schema.org","@graph":[{"@type":"Article","@id":"https:\/\/www.gesmujer.org\/sitio\/crece-en-oaxaca-pandemia-feminicida\/#article","isPartOf":{"@id":"https:\/\/www.gesmujer.org\/sitio\/crece-en-oaxaca-pandemia-feminicida\/"},"author":{"name":"cendoc","@id":"https:\/\/www.gesmujer.org\/sitio\/#\/schema\/person\/50e03387f883646c2714c51783a7e288"},"headline":"Crece en Oaxaca &#8220;pandemia&#8221; feminicida","datePublished":"2020-11-08T22:56:55+00:00","dateModified":"2020-11-08T22:56:58+00:00","mainEntityOfPage":{"@id":"https:\/\/www.gesmujer.org\/sitio\/crece-en-oaxaca-pandemia-feminicida\/"},"wordCount":420,"publisher":{"@id":"https:\/\/www.gesmujer.org\/sitio\/#organization"},"image":{"@id":"https:\/\/www.gesmujer.org\/sitio\/crece-en-oaxaca-pandemia-feminicida\/#primaryimage"},"thumbnailUrl":"https:\/\/www.gesmujer.org\/sitio\/wp-content\/uploads\/2020\/11\/jionjhq.jpg","articleSection":["NOTAS","NOTICIAS"],"inLanguage":"es"},{"@type":"WebPage","@id":"https:\/\/www.gesmujer.org\/sitio\/crece-en-oaxaca-pandemia-feminicida\/","url":"https:\/\/www.gesmujer.org\/sitio\/crece-en-oaxaca-pandemia-feminicida\/","name":"Crece en Oaxaca \"pandemia\" feminicida - GESMujer &quot;Rosario Castellanos&quot;","isPartOf":{"@id":"https:\/\/www.gesmujer.org\/sitio\/#website"},"primaryImageOfPage":{"@id":"https:\/\/www.gesmujer.org\/sitio\/crece-en-oaxaca-pandemia-feminicida\/#primaryimage"},"image":{"@id":"https:\/\/www.gesmujer.org\/sitio\/crece-en-oaxaca-pandemia-feminicida\/#primaryimage"},"thumbnailUrl":"https:\/\/www.gesmujer.org\/sitio\/wp-content\/uploads\/2020\/11\/jionjhq.jpg","datePublished":"2020-11-08T22:56:55+00:00","dateModified":"2020-11-08T22:56:58+00:00","breadcrumb":{"@id":"https:\/\/www.gesmujer.org\/sitio\/crece-en-oaxaca-pandemia-feminicida\/#breadcrumb"},"inLanguage":"es","potentialAction":[{"@type":"ReadAction","target":["https:\/\/www.gesmujer.org\/sitio\/crece-en-oaxaca-pandemia-feminicida\/"]}]},{"@type":"ImageObject","inLanguage":"es","@id":"https:\/\/www.gesmujer.org\/sitio\/crece-en-oaxaca-pandemia-feminicida\/#primaryimage","url":"https:\/\/www.gesmujer.org\/sitio\/wp-content\/uploads\/2020\/11\/jionjhq.jpg","contentUrl":"https:\/\/www.gesmujer.org\/sitio\/wp-content\/uploads\/2020\/11\/jionjhq.jpg","width":318,"height":159},{"@type":"BreadcrumbList","@id":"https:\/\/www.gesmujer.org\/sitio\/crece-en-oaxaca-pandemia-feminicida\/#breadcrumb","itemListElement":[{"@type":"ListItem","position":1,"name":"Home","item":"https:\/\/www.gesmujer.org\/sitio\/"},{"@type":"ListItem","position":2,"name":"Crece en Oaxaca &#8220;pandemia&#8221; feminicida"}]},{"@type":"WebSite","@id":"https:\/\/www.gesmujer.org\/sitio\/#website","url":"https:\/\/www.gesmujer.org\/sitio\/","name":"GESMujer \"Rosario Castellanos\"","description":"M\u00e1s de 45 a\u00f1os ha llevado a cabo acciones para erradicar la violencia de g\u00e9nero y construir entornos donde las mujeres encuentren su resiliencia, incrementen su agencia y autonom\u00eda que les permita lograr su empoderamiento a trav\u00e9s de cinco l\u00edneas de acci\u00f3n.","publisher":{"@id":"https:\/\/www.gesmujer.org\/sitio\/#organization"},"alternateName":"GESMujer","potentialAction":[{"@type":"SearchAction","target":{"@type":"EntryPoint","urlTemplate":"https:\/\/www.gesmujer.org\/sitio\/?s={search_term_string}"},"query-input":{"@type":"PropertyValueSpecification","valueRequired":true,"valueName":"search_term_string"}}],"inLanguage":"es"},{"@type":"Organization","@id":"https:\/\/www.gesmujer.org\/sitio\/#organization","name":"Grupo de estudios sobre la mujer Rosario Castellanos ac","alternateName":"GESMujer","url":"https:\/\/www.gesmujer.org\/sitio\/","logo":{"@type":"ImageObject","inLanguage":"es","@id":"https:\/\/www.gesmujer.org\/sitio\/#\/schema\/logo\/image\/","url":"https:\/\/www.gesmujer.org\/sitio\/wp-content\/uploads\/2026\/03\/Logo-GESMujer-300.png","contentUrl":"https:\/\/www.gesmujer.org\/sitio\/wp-content\/uploads\/2026\/03\/Logo-GESMujer-300.png","width":300,"height":141,"caption":"Grupo de estudios sobre la mujer Rosario Castellanos ac"},"image":{"@id":"https:\/\/www.gesmujer.org\/sitio\/#\/schema\/logo\/image\/"},"sameAs":["https:\/\/www.facebook.com\/gesmujer.rosario.castellanos.ac","https:\/\/x.com\/GES_Mujer","https:\/\/www.instagram.com\/ges_mujer\/?hl=es","https:\/\/www.youtube.com\/c\/GESMujerRosarioCastellanos\/videos","https:\/\/soundcloud.com\/gesmujerac","https:\/\/www.tiktok.com\/@gesmujer"]},{"@type":"Person","@id":"https:\/\/www.gesmujer.org\/sitio\/#\/schema\/person\/50e03387f883646c2714c51783a7e288","name":"cendoc","image":{"@type":"ImageObject","inLanguage":"es","@id":"https:\/\/secure.gravatar.com\/avatar\/2f187338ccb33c33bc1b08e92e2247a6891db221398e12bbc0f5ff0cfc462495?s=96&d=mm&r=g","url":"https:\/\/secure.gravatar.com\/avatar\/2f187338ccb33c33bc1b08e92e2247a6891db221398e12bbc0f5ff0cfc462495?s=96&d=mm&r=g","contentUrl":"https:\/\/secure.gravatar.com\/avatar\/2f187338ccb33c33bc1b08e92e2247a6891db221398e12bbc0f5ff0cfc462495?s=96&d=mm&r=g","caption":"cendoc"},"sameAs":["http:\/\/gesmujer.org"],"url":"https:\/\/www.gesmujer.org\/sitio\/author\/cendoc\/"}]}},"_links":{"self":[{"href":"https:\/\/www.gesmujer.org\/sitio\/wp-json\/wp\/v2\/posts\/6085","targetHints":{"allow":["GET"]}}],"collection":[{"href":"https:\/\/www.gesmujer.org\/sitio\/wp-json\/wp\/v2\/posts"}],"about":[{"href":"https:\/\/www.gesmujer.org\/sitio\/wp-json\/wp\/v2\/types\/post"}],"author":[{"embeddable":true,"href":"https:\/\/www.gesmujer.org\/sitio\/wp-json\/wp\/v2\/users\/4"}],"replies":[{"embeddable":true,"href":"https:\/\/www.gesmujer.org\/sitio\/wp-json\/wp\/v2\/comments?post=6085"}],"version-history":[{"count":1,"href":"https:\/\/www.gesmujer.org\/sitio\/wp-json\/wp\/v2\/posts\/6085\/revisions"}],"predecessor-version":[{"id":6087,"href":"https:\/\/www.gesmujer.org\/sitio\/wp-json\/wp\/v2\/posts\/6085\/revisions\/6087"}],"wp:featuredmedia":[{"embeddable":true,"href":"https:\/\/www.gesmujer.org\/sitio\/wp-json\/wp\/v2\/media\/6086"}],"wp:attachment":[{"href":"https:\/\/www.gesmujer.org\/sitio\/wp-json\/wp\/v2\/media?parent=6085"}],"wp:term":[{"taxonomy":"category","embeddable":true,"href":"https:\/\/www.gesmujer.org\/sitio\/wp-json\/wp\/v2\/categories?post=6085"},{"taxonomy":"post_tag","embeddable":true,"href":"https:\/\/www.gesmujer.org\/sitio\/wp-json\/wp\/v2\/tags?post=6085"}],"curies":[{"name":"wp","href":"https:\/\/api.w.org\/{rel}","templated":true}]}}