{"id":6115,"date":"2020-11-11T15:26:47","date_gmt":"2020-11-11T21:26:47","guid":{"rendered":"https:\/\/www.gesmujer.org\/web\/?p=6115"},"modified":"2020-11-11T15:44:15","modified_gmt":"2020-11-11T21:44:15","slug":"han-asesinado-a-256-mujeres-tras-alerta-por-violencia-de-genero-en-oaxaca-15-ninas-solo-en-2020","status":"publish","type":"post","link":"https:\/\/www.gesmujer.org\/sitio\/?p=6115","title":{"rendered":"Han asesinado a 256 mujeres tras Alerta por Violencia de G\u00e9nero en Oaxaca; 15 ni\u00f1as s\u00f3lo en 2020"},"content":{"rendered":"\n<p>Juan Carlos Zavala, Martes 10 de Noviembre de 2020, El Universal.- El Grupo de Estudios Sobre La Mujer Rosario Castellanos (GESMujer) reiter\u00f3 que los feminicidios en el estado contin\u00faan al alza, sin que la declaratoria de Alerta de G\u00e9nero tenga impacto en esta problem\u00e1tica.<\/p>\n\n\n\n<p>Desde esta declaratoria emitida el 30 de agosto de 2018 hasta el 7 de noviembre de 2020, detall\u00f3, 256 ni\u00f1as y mujeres han sido v\u00edctimas de la m\u00e1xima violaci\u00f3n a sus derechos humanos: el feminicidio.<\/p>\n\n\n\n<p>Se\u00f1al\u00f3 que, desde hace casi cuatro a\u00f1os, en la actual administraci\u00f3n del gobierno estatal, la violencia feminicida ha alcanzado a 471 muejeres y ni\u00f1as en la entidad que han sido asesinadas de manera violenta.<\/p>\n\n\n\n<p>&#8220;Lamentablemente, la violencia feminicida en Oaxaca ha aumentado, la Declaratoria de Alerta por Violencia de G\u00e9nero emitida hace dos a\u00f1os no ha mostrado impacto alguno&#8221;, asegur\u00f3 la organizaci\u00f3n.<\/p>\n\n\n\n<p>GESMujer puntualiz\u00f3 que la violencia feminicida se est\u00e1 incrementando en contra de la poblaci\u00f3n m\u00e1s vulnerable. En lo que va del presente a\u00f1o, la organizaci\u00f3n tiene registro de 88 casos de muertes violentas por raz\u00f3n de g\u00e9nero en Oaxaca, de los cuales en 17% ni\u00f1as y adolescentes menores de 18 a\u00f1os fueron las v\u00edctimas.<\/p>\n\n\n\n<p>Otro dato, &#8220;que causa una pofunda indignaci\u00f3n&#8221;, manifest\u00f3 GESMujer, es que hasta el pasado 8 de noviembre, el 27% del total de asesinatos contra mujeres registrados en el a\u00f1o, fueron cometidos al interior de su hogar, <strong>&#8220;lugar en el que tendr\u00edan que estar protegidas&#8221;.<\/strong><\/p>\n\n\n\n<blockquote class=\"wp-block-quote is-layout-flow wp-block-quote-is-layout-flow\"><p><strong>El tema de la violencia feminicida es de la mayor importancia en nuestra entidad. Urgen medidas, acciones contundentes, castigo a los culpables, pero sobre todo, autoridades comprometidas que de certeza a la sociedad, seguridad a las ni\u00f1as, j\u00f3venes y mujeres en su tr\u00e1nsito en calles de la ciudad, comunidades, caminos, en los centros educativos, laborales y en cualquier espacio&#8221; declar\u00f3 Ang\u00e9lica Ayala Ortiz, presindenta del GESMujer.<\/strong><\/p><\/blockquote>\n\n\n\n<p>La organizaci\u00f3n sostuvo que esta violencia es tanto causa como consecuencia de la desigualdad, as\u00ed como de la discriminaci\u00f3n hacia ellas, por el s\u00f3lo hecho de ser mujeres.<\/p>\n\n\n\n<blockquote class=\"wp-block-quote is-layout-flow wp-block-quote-is-layout-flow\"><p><strong>&#8220;Se considera que la violencia contra las mujeres se inicia en el seno de la familia, y de all\u00ed los repetidos episodios tienden a normalizar su existencia, a incrementar su gravedad, donde la presencia de situaciones estructurales como la marginaci\u00f3n y la desigualdad tienden a agravarlo&#8221;, detall\u00f3 la presiedenta del GESMujer Ang\u00e9lica Ayala. <\/strong><\/p><\/blockquote>\n\n\n\n<p>Sin embargo, asegur\u00f3 que eso no es todo, porque no se puede culpar s\u00f3lo al entorno familiar de la presencia de la violencia.<\/p>\n\n\n\n<blockquote class=\"wp-block-quote is-layout-flow wp-block-quote-is-layout-flow\"><p><strong>&#8220;Si a esto senle a\u00f1ade la insuficiente y deficiente reacci\u00f3n de las autoridades e instituciones que tendr\u00edan la responsabilidad de prevenirlo, detectarlo y castigarlo hasta sus \u00faltimas consecuencias, nos vemos ante una cadena de violencias que tienen efectos que van m\u00e1s all\u00e1 de lo qu es meramente evidente, agreg\u00f3.<\/strong><\/p><\/blockquote>\n\n\n\n<p>El caso m\u00e1s reciente de violencia feminicida es el de Alma Itzel, cuyo cuerpo sin vida fue encontrado el pasado 7 de noviembre en el municipio de Santa Cruz Itundujia; una joven que  laboraba en Tijuana, Baja Caifornia, y regres\u00f3 a su comunidad para pasar la temporada de D\u00eda de Muertos.<\/p>\n\n\n\n<p>Organizaciones civiles han se\u00f1alado que tan s\u00f3lo en el mes de octubre, 30 mujeres desaparecieron en Oaxaca, mientras que en el estado, al menos 91 mujeres han sido asesinadas de manera violenta, y se estima que el 10% de estos cr\u00edmenes han tenido lugar en la Mixteca.<\/p>\n\n\n\n<p>Fuente: https:\/\/oaxaca.eluniversal.com.mx\/estatal\/10-11-2020\/han-asesinado-256-mujeres-tras-alerta-de-violencia-de-genero-en-oaxaca-15-ninas<\/p>\n","protected":false},"excerpt":{"rendered":"<p>Juan Carlos Zavala, Martes 10 de Noviembre de 2020, El Universal.- El Grupo de Estudios Sobre La Mujer Rosario Castellanos (GESMujer) reiter\u00f3 que los feminicidios en el estado contin\u00faan al alza, sin que la declaratoria de Alerta de G\u00e9nero tenga impacto en esta problem\u00e1tica. Desde esta declaratoria emitida el 30 de agosto de 2018 hasta [&hellip;]<\/p>\n","protected":false},"author":4,"featured_media":6116,"comment_status":"closed","ping_status":"open","sticky":false,"template":"","format":"standard","meta":{"footnotes":""},"categories":[91,32],"tags":[],"class_list":["post-6115","post","type-post","status-publish","format-standard","has-post-thumbnail","hentry","category-notas","category-novedades"],"_links":{"self":[{"href":"https:\/\/www.gesmujer.org\/sitio\/index.php?rest_route=\/wp\/v2\/posts\/6115","targetHints":{"allow":["GET"]}}],"collection":[{"href":"https:\/\/www.gesmujer.org\/sitio\/index.php?rest_route=\/wp\/v2\/posts"}],"about":[{"href":"https:\/\/www.gesmujer.org\/sitio\/index.php?rest_route=\/wp\/v2\/types\/post"}],"author":[{"embeddable":true,"href":"https:\/\/www.gesmujer.org\/sitio\/index.php?rest_route=\/wp\/v2\/users\/4"}],"replies":[{"embeddable":true,"href":"https:\/\/www.gesmujer.org\/sitio\/index.php?rest_route=%2Fwp%2Fv2%2Fcomments&post=6115"}],"version-history":[{"count":2,"href":"https:\/\/www.gesmujer.org\/sitio\/index.php?rest_route=\/wp\/v2\/posts\/6115\/revisions"}],"predecessor-version":[{"id":6119,"href":"https:\/\/www.gesmujer.org\/sitio\/index.php?rest_route=\/wp\/v2\/posts\/6115\/revisions\/6119"}],"wp:featuredmedia":[{"embeddable":true,"href":"https:\/\/www.gesmujer.org\/sitio\/index.php?rest_route=\/wp\/v2\/media\/6116"}],"wp:attachment":[{"href":"https:\/\/www.gesmujer.org\/sitio\/index.php?rest_route=%2Fwp%2Fv2%2Fmedia&parent=6115"}],"wp:term":[{"taxonomy":"category","embeddable":true,"href":"https:\/\/www.gesmujer.org\/sitio\/index.php?rest_route=%2Fwp%2Fv2%2Fcategories&post=6115"},{"taxonomy":"post_tag","embeddable":true,"href":"https:\/\/www.gesmujer.org\/sitio\/index.php?rest_route=%2Fwp%2Fv2%2Ftags&post=6115"}],"curies":[{"name":"wp","href":"https:\/\/api.w.org\/{rel}","templated":true}]}}