{"id":6152,"date":"2020-11-20T22:24:44","date_gmt":"2020-11-21T04:24:44","guid":{"rendered":"https:\/\/www.gesmujer.org\/web\/?p=6152"},"modified":"2020-11-20T22:24:49","modified_gmt":"2020-11-21T04:24:49","slug":"violencia-obstetricamalos-tratos-y-crueldad-que-se-ensanan-con-mujeres-indigenas","status":"publish","type":"post","link":"https:\/\/www.gesmujer.org\/sitio\/violencia-obstetricamalos-tratos-y-crueldad-que-se-ensanan-con-mujeres-indigenas\/","title":{"rendered":"Violencia obst\u00e9trica:malos tratos y crueldad que se ensa\u00f1an con mujeres ind\u00edgenas"},"content":{"rendered":"\n<p>Christian Jim\u00e9nez, Mi\u00e9rcoles 18 de Noviembre del 2020, El Universal.-Despu\u00e9s de cumplir 30 a\u00f1os, Irma estaba lista para dar a luz al tercero de sus hijos. Margarito, su esposo, se dedica al campo y ella al hogar. Ante la imposibilidad de pagar una cl\u00ednica particular para atender el parto, debido a sus ingresos, la pareja acudi\u00f3 al centro de salud de Jalapa de D\u00edaz, en la cuenca del Papaloapan, cuando ella estaba en la semana 36 de gestaci\u00f3n.<\/p>\n\n\n\n<p>Ya en la cl\u00ednica, Irma le dijo a una enfermera que sent\u00eda molestias y dolores. Le midieron la presi\u00f3n e indicaron que saliera a caminar porque todav\u00eda faltaba para que naciera su beb\u00e9. Tras unos momentos, la mujer sinti\u00f3 que rompi\u00f3 la fuente y poco despu\u00e9s naci\u00f3 su hijo en el patio del hospital, sin asistencia alguna.<\/p>\n\n\n\n<p>El caso de Irma, sucedi\u00f3 en enero de 2014, fue documentado por el Grupo de Informaci\u00f3n en Reproducci\u00f3n Elegida (GIRE), cuyos datos se\u00f1alan que en Oaxaca 26.1% de embarazadas sufrieron violencia obst\u00e9trica, es decir, casi tres de cada 10. Sin embargo, se trata de un dato relativo pues muchas no denuncian, y por ello se le considera como una agresi\u00f3n silenciada.<\/p>\n\n\n\n<p>Ang\u00e9lica Ayala, presidenta del Grupo de Estudios Sobre la Mujer Rosario Castellanos (GESMujer), dice que el problema de la violencia obst\u00e9trica es que se ejerce durante el embarazo, parto, puerperio y aborto, cuando la mujer se encuentra m\u00e1s vulnerable. Se relaciona con la discriminaci\u00f3n por raz\u00f3n de g\u00e9nero y en Oaxaca se agrava por condici\u00f3n de pertenencia a pueblos originarios.<\/p>\n\n\n\n<blockquote class=\"wp-block-quote is-layout-flow wp-block-quote-is-layout-flow\"><p><strong>&#8220;Se da cuando las mujeres son sometidas a crueldad y malos tratos por parte de personal de salud y tiene consecuencias a nievel f\u00edsico y emocional, desde ser sometidas a dolorosas pr\u00e1cticas innecesarias hasta dejarlas dar a luz en ba\u00f1os o patios.poniendo en riesgo su vida o la del beb\u00e9; tambi\u00e9n se extiende al ser amenazadas de no ser atendidas en el futuro&#8221;. <\/strong>As\u00ed lo se\u00f1ala la presidenta del GESMujer Ang\u00e9lica Ayala.<\/p><\/blockquote>\n\n\n\n<p>En el caso de mujeres ind\u00edgenas, agrega Ayala Ortiz, no se respeta su lengua ni sus pr\u00e1cticas culturales, como la alimentaci\u00f3n o posic\u00edon durante el parto, lo que incrementa los niveles de estr\u00e9s o miedo.<\/p>\n\n\n\n<p>Para 2016, seg\u00fan la Encuesta Nacional sobre Din\u00e1mica de las Relaciones en los Hogares (ENDIREH), 90 mil 18 oaxaque\u00f1as, de entre 15 y 49 a\u00f1os, (31.1% de la poblaci\u00f3n), reportaron maltrato en su \u00faltimo parto; de ellas, 61 mil 326 hablaban alguna lengua ind\u00edgena.<\/p>\n\n\n\n<p>GIRE detalla que s\u00f3lo de 2012 a 2017, en Oaxaca, se presentaron 17 quejas por violencia obst\u00e9trica y cinco por muerte materna. Desde entonces esta violencia se sigue ejerciendo, pero no se refleja en cifras actualizadas.<\/p>\n\n\n\n<p>El caso de Irma se hizo viral en las redes sociales gracias a que alguien capt\u00f3 el momento en que dio a luz en el patio. Ante ello, la Comisi\u00f3n Nacional de los Derechos Humanos (CNDH) inici\u00f3 una queja de oficio y GIRE asumi\u00f3 su reoresentaci\u00f3n legal y la acompa\u00f1\u00f3 para presentar una ampliaci\u00f3n de la queja para se\u00f1alar que lo ocurrido fue un caso de violencia obst\u00e9trica.<\/p>\n\n\n\n<p>El expediente indica que el d\u00eda que Irma se convirti\u00f3 en madre se le vulneraron, a ella y a su hijo derechos como la integridad personal y a la salud.<\/p>\n\n\n\n<p>Para GESMujer, los sistemas de salud p\u00fablicos enfrentan graves carencias de infraestructura, recursos humanos, materiales financieros, lo que impacta en una adecuada atenci\u00f3n a las mujeres, provocando demoras que las ponen en riesgo de sufrir secuelas a largo plazo, o incluso fallecer.<\/p>\n\n\n\n<p>Lo anterior se agrava, pues a ello se suman conductas y pr\u00e1cticas inhumanas, crueles, que pueden ser evitadas y, por lo tanto, es responsabilidad del Estado hacer cumplir la legislaci\u00f3n que establece el derecho de las mujeres a un trato humano y digno durante el proceso reproductivo.<\/p>\n\n\n\n<blockquote class=\"wp-block-quote is-layout-flow wp-block-quote-is-layout-flow\"><p><strong>&#8220;Las ni\u00f1as enfrentan mayores riesgos de malos tratos, por raz\u00f3n de edad son cuestionadas y v\u00edctimas de sometimiento. Tambi\u00e9n aquellas quienes solicitan un aborto, pues padecen demoras innecesarias, amenzas y procedimientos que atentan contra su dignidad&#8221; dice Ang\u00e9lica Ayala. <\/strong><\/p><\/blockquote>\n\n\n\n<p> En agosto pasado, integrantes de la 64 Legislatura del Congreso de Oaxaca presentaron una propuesta de reforma a la Ley Estatal de Salud para prevenir, identificar, atender y erradicar la violencia obst\u00e9trica, que consiste en adicionar la Fracci\u00f3n VII al Art\u00edculo 59, que garantizar\u00eda un trato digno durante el embarazo.<\/p>\n\n\n\n<p>Por el caso de Irma, la CNDH emiti\u00f3 una recomendaci\u00f3n en la que determin\u00f3 que existieron violaciones a los derechos humanos de ella y su hijo, atribuibles al gobierno de Oaxaca.<\/p>\n\n\n\n<p>Para ello pidi\u00f3 capacitar en derechos humanos al personal de salud y la repaci\u00f3n del da\u00f1o, pero GIRE precisa que el \u00f3rgano dej\u00f3 la cuantificaci\u00f3n del monto econ\u00f3mico a la autoridad responsable, y lo condicion\u00f3 al resultado de las investigaciones penal y administrativa. Tampoco especific\u00f3 las medidas que deb\u00edan tomarse para evitar que haya m\u00e1s casos como los de Irma.<\/p>\n\n\n\n<p>Fuente: https:\/\/oaxaca.eluniversal.com.mx\/sociedad\/18-11-2020\/violencia-obstetrica-malos-tratos-y-crueldad-que-se-ensanan-con-mujeres<\/p>\n","protected":false},"excerpt":{"rendered":"<p>Christian Jim\u00e9nez, Mi\u00e9rcoles 18 de Noviembre del 2020, El Universal.-Despu\u00e9s de cumplir 30 a\u00f1os, Irma estaba lista para dar a luz al tercero de sus hijos. Margarito, su esposo, se dedica al campo y ella al hogar. Ante la imposibilidad de pagar una cl\u00ednica particular para atender el parto, debido a sus ingresos, la pareja [&hellip;]<\/p>\n","protected":false},"author":4,"featured_media":6153,"comment_status":"closed","ping_status":"open","sticky":false,"template":"","format":"standard","meta":{"give_campaign_id":0,"footnotes":""},"categories":[91,32],"tags":[],"class_list":["post-6152","post","type-post","status-publish","format-standard","has-post-thumbnail","hentry","category-notas","category-novedades"],"yoast_head":"<!-- This site is optimized with the Yoast SEO plugin v27.4 - https:\/\/yoast.com\/product\/yoast-seo-wordpress\/ -->\n<title>Violencia obst\u00e9trica:malos tratos y crueldad que se ensa\u00f1an con mujeres ind\u00edgenas - GESMujer &quot;Rosario Castellanos&quot;<\/title>\n<meta name=\"robots\" content=\"index, follow, max-snippet:-1, max-image-preview:large, max-video-preview:-1\" \/>\n<link rel=\"canonical\" href=\"https:\/\/www.gesmujer.org\/sitio\/violencia-obstetricamalos-tratos-y-crueldad-que-se-ensanan-con-mujeres-indigenas\/\" \/>\n<meta property=\"og:locale\" content=\"es_MX\" \/>\n<meta property=\"og:type\" content=\"article\" \/>\n<meta property=\"og:title\" content=\"Violencia obst\u00e9trica:malos tratos y crueldad que se ensa\u00f1an con mujeres ind\u00edgenas\" \/>\n<meta property=\"og:description\" content=\"El problema de la violencia obst\u00e9trica es que se ejerce durante el embarazo, parto, puerperio y aborto, cuando la mujer se encuentra m\u00e1s vulnerable. Se relaciona con la discriminaci\u00f3n por raz\u00f3n de g\u00e9nero y en Oaxaca se agrava por condici\u00f3n de pertenencia a pueblos originarios.\" \/>\n<meta property=\"og:url\" content=\"https:\/\/www.gesmujer.org\/sitio\/violencia-obstetricamalos-tratos-y-crueldad-que-se-ensanan-con-mujeres-indigenas\/\" \/>\n<meta property=\"og:site_name\" content=\"GESMujer &quot;Rosario Castellanos&quot;\" \/>\n<meta property=\"article:publisher\" content=\"https:\/\/www.facebook.com\/gesmujer.rosario.castellanos.ac\" \/>\n<meta property=\"article:published_time\" content=\"2020-11-21T04:24:44+00:00\" \/>\n<meta property=\"article:modified_time\" content=\"2020-11-21T04:24:49+00:00\" \/>\n<meta property=\"og:image\" content=\"https:\/\/www.gesmujer.org\/sitio\/wp-content\/uploads\/2020\/11\/download-38.jpg\" \/>\n\t<meta property=\"og:image:width\" content=\"287\" \/>\n\t<meta property=\"og:image:height\" content=\"176\" \/>\n\t<meta property=\"og:image:type\" content=\"image\/jpeg\" \/>\n<meta name=\"author\" content=\"cendoc\" \/>\n<meta name=\"twitter:card\" content=\"summary_large_image\" \/>\n<meta name=\"twitter:title\" content=\"Violencia obst\u00e9trica:malos tratos y crueldad que se ensa\u00f1an con mujeres ind\u00edgenas\" \/>\n<meta name=\"twitter:description\" content=\"El problema de la violencia obst\u00e9trica es que se ejerce durante el embarazo, parto, puerperio y aborto, cuando la mujer se encuentra m\u00e1s vulnerable. Se relaciona con la discriminaci\u00f3n por raz\u00f3n de g\u00e9nero y en Oaxaca se agrava por condici\u00f3n de pertenencia a pueblos originarios.\" \/>\n<meta name=\"twitter:image\" content=\"https:\/\/www.gesmujer.org\/sitio\/wp-content\/uploads\/2020\/11\/download-38.jpg\" \/>\n<meta name=\"twitter:creator\" content=\"@GES_Mujer\" \/>\n<meta name=\"twitter:site\" content=\"@GES_Mujer\" \/>\n<meta name=\"twitter:label1\" content=\"Escrito por\" \/>\n\t<meta name=\"twitter:data1\" content=\"cendoc\" \/>\n\t<meta name=\"twitter:label2\" content=\"Tiempo de lectura\" \/>\n\t<meta name=\"twitter:data2\" content=\"4 minutos\" \/>\n<script type=\"application\/ld+json\" class=\"yoast-schema-graph\">{\"@context\":\"https:\\\/\\\/schema.org\",\"@graph\":[{\"@type\":\"Article\",\"@id\":\"https:\\\/\\\/www.gesmujer.org\\\/sitio\\\/violencia-obstetricamalos-tratos-y-crueldad-que-se-ensanan-con-mujeres-indigenas\\\/#article\",\"isPartOf\":{\"@id\":\"https:\\\/\\\/www.gesmujer.org\\\/sitio\\\/violencia-obstetricamalos-tratos-y-crueldad-que-se-ensanan-con-mujeres-indigenas\\\/\"},\"author\":{\"name\":\"cendoc\",\"@id\":\"https:\\\/\\\/www.gesmujer.org\\\/sitio\\\/#\\\/schema\\\/person\\\/50e03387f883646c2714c51783a7e288\"},\"headline\":\"Violencia obst\u00e9trica:malos tratos y crueldad que se ensa\u00f1an con mujeres ind\u00edgenas\",\"datePublished\":\"2020-11-21T04:24:44+00:00\",\"dateModified\":\"2020-11-21T04:24:49+00:00\",\"mainEntityOfPage\":{\"@id\":\"https:\\\/\\\/www.gesmujer.org\\\/sitio\\\/violencia-obstetricamalos-tratos-y-crueldad-que-se-ensanan-con-mujeres-indigenas\\\/\"},\"wordCount\":886,\"publisher\":{\"@id\":\"https:\\\/\\\/www.gesmujer.org\\\/sitio\\\/#organization\"},\"image\":{\"@id\":\"https:\\\/\\\/www.gesmujer.org\\\/sitio\\\/violencia-obstetricamalos-tratos-y-crueldad-que-se-ensanan-con-mujeres-indigenas\\\/#primaryimage\"},\"thumbnailUrl\":\"https:\\\/\\\/www.gesmujer.org\\\/sitio\\\/wp-content\\\/uploads\\\/2020\\\/11\\\/download-38.jpg\",\"articleSection\":[\"NOTAS\",\"NOTICIAS\"],\"inLanguage\":\"es\"},{\"@type\":\"WebPage\",\"@id\":\"https:\\\/\\\/www.gesmujer.org\\\/sitio\\\/violencia-obstetricamalos-tratos-y-crueldad-que-se-ensanan-con-mujeres-indigenas\\\/\",\"url\":\"https:\\\/\\\/www.gesmujer.org\\\/sitio\\\/violencia-obstetricamalos-tratos-y-crueldad-que-se-ensanan-con-mujeres-indigenas\\\/\",\"name\":\"Violencia obst\u00e9trica:malos tratos y crueldad que se ensa\u00f1an con mujeres ind\u00edgenas - GESMujer &quot;Rosario Castellanos&quot;\",\"isPartOf\":{\"@id\":\"https:\\\/\\\/www.gesmujer.org\\\/sitio\\\/#website\"},\"primaryImageOfPage\":{\"@id\":\"https:\\\/\\\/www.gesmujer.org\\\/sitio\\\/violencia-obstetricamalos-tratos-y-crueldad-que-se-ensanan-con-mujeres-indigenas\\\/#primaryimage\"},\"image\":{\"@id\":\"https:\\\/\\\/www.gesmujer.org\\\/sitio\\\/violencia-obstetricamalos-tratos-y-crueldad-que-se-ensanan-con-mujeres-indigenas\\\/#primaryimage\"},\"thumbnailUrl\":\"https:\\\/\\\/www.gesmujer.org\\\/sitio\\\/wp-content\\\/uploads\\\/2020\\\/11\\\/download-38.jpg\",\"datePublished\":\"2020-11-21T04:24:44+00:00\",\"dateModified\":\"2020-11-21T04:24:49+00:00\",\"breadcrumb\":{\"@id\":\"https:\\\/\\\/www.gesmujer.org\\\/sitio\\\/violencia-obstetricamalos-tratos-y-crueldad-que-se-ensanan-con-mujeres-indigenas\\\/#breadcrumb\"},\"inLanguage\":\"es\",\"potentialAction\":[{\"@type\":\"ReadAction\",\"target\":[\"https:\\\/\\\/www.gesmujer.org\\\/sitio\\\/violencia-obstetricamalos-tratos-y-crueldad-que-se-ensanan-con-mujeres-indigenas\\\/\"]}]},{\"@type\":\"ImageObject\",\"inLanguage\":\"es\",\"@id\":\"https:\\\/\\\/www.gesmujer.org\\\/sitio\\\/violencia-obstetricamalos-tratos-y-crueldad-que-se-ensanan-con-mujeres-indigenas\\\/#primaryimage\",\"url\":\"https:\\\/\\\/www.gesmujer.org\\\/sitio\\\/wp-content\\\/uploads\\\/2020\\\/11\\\/download-38.jpg\",\"contentUrl\":\"https:\\\/\\\/www.gesmujer.org\\\/sitio\\\/wp-content\\\/uploads\\\/2020\\\/11\\\/download-38.jpg\",\"width\":287,\"height\":176},{\"@type\":\"BreadcrumbList\",\"@id\":\"https:\\\/\\\/www.gesmujer.org\\\/sitio\\\/violencia-obstetricamalos-tratos-y-crueldad-que-se-ensanan-con-mujeres-indigenas\\\/#breadcrumb\",\"itemListElement\":[{\"@type\":\"ListItem\",\"position\":1,\"name\":\"Home\",\"item\":\"https:\\\/\\\/www.gesmujer.org\\\/sitio\\\/\"},{\"@type\":\"ListItem\",\"position\":2,\"name\":\"Violencia obst\u00e9trica:malos tratos y crueldad que se ensa\u00f1an con mujeres ind\u00edgenas\"}]},{\"@type\":\"WebSite\",\"@id\":\"https:\\\/\\\/www.gesmujer.org\\\/sitio\\\/#website\",\"url\":\"https:\\\/\\\/www.gesmujer.org\\\/sitio\\\/\",\"name\":\"GESMujer \\\"Rosario Castellanos\\\"\",\"description\":\"M\u00e1s de 45 a\u00f1os ha llevado a cabo acciones para erradicar la violencia de g\u00e9nero y construir entornos donde las mujeres encuentren su resiliencia, incrementen su agencia y autonom\u00eda que les permita lograr su empoderamiento a trav\u00e9s de cinco l\u00edneas de acci\u00f3n.\",\"publisher\":{\"@id\":\"https:\\\/\\\/www.gesmujer.org\\\/sitio\\\/#organization\"},\"alternateName\":\"GESMujer\",\"potentialAction\":[{\"@type\":\"SearchAction\",\"target\":{\"@type\":\"EntryPoint\",\"urlTemplate\":\"https:\\\/\\\/www.gesmujer.org\\\/sitio\\\/?s={search_term_string}\"},\"query-input\":{\"@type\":\"PropertyValueSpecification\",\"valueRequired\":true,\"valueName\":\"search_term_string\"}}],\"inLanguage\":\"es\"},{\"@type\":\"Organization\",\"@id\":\"https:\\\/\\\/www.gesmujer.org\\\/sitio\\\/#organization\",\"name\":\"Grupo de estudios sobre la mujer Rosario Castellanos ac\",\"alternateName\":\"GESMujer\",\"url\":\"https:\\\/\\\/www.gesmujer.org\\\/sitio\\\/\",\"logo\":{\"@type\":\"ImageObject\",\"inLanguage\":\"es\",\"@id\":\"https:\\\/\\\/www.gesmujer.org\\\/sitio\\\/#\\\/schema\\\/logo\\\/image\\\/\",\"url\":\"https:\\\/\\\/www.gesmujer.org\\\/sitio\\\/wp-content\\\/uploads\\\/2026\\\/03\\\/Logo-GESMujer-300.png\",\"contentUrl\":\"https:\\\/\\\/www.gesmujer.org\\\/sitio\\\/wp-content\\\/uploads\\\/2026\\\/03\\\/Logo-GESMujer-300.png\",\"width\":300,\"height\":141,\"caption\":\"Grupo de estudios sobre la mujer Rosario Castellanos ac\"},\"image\":{\"@id\":\"https:\\\/\\\/www.gesmujer.org\\\/sitio\\\/#\\\/schema\\\/logo\\\/image\\\/\"},\"sameAs\":[\"https:\\\/\\\/www.facebook.com\\\/gesmujer.rosario.castellanos.ac\",\"https:\\\/\\\/x.com\\\/GES_Mujer\",\"https:\\\/\\\/www.instagram.com\\\/ges_mujer\\\/?hl=es\",\"https:\\\/\\\/www.youtube.com\\\/c\\\/GESMujerRosarioCastellanos\\\/videos\",\"https:\\\/\\\/soundcloud.com\\\/gesmujerac\",\"https:\\\/\\\/www.tiktok.com\\\/@gesmujer\"]},{\"@type\":\"Person\",\"@id\":\"https:\\\/\\\/www.gesmujer.org\\\/sitio\\\/#\\\/schema\\\/person\\\/50e03387f883646c2714c51783a7e288\",\"name\":\"cendoc\",\"image\":{\"@type\":\"ImageObject\",\"inLanguage\":\"es\",\"@id\":\"https:\\\/\\\/secure.gravatar.com\\\/avatar\\\/2f187338ccb33c33bc1b08e92e2247a6891db221398e12bbc0f5ff0cfc462495?s=96&d=mm&r=g\",\"url\":\"https:\\\/\\\/secure.gravatar.com\\\/avatar\\\/2f187338ccb33c33bc1b08e92e2247a6891db221398e12bbc0f5ff0cfc462495?s=96&d=mm&r=g\",\"contentUrl\":\"https:\\\/\\\/secure.gravatar.com\\\/avatar\\\/2f187338ccb33c33bc1b08e92e2247a6891db221398e12bbc0f5ff0cfc462495?s=96&d=mm&r=g\",\"caption\":\"cendoc\"},\"sameAs\":[\"http:\\\/\\\/gesmujer.org\"],\"url\":\"https:\\\/\\\/www.gesmujer.org\\\/sitio\\\/author\\\/cendoc\\\/\"}]}<\/script>\n<!-- \/ Yoast SEO plugin. -->","yoast_head_json":{"title":"Violencia obst\u00e9trica:malos tratos y crueldad que se ensa\u00f1an con mujeres ind\u00edgenas - GESMujer &quot;Rosario Castellanos&quot;","robots":{"index":"index","follow":"follow","max-snippet":"max-snippet:-1","max-image-preview":"max-image-preview:large","max-video-preview":"max-video-preview:-1"},"canonical":"https:\/\/www.gesmujer.org\/sitio\/violencia-obstetricamalos-tratos-y-crueldad-que-se-ensanan-con-mujeres-indigenas\/","og_locale":"es_MX","og_type":"article","og_title":"Violencia obst\u00e9trica:malos tratos y crueldad que se ensa\u00f1an con mujeres ind\u00edgenas","og_description":"El problema de la violencia obst\u00e9trica es que se ejerce durante el embarazo, parto, puerperio y aborto, cuando la mujer se encuentra m\u00e1s vulnerable. Se relaciona con la discriminaci\u00f3n por raz\u00f3n de g\u00e9nero y en Oaxaca se agrava por condici\u00f3n de pertenencia a pueblos originarios.","og_url":"https:\/\/www.gesmujer.org\/sitio\/violencia-obstetricamalos-tratos-y-crueldad-que-se-ensanan-con-mujeres-indigenas\/","og_site_name":"GESMujer &quot;Rosario Castellanos&quot;","article_publisher":"https:\/\/www.facebook.com\/gesmujer.rosario.castellanos.ac","article_published_time":"2020-11-21T04:24:44+00:00","article_modified_time":"2020-11-21T04:24:49+00:00","og_image":[{"width":287,"height":176,"url":"https:\/\/www.gesmujer.org\/sitio\/wp-content\/uploads\/2020\/11\/download-38.jpg","type":"image\/jpeg"}],"author":"cendoc","twitter_card":"summary_large_image","twitter_title":"Violencia obst\u00e9trica:malos tratos y crueldad que se ensa\u00f1an con mujeres ind\u00edgenas","twitter_description":"El problema de la violencia obst\u00e9trica es que se ejerce durante el embarazo, parto, puerperio y aborto, cuando la mujer se encuentra m\u00e1s vulnerable. Se relaciona con la discriminaci\u00f3n por raz\u00f3n de g\u00e9nero y en Oaxaca se agrava por condici\u00f3n de pertenencia a pueblos originarios.","twitter_image":"https:\/\/www.gesmujer.org\/sitio\/wp-content\/uploads\/2020\/11\/download-38.jpg","twitter_creator":"@GES_Mujer","twitter_site":"@GES_Mujer","twitter_misc":{"Escrito por":"cendoc","Tiempo de lectura":"4 minutos"},"schema":{"@context":"https:\/\/schema.org","@graph":[{"@type":"Article","@id":"https:\/\/www.gesmujer.org\/sitio\/violencia-obstetricamalos-tratos-y-crueldad-que-se-ensanan-con-mujeres-indigenas\/#article","isPartOf":{"@id":"https:\/\/www.gesmujer.org\/sitio\/violencia-obstetricamalos-tratos-y-crueldad-que-se-ensanan-con-mujeres-indigenas\/"},"author":{"name":"cendoc","@id":"https:\/\/www.gesmujer.org\/sitio\/#\/schema\/person\/50e03387f883646c2714c51783a7e288"},"headline":"Violencia obst\u00e9trica:malos tratos y crueldad que se ensa\u00f1an con mujeres ind\u00edgenas","datePublished":"2020-11-21T04:24:44+00:00","dateModified":"2020-11-21T04:24:49+00:00","mainEntityOfPage":{"@id":"https:\/\/www.gesmujer.org\/sitio\/violencia-obstetricamalos-tratos-y-crueldad-que-se-ensanan-con-mujeres-indigenas\/"},"wordCount":886,"publisher":{"@id":"https:\/\/www.gesmujer.org\/sitio\/#organization"},"image":{"@id":"https:\/\/www.gesmujer.org\/sitio\/violencia-obstetricamalos-tratos-y-crueldad-que-se-ensanan-con-mujeres-indigenas\/#primaryimage"},"thumbnailUrl":"https:\/\/www.gesmujer.org\/sitio\/wp-content\/uploads\/2020\/11\/download-38.jpg","articleSection":["NOTAS","NOTICIAS"],"inLanguage":"es"},{"@type":"WebPage","@id":"https:\/\/www.gesmujer.org\/sitio\/violencia-obstetricamalos-tratos-y-crueldad-que-se-ensanan-con-mujeres-indigenas\/","url":"https:\/\/www.gesmujer.org\/sitio\/violencia-obstetricamalos-tratos-y-crueldad-que-se-ensanan-con-mujeres-indigenas\/","name":"Violencia obst\u00e9trica:malos tratos y crueldad que se ensa\u00f1an con mujeres ind\u00edgenas - GESMujer &quot;Rosario Castellanos&quot;","isPartOf":{"@id":"https:\/\/www.gesmujer.org\/sitio\/#website"},"primaryImageOfPage":{"@id":"https:\/\/www.gesmujer.org\/sitio\/violencia-obstetricamalos-tratos-y-crueldad-que-se-ensanan-con-mujeres-indigenas\/#primaryimage"},"image":{"@id":"https:\/\/www.gesmujer.org\/sitio\/violencia-obstetricamalos-tratos-y-crueldad-que-se-ensanan-con-mujeres-indigenas\/#primaryimage"},"thumbnailUrl":"https:\/\/www.gesmujer.org\/sitio\/wp-content\/uploads\/2020\/11\/download-38.jpg","datePublished":"2020-11-21T04:24:44+00:00","dateModified":"2020-11-21T04:24:49+00:00","breadcrumb":{"@id":"https:\/\/www.gesmujer.org\/sitio\/violencia-obstetricamalos-tratos-y-crueldad-que-se-ensanan-con-mujeres-indigenas\/#breadcrumb"},"inLanguage":"es","potentialAction":[{"@type":"ReadAction","target":["https:\/\/www.gesmujer.org\/sitio\/violencia-obstetricamalos-tratos-y-crueldad-que-se-ensanan-con-mujeres-indigenas\/"]}]},{"@type":"ImageObject","inLanguage":"es","@id":"https:\/\/www.gesmujer.org\/sitio\/violencia-obstetricamalos-tratos-y-crueldad-que-se-ensanan-con-mujeres-indigenas\/#primaryimage","url":"https:\/\/www.gesmujer.org\/sitio\/wp-content\/uploads\/2020\/11\/download-38.jpg","contentUrl":"https:\/\/www.gesmujer.org\/sitio\/wp-content\/uploads\/2020\/11\/download-38.jpg","width":287,"height":176},{"@type":"BreadcrumbList","@id":"https:\/\/www.gesmujer.org\/sitio\/violencia-obstetricamalos-tratos-y-crueldad-que-se-ensanan-con-mujeres-indigenas\/#breadcrumb","itemListElement":[{"@type":"ListItem","position":1,"name":"Home","item":"https:\/\/www.gesmujer.org\/sitio\/"},{"@type":"ListItem","position":2,"name":"Violencia obst\u00e9trica:malos tratos y crueldad que se ensa\u00f1an con mujeres ind\u00edgenas"}]},{"@type":"WebSite","@id":"https:\/\/www.gesmujer.org\/sitio\/#website","url":"https:\/\/www.gesmujer.org\/sitio\/","name":"GESMujer \"Rosario Castellanos\"","description":"M\u00e1s de 45 a\u00f1os ha llevado a cabo acciones para erradicar la violencia de g\u00e9nero y construir entornos donde las mujeres encuentren su resiliencia, incrementen su agencia y autonom\u00eda que les permita lograr su empoderamiento a trav\u00e9s de cinco l\u00edneas de acci\u00f3n.","publisher":{"@id":"https:\/\/www.gesmujer.org\/sitio\/#organization"},"alternateName":"GESMujer","potentialAction":[{"@type":"SearchAction","target":{"@type":"EntryPoint","urlTemplate":"https:\/\/www.gesmujer.org\/sitio\/?s={search_term_string}"},"query-input":{"@type":"PropertyValueSpecification","valueRequired":true,"valueName":"search_term_string"}}],"inLanguage":"es"},{"@type":"Organization","@id":"https:\/\/www.gesmujer.org\/sitio\/#organization","name":"Grupo de estudios sobre la mujer Rosario Castellanos ac","alternateName":"GESMujer","url":"https:\/\/www.gesmujer.org\/sitio\/","logo":{"@type":"ImageObject","inLanguage":"es","@id":"https:\/\/www.gesmujer.org\/sitio\/#\/schema\/logo\/image\/","url":"https:\/\/www.gesmujer.org\/sitio\/wp-content\/uploads\/2026\/03\/Logo-GESMujer-300.png","contentUrl":"https:\/\/www.gesmujer.org\/sitio\/wp-content\/uploads\/2026\/03\/Logo-GESMujer-300.png","width":300,"height":141,"caption":"Grupo de estudios sobre la mujer Rosario Castellanos ac"},"image":{"@id":"https:\/\/www.gesmujer.org\/sitio\/#\/schema\/logo\/image\/"},"sameAs":["https:\/\/www.facebook.com\/gesmujer.rosario.castellanos.ac","https:\/\/x.com\/GES_Mujer","https:\/\/www.instagram.com\/ges_mujer\/?hl=es","https:\/\/www.youtube.com\/c\/GESMujerRosarioCastellanos\/videos","https:\/\/soundcloud.com\/gesmujerac","https:\/\/www.tiktok.com\/@gesmujer"]},{"@type":"Person","@id":"https:\/\/www.gesmujer.org\/sitio\/#\/schema\/person\/50e03387f883646c2714c51783a7e288","name":"cendoc","image":{"@type":"ImageObject","inLanguage":"es","@id":"https:\/\/secure.gravatar.com\/avatar\/2f187338ccb33c33bc1b08e92e2247a6891db221398e12bbc0f5ff0cfc462495?s=96&d=mm&r=g","url":"https:\/\/secure.gravatar.com\/avatar\/2f187338ccb33c33bc1b08e92e2247a6891db221398e12bbc0f5ff0cfc462495?s=96&d=mm&r=g","contentUrl":"https:\/\/secure.gravatar.com\/avatar\/2f187338ccb33c33bc1b08e92e2247a6891db221398e12bbc0f5ff0cfc462495?s=96&d=mm&r=g","caption":"cendoc"},"sameAs":["http:\/\/gesmujer.org"],"url":"https:\/\/www.gesmujer.org\/sitio\/author\/cendoc\/"}]}},"_links":{"self":[{"href":"https:\/\/www.gesmujer.org\/sitio\/wp-json\/wp\/v2\/posts\/6152","targetHints":{"allow":["GET"]}}],"collection":[{"href":"https:\/\/www.gesmujer.org\/sitio\/wp-json\/wp\/v2\/posts"}],"about":[{"href":"https:\/\/www.gesmujer.org\/sitio\/wp-json\/wp\/v2\/types\/post"}],"author":[{"embeddable":true,"href":"https:\/\/www.gesmujer.org\/sitio\/wp-json\/wp\/v2\/users\/4"}],"replies":[{"embeddable":true,"href":"https:\/\/www.gesmujer.org\/sitio\/wp-json\/wp\/v2\/comments?post=6152"}],"version-history":[{"count":1,"href":"https:\/\/www.gesmujer.org\/sitio\/wp-json\/wp\/v2\/posts\/6152\/revisions"}],"predecessor-version":[{"id":6154,"href":"https:\/\/www.gesmujer.org\/sitio\/wp-json\/wp\/v2\/posts\/6152\/revisions\/6154"}],"wp:featuredmedia":[{"embeddable":true,"href":"https:\/\/www.gesmujer.org\/sitio\/wp-json\/wp\/v2\/media\/6153"}],"wp:attachment":[{"href":"https:\/\/www.gesmujer.org\/sitio\/wp-json\/wp\/v2\/media?parent=6152"}],"wp:term":[{"taxonomy":"category","embeddable":true,"href":"https:\/\/www.gesmujer.org\/sitio\/wp-json\/wp\/v2\/categories?post=6152"},{"taxonomy":"post_tag","embeddable":true,"href":"https:\/\/www.gesmujer.org\/sitio\/wp-json\/wp\/v2\/tags?post=6152"}],"curies":[{"name":"wp","href":"https:\/\/api.w.org\/{rel}","templated":true}]}}