{"id":6307,"date":"2020-12-28T12:11:01","date_gmt":"2020-12-28T18:11:01","guid":{"rendered":"https:\/\/www.gesmujer.org\/web\/?p=6307"},"modified":"2020-12-28T12:11:04","modified_gmt":"2020-12-28T18:11:04","slug":"en-oaxaca-exigen-justicia-por-feminicidio-de-bertha-jose","status":"publish","type":"post","link":"https:\/\/www.gesmujer.org\/sitio\/en-oaxaca-exigen-justicia-por-feminicidio-de-bertha-jose\/","title":{"rendered":"En Oaxaca exigen justicia por feminicidio de Bertha Jos\u00e9"},"content":{"rendered":"\n<p>Diana Manzo, Lunes 28 de Diciembre de 2020, La Jornada.- En plena navidad, el pasado 25 de diciembre, Bertha Jos\u00e9 Dom\u00ednguez, una joven madre de 27 a\u00f1os fue asesinada con arma blanca en la localidad de Uni\u00f3n Hidalgo Oaxaca presuntamente por su esposo Jes\u00fas M. A. qui\u00e9n se encuentra pr\u00f3fugo, las autoridades de justicia en el Istmo de Tehuantepec iniciaron una carpeta de investigaci\u00f3n por feminicidio.<\/p>\n\n\n\n<p>Bertha era originaria de la comunidad ind\u00edgena de San pedro Jilotepec, perteneciente al municipio de Magdalena Tequisistl\u00e1n en el Istmo de Tehuantepec, en donde fue sepultada la tarde de ayer s\u00e1bado.<\/p>\n\n\n\n<p>Los familiares de la joven expresaron que es urgente que las autoridades de justicia localicen a su esposo, a qui\u00e9n responsabilizan como el principal sospechoso, adem\u00e1s solicitaron ayuda para poder recuperar la custodia de su hijo menor de edad.<\/p>\n\n\n\n<p>Amigas y colectivos feministas de Oaxaca exigieron justicia a trav\u00e9s de las redes sociales para que su muerte no quede impune, porque recalcaron que a Bertha le quitaron la vida de una forma atroz y violenta como si se tratara de un objeto sin valor.<\/p>\n\n\n\n<p>Se\u00f1alaron que Bertha muri\u00f3 en plena navidad, en donde supuestamente la armon\u00eda reina en los hogares, lo cual comprueba que ni la pandemia detuvo la violencia que viven las mujeres en este pa\u00eds y se comprueba que el hogar es el espacio m\u00e1s peligroso e inseguro para ser mujer.<\/p>\n\n\n\n<p>\u201cBertha dorm\u00eda con el presunto enemigo y no lo sab\u00eda. Que en paz descanse, una se\u00f1ora sin malicia, llena de bondad. Que el se\u00f1or le de consuelo a su hijo, padres, hermanos y dem\u00e1s familiares, Justicia para Bertha, que se castigue y se haga justicia, todo el peso de la ley contra su asesino. \u00a1Si lo ven, rep\u00f3rtalo!.\u201d.<\/p>\n\n\n\n<p>La rapera y feminista oaxaque\u00f1a Mare Advertencia Lirika a trav\u00e9s de su cuenta personal de Facebook tambi\u00e9n se pronunci\u00f3 por un esclarecimiento urgente por este feminicidio.<\/p>\n\n\n\n<p>\u201cEl 25 de diciembre fue encontrada sin vida, v\u00edctima de feminicidio en su domicilio la joven Bertha Jos\u00e9 Dom\u00ednguez, exigimos el esclarecimiento de los hechos y la presentaci\u00f3n de su esposo, Jes\u00fas M. A. como principal sospechoso. No queremos que este caso sea manejado como una cifra m\u00e1s a la suma de feminicidios cometidos en Oaxaca, no queremos que el racismo institucional entorpezca la averiguaci\u00f3n. Tocan a una, respondemos todas\u201d.<\/p>\n\n\n\n<p><strong>Por su parte, las colectivas feministas recalcaron que seguir\u00e1n muy de cerca que se imparta justicia por el feminicidio de Bertha, la cual se suma a otros 109 feminicidios en lo que va del 2020, seg\u00fan informes de la organizaci\u00f3n GESMujer Rosario Castellanos.<\/strong><\/p>\n\n\n\n<p><strong>Seg\u00fan datos del colectivo feminista GESMujer el Istmo de Tehuantepec es la segunda regi\u00f3n oaxaque\u00f1a m\u00e1s peligrosa para las mujeres porque se han registrado 101 feminicidios de un total de 493 en todo Oaxaca, desde que comenz\u00f3 la administraci\u00f3n del actual gobierno de Alejandro Murat Hinojosa (2016- 27 diciembre 2020).<\/strong><\/p>\n\n\n\n<p>Fuente: https:\/\/www.jornada.com.mx\/notas\/2020\/12\/27\/estados\/en-oaxaca-exigen-justicia-por-feminicidio-de-bertha-jose\/<\/p>\n","protected":false},"excerpt":{"rendered":"<p>Diana Manzo, Lunes 28 de Diciembre de 2020, La Jornada.- En plena navidad, el pasado 25 de diciembre, Bertha Jos\u00e9 Dom\u00ednguez, una joven madre de 27 a\u00f1os fue asesinada con arma blanca en la localidad de Uni\u00f3n Hidalgo Oaxaca presuntamente por su esposo Jes\u00fas M. A. qui\u00e9n se encuentra pr\u00f3fugo, las autoridades de justicia en [&hellip;]<\/p>\n","protected":false},"author":4,"featured_media":6308,"comment_status":"closed","ping_status":"open","sticky":false,"template":"","format":"standard","meta":{"give_campaign_id":0,"footnotes":""},"categories":[91,32,3],"tags":[],"class_list":["post-6307","post","type-post","status-publish","format-standard","has-post-thumbnail","hentry","category-notas","category-novedades","category-portada"],"yoast_head":"<!-- This site is optimized with the Yoast SEO plugin v27.4 - https:\/\/yoast.com\/product\/yoast-seo-wordpress\/ -->\n<title>En Oaxaca exigen justicia por feminicidio de Bertha Jos\u00e9 - GESMujer &quot;Rosario Castellanos&quot;<\/title>\n<meta name=\"robots\" content=\"index, follow, max-snippet:-1, max-image-preview:large, max-video-preview:-1\" \/>\n<link rel=\"canonical\" href=\"https:\/\/www.gesmujer.org\/sitio\/en-oaxaca-exigen-justicia-por-feminicidio-de-bertha-jose\/\" \/>\n<meta property=\"og:locale\" content=\"es_MX\" \/>\n<meta property=\"og:type\" content=\"article\" \/>\n<meta property=\"og:title\" content=\"En Oaxaca exigen justicia por feminicidio de Bertha Jos\u00e9\" \/>\n<meta property=\"og:description\" content=\"Los familiares de la joven expresaron que es urgente que las autoridades de justicia localicen a su esposo, a qui\u00e9n responsabilizan como el principal sospechoso, adem\u00e1s solicitaron ayuda para poder recuperar la custodia de su hijo menor de edad.\" \/>\n<meta property=\"og:url\" content=\"https:\/\/www.gesmujer.org\/sitio\/en-oaxaca-exigen-justicia-por-feminicidio-de-bertha-jose\/\" \/>\n<meta property=\"og:site_name\" content=\"GESMujer &quot;Rosario Castellanos&quot;\" \/>\n<meta property=\"article:publisher\" content=\"https:\/\/www.facebook.com\/gesmujer.rosario.castellanos.ac\" \/>\n<meta property=\"article:published_time\" content=\"2020-12-28T18:11:01+00:00\" \/>\n<meta property=\"article:modified_time\" content=\"2020-12-28T18:11:04+00:00\" \/>\n<meta property=\"og:image\" content=\"https:\/\/www.gesmujer.org\/sitio\/wp-content\/uploads\/2020\/12\/image_large.jpg\" \/>\n\t<meta property=\"og:image:width\" content=\"838\" \/>\n\t<meta property=\"og:image:height\" content=\"838\" \/>\n\t<meta property=\"og:image:type\" content=\"image\/jpeg\" \/>\n<meta name=\"author\" content=\"cendoc\" \/>\n<meta name=\"twitter:card\" content=\"summary_large_image\" \/>\n<meta name=\"twitter:title\" content=\"En Oaxaca exigen justicia por feminicidio de Bertha Jos\u00e9\" \/>\n<meta name=\"twitter:description\" content=\"Los familiares de la joven expresaron que es urgente que las autoridades de justicia localicen a su esposo, a qui\u00e9n responsabilizan como el principal sospechoso, adem\u00e1s solicitaron ayuda para poder recuperar la custodia de su hijo menor de edad.\" \/>\n<meta name=\"twitter:image\" content=\"https:\/\/www.gesmujer.org\/sitio\/wp-content\/uploads\/2020\/12\/image_large.jpg\" \/>\n<meta name=\"twitter:creator\" content=\"@GES_Mujer\" \/>\n<meta name=\"twitter:site\" content=\"@GES_Mujer\" \/>\n<meta name=\"twitter:label1\" content=\"Escrito por\" \/>\n\t<meta name=\"twitter:data1\" content=\"cendoc\" \/>\n\t<meta name=\"twitter:label2\" content=\"Tiempo de lectura\" \/>\n\t<meta name=\"twitter:data2\" content=\"3 minutos\" \/>\n<script type=\"application\/ld+json\" class=\"yoast-schema-graph\">{\"@context\":\"https:\\\/\\\/schema.org\",\"@graph\":[{\"@type\":\"Article\",\"@id\":\"https:\\\/\\\/www.gesmujer.org\\\/sitio\\\/en-oaxaca-exigen-justicia-por-feminicidio-de-bertha-jose\\\/#article\",\"isPartOf\":{\"@id\":\"https:\\\/\\\/www.gesmujer.org\\\/sitio\\\/en-oaxaca-exigen-justicia-por-feminicidio-de-bertha-jose\\\/\"},\"author\":{\"name\":\"cendoc\",\"@id\":\"https:\\\/\\\/www.gesmujer.org\\\/sitio\\\/#\\\/schema\\\/person\\\/50e03387f883646c2714c51783a7e288\"},\"headline\":\"En Oaxaca exigen justicia por feminicidio de Bertha Jos\u00e9\",\"datePublished\":\"2020-12-28T18:11:01+00:00\",\"dateModified\":\"2020-12-28T18:11:04+00:00\",\"mainEntityOfPage\":{\"@id\":\"https:\\\/\\\/www.gesmujer.org\\\/sitio\\\/en-oaxaca-exigen-justicia-por-feminicidio-de-bertha-jose\\\/\"},\"wordCount\":525,\"publisher\":{\"@id\":\"https:\\\/\\\/www.gesmujer.org\\\/sitio\\\/#organization\"},\"image\":{\"@id\":\"https:\\\/\\\/www.gesmujer.org\\\/sitio\\\/en-oaxaca-exigen-justicia-por-feminicidio-de-bertha-jose\\\/#primaryimage\"},\"thumbnailUrl\":\"https:\\\/\\\/www.gesmujer.org\\\/sitio\\\/wp-content\\\/uploads\\\/2020\\\/12\\\/image_large.jpg\",\"articleSection\":[\"NOTAS\",\"NOTICIAS\",\"portada\"],\"inLanguage\":\"es\"},{\"@type\":\"WebPage\",\"@id\":\"https:\\\/\\\/www.gesmujer.org\\\/sitio\\\/en-oaxaca-exigen-justicia-por-feminicidio-de-bertha-jose\\\/\",\"url\":\"https:\\\/\\\/www.gesmujer.org\\\/sitio\\\/en-oaxaca-exigen-justicia-por-feminicidio-de-bertha-jose\\\/\",\"name\":\"En Oaxaca exigen justicia por feminicidio de Bertha Jos\u00e9 - GESMujer &quot;Rosario Castellanos&quot;\",\"isPartOf\":{\"@id\":\"https:\\\/\\\/www.gesmujer.org\\\/sitio\\\/#website\"},\"primaryImageOfPage\":{\"@id\":\"https:\\\/\\\/www.gesmujer.org\\\/sitio\\\/en-oaxaca-exigen-justicia-por-feminicidio-de-bertha-jose\\\/#primaryimage\"},\"image\":{\"@id\":\"https:\\\/\\\/www.gesmujer.org\\\/sitio\\\/en-oaxaca-exigen-justicia-por-feminicidio-de-bertha-jose\\\/#primaryimage\"},\"thumbnailUrl\":\"https:\\\/\\\/www.gesmujer.org\\\/sitio\\\/wp-content\\\/uploads\\\/2020\\\/12\\\/image_large.jpg\",\"datePublished\":\"2020-12-28T18:11:01+00:00\",\"dateModified\":\"2020-12-28T18:11:04+00:00\",\"breadcrumb\":{\"@id\":\"https:\\\/\\\/www.gesmujer.org\\\/sitio\\\/en-oaxaca-exigen-justicia-por-feminicidio-de-bertha-jose\\\/#breadcrumb\"},\"inLanguage\":\"es\",\"potentialAction\":[{\"@type\":\"ReadAction\",\"target\":[\"https:\\\/\\\/www.gesmujer.org\\\/sitio\\\/en-oaxaca-exigen-justicia-por-feminicidio-de-bertha-jose\\\/\"]}]},{\"@type\":\"ImageObject\",\"inLanguage\":\"es\",\"@id\":\"https:\\\/\\\/www.gesmujer.org\\\/sitio\\\/en-oaxaca-exigen-justicia-por-feminicidio-de-bertha-jose\\\/#primaryimage\",\"url\":\"https:\\\/\\\/www.gesmujer.org\\\/sitio\\\/wp-content\\\/uploads\\\/2020\\\/12\\\/image_large.jpg\",\"contentUrl\":\"https:\\\/\\\/www.gesmujer.org\\\/sitio\\\/wp-content\\\/uploads\\\/2020\\\/12\\\/image_large.jpg\",\"width\":838,\"height\":838},{\"@type\":\"BreadcrumbList\",\"@id\":\"https:\\\/\\\/www.gesmujer.org\\\/sitio\\\/en-oaxaca-exigen-justicia-por-feminicidio-de-bertha-jose\\\/#breadcrumb\",\"itemListElement\":[{\"@type\":\"ListItem\",\"position\":1,\"name\":\"Home\",\"item\":\"https:\\\/\\\/www.gesmujer.org\\\/sitio\\\/\"},{\"@type\":\"ListItem\",\"position\":2,\"name\":\"En Oaxaca exigen justicia por feminicidio de Bertha Jos\u00e9\"}]},{\"@type\":\"WebSite\",\"@id\":\"https:\\\/\\\/www.gesmujer.org\\\/sitio\\\/#website\",\"url\":\"https:\\\/\\\/www.gesmujer.org\\\/sitio\\\/\",\"name\":\"GESMujer \\\"Rosario Castellanos\\\"\",\"description\":\"M\u00e1s de 45 a\u00f1os ha llevado a cabo acciones para erradicar la violencia de g\u00e9nero y construir entornos donde las mujeres encuentren su resiliencia, incrementen su agencia y autonom\u00eda que les permita lograr su empoderamiento a trav\u00e9s de cinco l\u00edneas de acci\u00f3n.\",\"publisher\":{\"@id\":\"https:\\\/\\\/www.gesmujer.org\\\/sitio\\\/#organization\"},\"alternateName\":\"GESMujer\",\"potentialAction\":[{\"@type\":\"SearchAction\",\"target\":{\"@type\":\"EntryPoint\",\"urlTemplate\":\"https:\\\/\\\/www.gesmujer.org\\\/sitio\\\/?s={search_term_string}\"},\"query-input\":{\"@type\":\"PropertyValueSpecification\",\"valueRequired\":true,\"valueName\":\"search_term_string\"}}],\"inLanguage\":\"es\"},{\"@type\":\"Organization\",\"@id\":\"https:\\\/\\\/www.gesmujer.org\\\/sitio\\\/#organization\",\"name\":\"Grupo de estudios sobre la mujer Rosario Castellanos ac\",\"alternateName\":\"GESMujer\",\"url\":\"https:\\\/\\\/www.gesmujer.org\\\/sitio\\\/\",\"logo\":{\"@type\":\"ImageObject\",\"inLanguage\":\"es\",\"@id\":\"https:\\\/\\\/www.gesmujer.org\\\/sitio\\\/#\\\/schema\\\/logo\\\/image\\\/\",\"url\":\"https:\\\/\\\/www.gesmujer.org\\\/sitio\\\/wp-content\\\/uploads\\\/2026\\\/03\\\/Logo-GESMujer-300.png\",\"contentUrl\":\"https:\\\/\\\/www.gesmujer.org\\\/sitio\\\/wp-content\\\/uploads\\\/2026\\\/03\\\/Logo-GESMujer-300.png\",\"width\":300,\"height\":141,\"caption\":\"Grupo de estudios sobre la mujer Rosario Castellanos ac\"},\"image\":{\"@id\":\"https:\\\/\\\/www.gesmujer.org\\\/sitio\\\/#\\\/schema\\\/logo\\\/image\\\/\"},\"sameAs\":[\"https:\\\/\\\/www.facebook.com\\\/gesmujer.rosario.castellanos.ac\",\"https:\\\/\\\/x.com\\\/GES_Mujer\",\"https:\\\/\\\/www.instagram.com\\\/ges_mujer\\\/?hl=es\",\"https:\\\/\\\/www.youtube.com\\\/c\\\/GESMujerRosarioCastellanos\\\/videos\",\"https:\\\/\\\/soundcloud.com\\\/gesmujerac\",\"https:\\\/\\\/www.tiktok.com\\\/@gesmujer\"]},{\"@type\":\"Person\",\"@id\":\"https:\\\/\\\/www.gesmujer.org\\\/sitio\\\/#\\\/schema\\\/person\\\/50e03387f883646c2714c51783a7e288\",\"name\":\"cendoc\",\"image\":{\"@type\":\"ImageObject\",\"inLanguage\":\"es\",\"@id\":\"https:\\\/\\\/secure.gravatar.com\\\/avatar\\\/2f187338ccb33c33bc1b08e92e2247a6891db221398e12bbc0f5ff0cfc462495?s=96&d=mm&r=g\",\"url\":\"https:\\\/\\\/secure.gravatar.com\\\/avatar\\\/2f187338ccb33c33bc1b08e92e2247a6891db221398e12bbc0f5ff0cfc462495?s=96&d=mm&r=g\",\"contentUrl\":\"https:\\\/\\\/secure.gravatar.com\\\/avatar\\\/2f187338ccb33c33bc1b08e92e2247a6891db221398e12bbc0f5ff0cfc462495?s=96&d=mm&r=g\",\"caption\":\"cendoc\"},\"sameAs\":[\"http:\\\/\\\/gesmujer.org\"],\"url\":\"https:\\\/\\\/www.gesmujer.org\\\/sitio\\\/author\\\/cendoc\\\/\"}]}<\/script>\n<!-- \/ Yoast SEO plugin. -->","yoast_head_json":{"title":"En Oaxaca exigen justicia por feminicidio de Bertha Jos\u00e9 - GESMujer &quot;Rosario Castellanos&quot;","robots":{"index":"index","follow":"follow","max-snippet":"max-snippet:-1","max-image-preview":"max-image-preview:large","max-video-preview":"max-video-preview:-1"},"canonical":"https:\/\/www.gesmujer.org\/sitio\/en-oaxaca-exigen-justicia-por-feminicidio-de-bertha-jose\/","og_locale":"es_MX","og_type":"article","og_title":"En Oaxaca exigen justicia por feminicidio de Bertha Jos\u00e9","og_description":"Los familiares de la joven expresaron que es urgente que las autoridades de justicia localicen a su esposo, a qui\u00e9n responsabilizan como el principal sospechoso, adem\u00e1s solicitaron ayuda para poder recuperar la custodia de su hijo menor de edad.","og_url":"https:\/\/www.gesmujer.org\/sitio\/en-oaxaca-exigen-justicia-por-feminicidio-de-bertha-jose\/","og_site_name":"GESMujer &quot;Rosario Castellanos&quot;","article_publisher":"https:\/\/www.facebook.com\/gesmujer.rosario.castellanos.ac","article_published_time":"2020-12-28T18:11:01+00:00","article_modified_time":"2020-12-28T18:11:04+00:00","og_image":[{"width":838,"height":838,"url":"https:\/\/www.gesmujer.org\/sitio\/wp-content\/uploads\/2020\/12\/image_large.jpg","type":"image\/jpeg"}],"author":"cendoc","twitter_card":"summary_large_image","twitter_title":"En Oaxaca exigen justicia por feminicidio de Bertha Jos\u00e9","twitter_description":"Los familiares de la joven expresaron que es urgente que las autoridades de justicia localicen a su esposo, a qui\u00e9n responsabilizan como el principal sospechoso, adem\u00e1s solicitaron ayuda para poder recuperar la custodia de su hijo menor de edad.","twitter_image":"https:\/\/www.gesmujer.org\/sitio\/wp-content\/uploads\/2020\/12\/image_large.jpg","twitter_creator":"@GES_Mujer","twitter_site":"@GES_Mujer","twitter_misc":{"Escrito por":"cendoc","Tiempo de lectura":"3 minutos"},"schema":{"@context":"https:\/\/schema.org","@graph":[{"@type":"Article","@id":"https:\/\/www.gesmujer.org\/sitio\/en-oaxaca-exigen-justicia-por-feminicidio-de-bertha-jose\/#article","isPartOf":{"@id":"https:\/\/www.gesmujer.org\/sitio\/en-oaxaca-exigen-justicia-por-feminicidio-de-bertha-jose\/"},"author":{"name":"cendoc","@id":"https:\/\/www.gesmujer.org\/sitio\/#\/schema\/person\/50e03387f883646c2714c51783a7e288"},"headline":"En Oaxaca exigen justicia por feminicidio de Bertha Jos\u00e9","datePublished":"2020-12-28T18:11:01+00:00","dateModified":"2020-12-28T18:11:04+00:00","mainEntityOfPage":{"@id":"https:\/\/www.gesmujer.org\/sitio\/en-oaxaca-exigen-justicia-por-feminicidio-de-bertha-jose\/"},"wordCount":525,"publisher":{"@id":"https:\/\/www.gesmujer.org\/sitio\/#organization"},"image":{"@id":"https:\/\/www.gesmujer.org\/sitio\/en-oaxaca-exigen-justicia-por-feminicidio-de-bertha-jose\/#primaryimage"},"thumbnailUrl":"https:\/\/www.gesmujer.org\/sitio\/wp-content\/uploads\/2020\/12\/image_large.jpg","articleSection":["NOTAS","NOTICIAS","portada"],"inLanguage":"es"},{"@type":"WebPage","@id":"https:\/\/www.gesmujer.org\/sitio\/en-oaxaca-exigen-justicia-por-feminicidio-de-bertha-jose\/","url":"https:\/\/www.gesmujer.org\/sitio\/en-oaxaca-exigen-justicia-por-feminicidio-de-bertha-jose\/","name":"En Oaxaca exigen justicia por feminicidio de Bertha Jos\u00e9 - GESMujer &quot;Rosario Castellanos&quot;","isPartOf":{"@id":"https:\/\/www.gesmujer.org\/sitio\/#website"},"primaryImageOfPage":{"@id":"https:\/\/www.gesmujer.org\/sitio\/en-oaxaca-exigen-justicia-por-feminicidio-de-bertha-jose\/#primaryimage"},"image":{"@id":"https:\/\/www.gesmujer.org\/sitio\/en-oaxaca-exigen-justicia-por-feminicidio-de-bertha-jose\/#primaryimage"},"thumbnailUrl":"https:\/\/www.gesmujer.org\/sitio\/wp-content\/uploads\/2020\/12\/image_large.jpg","datePublished":"2020-12-28T18:11:01+00:00","dateModified":"2020-12-28T18:11:04+00:00","breadcrumb":{"@id":"https:\/\/www.gesmujer.org\/sitio\/en-oaxaca-exigen-justicia-por-feminicidio-de-bertha-jose\/#breadcrumb"},"inLanguage":"es","potentialAction":[{"@type":"ReadAction","target":["https:\/\/www.gesmujer.org\/sitio\/en-oaxaca-exigen-justicia-por-feminicidio-de-bertha-jose\/"]}]},{"@type":"ImageObject","inLanguage":"es","@id":"https:\/\/www.gesmujer.org\/sitio\/en-oaxaca-exigen-justicia-por-feminicidio-de-bertha-jose\/#primaryimage","url":"https:\/\/www.gesmujer.org\/sitio\/wp-content\/uploads\/2020\/12\/image_large.jpg","contentUrl":"https:\/\/www.gesmujer.org\/sitio\/wp-content\/uploads\/2020\/12\/image_large.jpg","width":838,"height":838},{"@type":"BreadcrumbList","@id":"https:\/\/www.gesmujer.org\/sitio\/en-oaxaca-exigen-justicia-por-feminicidio-de-bertha-jose\/#breadcrumb","itemListElement":[{"@type":"ListItem","position":1,"name":"Home","item":"https:\/\/www.gesmujer.org\/sitio\/"},{"@type":"ListItem","position":2,"name":"En Oaxaca exigen justicia por feminicidio de Bertha Jos\u00e9"}]},{"@type":"WebSite","@id":"https:\/\/www.gesmujer.org\/sitio\/#website","url":"https:\/\/www.gesmujer.org\/sitio\/","name":"GESMujer \"Rosario Castellanos\"","description":"M\u00e1s de 45 a\u00f1os ha llevado a cabo acciones para erradicar la violencia de g\u00e9nero y construir entornos donde las mujeres encuentren su resiliencia, incrementen su agencia y autonom\u00eda que les permita lograr su empoderamiento a trav\u00e9s de cinco l\u00edneas de acci\u00f3n.","publisher":{"@id":"https:\/\/www.gesmujer.org\/sitio\/#organization"},"alternateName":"GESMujer","potentialAction":[{"@type":"SearchAction","target":{"@type":"EntryPoint","urlTemplate":"https:\/\/www.gesmujer.org\/sitio\/?s={search_term_string}"},"query-input":{"@type":"PropertyValueSpecification","valueRequired":true,"valueName":"search_term_string"}}],"inLanguage":"es"},{"@type":"Organization","@id":"https:\/\/www.gesmujer.org\/sitio\/#organization","name":"Grupo de estudios sobre la mujer Rosario Castellanos ac","alternateName":"GESMujer","url":"https:\/\/www.gesmujer.org\/sitio\/","logo":{"@type":"ImageObject","inLanguage":"es","@id":"https:\/\/www.gesmujer.org\/sitio\/#\/schema\/logo\/image\/","url":"https:\/\/www.gesmujer.org\/sitio\/wp-content\/uploads\/2026\/03\/Logo-GESMujer-300.png","contentUrl":"https:\/\/www.gesmujer.org\/sitio\/wp-content\/uploads\/2026\/03\/Logo-GESMujer-300.png","width":300,"height":141,"caption":"Grupo de estudios sobre la mujer Rosario Castellanos ac"},"image":{"@id":"https:\/\/www.gesmujer.org\/sitio\/#\/schema\/logo\/image\/"},"sameAs":["https:\/\/www.facebook.com\/gesmujer.rosario.castellanos.ac","https:\/\/x.com\/GES_Mujer","https:\/\/www.instagram.com\/ges_mujer\/?hl=es","https:\/\/www.youtube.com\/c\/GESMujerRosarioCastellanos\/videos","https:\/\/soundcloud.com\/gesmujerac","https:\/\/www.tiktok.com\/@gesmujer"]},{"@type":"Person","@id":"https:\/\/www.gesmujer.org\/sitio\/#\/schema\/person\/50e03387f883646c2714c51783a7e288","name":"cendoc","image":{"@type":"ImageObject","inLanguage":"es","@id":"https:\/\/secure.gravatar.com\/avatar\/2f187338ccb33c33bc1b08e92e2247a6891db221398e12bbc0f5ff0cfc462495?s=96&d=mm&r=g","url":"https:\/\/secure.gravatar.com\/avatar\/2f187338ccb33c33bc1b08e92e2247a6891db221398e12bbc0f5ff0cfc462495?s=96&d=mm&r=g","contentUrl":"https:\/\/secure.gravatar.com\/avatar\/2f187338ccb33c33bc1b08e92e2247a6891db221398e12bbc0f5ff0cfc462495?s=96&d=mm&r=g","caption":"cendoc"},"sameAs":["http:\/\/gesmujer.org"],"url":"https:\/\/www.gesmujer.org\/sitio\/author\/cendoc\/"}]}},"_links":{"self":[{"href":"https:\/\/www.gesmujer.org\/sitio\/wp-json\/wp\/v2\/posts\/6307","targetHints":{"allow":["GET"]}}],"collection":[{"href":"https:\/\/www.gesmujer.org\/sitio\/wp-json\/wp\/v2\/posts"}],"about":[{"href":"https:\/\/www.gesmujer.org\/sitio\/wp-json\/wp\/v2\/types\/post"}],"author":[{"embeddable":true,"href":"https:\/\/www.gesmujer.org\/sitio\/wp-json\/wp\/v2\/users\/4"}],"replies":[{"embeddable":true,"href":"https:\/\/www.gesmujer.org\/sitio\/wp-json\/wp\/v2\/comments?post=6307"}],"version-history":[{"count":1,"href":"https:\/\/www.gesmujer.org\/sitio\/wp-json\/wp\/v2\/posts\/6307\/revisions"}],"predecessor-version":[{"id":6309,"href":"https:\/\/www.gesmujer.org\/sitio\/wp-json\/wp\/v2\/posts\/6307\/revisions\/6309"}],"wp:featuredmedia":[{"embeddable":true,"href":"https:\/\/www.gesmujer.org\/sitio\/wp-json\/wp\/v2\/media\/6308"}],"wp:attachment":[{"href":"https:\/\/www.gesmujer.org\/sitio\/wp-json\/wp\/v2\/media?parent=6307"}],"wp:term":[{"taxonomy":"category","embeddable":true,"href":"https:\/\/www.gesmujer.org\/sitio\/wp-json\/wp\/v2\/categories?post=6307"},{"taxonomy":"post_tag","embeddable":true,"href":"https:\/\/www.gesmujer.org\/sitio\/wp-json\/wp\/v2\/tags?post=6307"}],"curies":[{"name":"wp","href":"https:\/\/api.w.org\/{rel}","templated":true}]}}