{"id":6414,"date":"2021-02-22T12:12:52","date_gmt":"2021-02-22T18:12:52","guid":{"rendered":"https:\/\/www.gesmujer.org\/web\/?p=6414"},"modified":"2021-02-22T12:12:57","modified_gmt":"2021-02-22T18:12:57","slug":"violencia-de-genero-no-atendida-da-pie-a-feminicidios-gesmujer","status":"publish","type":"post","link":"https:\/\/www.gesmujer.org\/sitio\/?p=6414","title":{"rendered":"Violencia de g\u00e9nero no atendida da pie a feminicidios: GESMujer"},"content":{"rendered":"\n<p><strong>Lunes 22 de febrero de 2021<\/strong><\/p>\n\n\n\n<p>La violencia hacia las mujeres y las ni\u00f1as no es normal, detectar y atenderla a tiempo debe ser una prioridad de las instancias p\u00fablicas de prevenci\u00f3n, atenci\u00f3n y sanci\u00f3n de la violencia basada en el g\u00e9nero, pues de no hacerlo la violencia crece en frecuencia e intensidad y puede llegar incluso hasta el feminicidio.<\/p>\n\n\n\n<p>De acuerdo al monitoreo de violencia feminicida del Grupo de estudios sobre la mujer Rosario Castellanos, 295 ni\u00f1as y mujeres han sido asesinadas de manera violenta desde la declaratoria de alerta por violencia de g\u00e9nero en Oaxaca, 15 en lo que va del a\u00f1o, incluyendo los indignantes feminicidios de Elizabeth y Carolina, ocurridos en Salina Cruz y Juchit\u00e1n respectivamente.<\/p>\n\n\n\n<p>De acuerdo a nuestros registros, en lo que va del a\u00f1o, el 27 por ciento de los asesinatos violentos han ocurrido en la propia casa de las v\u00edctimas y en el caso de Carolina, muri\u00f3 en el hospital despu\u00e9s de haber sido fuertemente golpeada en su hogar por su pareja sentimental.<\/p>\n\n\n\n<p>En el Grupo de estudios sobre la mujer Rosario Castellanos se brindan asesor\u00edas psicol\u00f3gicas y legales a mujeres que viven alguna de las formas de violencia. Durante la pandemia por COVID-19 se increment\u00f3 el nivel de riesgo, por lo que fue necesario recurrir a mecanismos jur\u00eddicos de protecci\u00f3n para salvaguardar la integridad y la vida de las mujeres. Desafortunadamente uno de los principales obst\u00e1culos encontrados fue el desconocimiento o falta de aplicaci\u00f3n de las \u00f3rdenes de protecci\u00f3n en algunas instancias.<\/p>\n\n\n\n<p>\u00bfDe las 295 mujeres y ni\u00f1as asesinadas de manera violenta desde la declaratoria de alerta por violencia de g\u00e9nero en Oaxaca solicit\u00f3 una orden de protecci\u00f3n?, \u00bfle fue otorgada?, \u00bfse identific\u00f3 su nivel de riesgo de violencia?, nos preguntamos en el Grupo de estudios sobre la mujer Rosario Castellanos.<\/p>\n\n\n\n<p>Reconocemos la importancia de socializar informaci\u00f3n que contribuya a empoderar a la ciudadan\u00eda, a sumar esfuerzos y voluntades para la protecci\u00f3n de los derechos humanos de las ni\u00f1as y las mujeres, por ello en el mes de febrero se imparti\u00f3 de manera virtual un taller sobre \u00f3rdenes de protecci\u00f3n, que son mecanismos que tienen una fundamentaci\u00f3n legal y se otorgan para proteger la integridad y la vida de v\u00edctimas de violencia basada en el g\u00e9nero<\/p>\n\n\n\n<p>La respuesta a la convocatoria fue muy positiva, lo que significa que hay un profundo inter\u00e9s en ser parte de las soluciones ante los elevados niveles de violencia de g\u00e9nero y violencia feminicida.<\/p>\n\n\n\n<p>Durante las dos sesiones de trabajo virtual se dio respuesta a preguntas como: \u00bfQu\u00e9 es una orden de protecci\u00f3n y para qu\u00e9 sirve?, \u00bfEn que se fundamenta? \u00bfQui\u00e9n puede solicitar una orden de protecci\u00f3n? \u00bfQui\u00e9n puede otorgar una orden de protecci\u00f3n?, as\u00ed como las diferencias en la legislaci\u00f3n sobre las \u00f3rdenes de protecci\u00f3n y su temporalidad, los temas fueron abordados con perspectiva de g\u00e9nero.<\/p>\n\n\n\n<p>Por citar algunos datos, se registraron 60 personas, de las cuales el 53 por ciento declararon pertenecer a pueblos y comunidades ind\u00edgenas, el 45 por ciento ser hablantes solo del espa\u00f1ol y el 2 por ciento integrantes de comunidades afrodescendientes.<\/p>\n\n\n\n<p>Entre las personas participantes asistieron abogadas, abogados, estudiantes de derecho, servidores\/as p\u00fablicas, personas dedicadas a la consultor\u00eda, as\u00ed como amas de casa, de los municipios de Oaxaca de Ju\u00e1rez, Huautla de Jim\u00e9nez, Loma Bonita, Tuxtepec, Santa Cruz Xoxocoltl\u00e1n, Tlacolula, San Pablo Huixtepec, entre otros municipios.<\/p>\n\n\n\n<p>Durante las sesiones de trabajo se plantearon dudas, as\u00ed como experiencias ante la solicitud de dicho mecanismo, obst\u00e1culos y alternativas. No obstante que el tema central fue sobre las \u00f3rdenes de protecci\u00f3n, se gener\u00f3 un espacio en el cual se plantearon situaciones delicadas.<br>Entre esas situaciones abordadas se encuentra la falta de atenci\u00f3n por parte de las unidades policiacas ante las llamadas de emergencia por violencia familiar y la re-victimizaci\u00f3n a la que se enfrentan las mujeres cu\u00e1ndo desean interponer una denuncia.<\/p>\n\n\n\n<p>En las conclusiones se hizo \u00e9nfasis en la necesidad de que las \u00f3rdenes de protecci\u00f3n sean eficaces, en que se deben conocer los riesgos y necesidades particulares de una mujer o ni\u00f1a para determinar si la medida es o no apta protegerla y por principio debe presumirse la buena fe de la v\u00edctima y creer en su dicho. Adem\u00e1s, de qu\u00e9 durante la atenci\u00f3n, no se debe re \u2013 victimizarlas o responsabilizarlas por su situaci\u00f3n de vivir violencia.<\/p>\n\n\n\n<p>La violencia feminicida es una herida social que nos afecta a todas y todos, para avanzar hacia su erradicaci\u00f3n se requiere la actuaci\u00f3n profesional de las instancias de administraci\u00f3n y procuraci\u00f3n de justicia y como Grupo de estudios sobre la mujer Rosario Castellanos seguiremos exigiendo su cumplimiento y adem\u00e1s contribuyendo con aportes de formaci\u00f3n a empoderar a las personas para generar una red de apoyo, que nos fortalezca como ciudadan\u00eda para ejercer nuestro derecho a vivir libres de todas las formas de violencia.<\/p>\n","protected":false},"excerpt":{"rendered":"<p>Lunes 22 de febrero de 2021 La violencia hacia las mujeres y las ni\u00f1as no es normal, detectar y atenderla a tiempo debe ser una prioridad de las instancias p\u00fablicas de prevenci\u00f3n, atenci\u00f3n y sanci\u00f3n de la violencia basada en el g\u00e9nero, pues de no hacerlo la violencia crece en frecuencia e intensidad y puede [&hellip;]<\/p>\n","protected":false},"author":4,"featured_media":6415,"comment_status":"closed","ping_status":"open","sticky":false,"template":"","format":"standard","meta":{"footnotes":""},"categories":[36,3],"tags":[],"class_list":["post-6414","post","type-post","status-publish","format-standard","has-post-thumbnail","hentry","category-comunicados","category-portada"],"_links":{"self":[{"href":"https:\/\/www.gesmujer.org\/sitio\/index.php?rest_route=\/wp\/v2\/posts\/6414","targetHints":{"allow":["GET"]}}],"collection":[{"href":"https:\/\/www.gesmujer.org\/sitio\/index.php?rest_route=\/wp\/v2\/posts"}],"about":[{"href":"https:\/\/www.gesmujer.org\/sitio\/index.php?rest_route=\/wp\/v2\/types\/post"}],"author":[{"embeddable":true,"href":"https:\/\/www.gesmujer.org\/sitio\/index.php?rest_route=\/wp\/v2\/users\/4"}],"replies":[{"embeddable":true,"href":"https:\/\/www.gesmujer.org\/sitio\/index.php?rest_route=%2Fwp%2Fv2%2Fcomments&post=6414"}],"version-history":[{"count":1,"href":"https:\/\/www.gesmujer.org\/sitio\/index.php?rest_route=\/wp\/v2\/posts\/6414\/revisions"}],"predecessor-version":[{"id":6416,"href":"https:\/\/www.gesmujer.org\/sitio\/index.php?rest_route=\/wp\/v2\/posts\/6414\/revisions\/6416"}],"wp:featuredmedia":[{"embeddable":true,"href":"https:\/\/www.gesmujer.org\/sitio\/index.php?rest_route=\/wp\/v2\/media\/6415"}],"wp:attachment":[{"href":"https:\/\/www.gesmujer.org\/sitio\/index.php?rest_route=%2Fwp%2Fv2%2Fmedia&parent=6414"}],"wp:term":[{"taxonomy":"category","embeddable":true,"href":"https:\/\/www.gesmujer.org\/sitio\/index.php?rest_route=%2Fwp%2Fv2%2Fcategories&post=6414"},{"taxonomy":"post_tag","embeddable":true,"href":"https:\/\/www.gesmujer.org\/sitio\/index.php?rest_route=%2Fwp%2Fv2%2Ftags&post=6414"}],"curies":[{"name":"wp","href":"https:\/\/api.w.org\/{rel}","templated":true}]}}