{"id":6423,"date":"2021-03-03T14:53:50","date_gmt":"2021-03-03T20:53:50","guid":{"rendered":"https:\/\/www.gesmujer.org\/web\/?p=6423"},"modified":"2021-03-03T14:53:53","modified_gmt":"2021-03-03T20:53:53","slug":"invita-gesmujer-a-serie-de-charlas","status":"publish","type":"post","link":"https:\/\/www.gesmujer.org\/sitio\/invita-gesmujer-a-serie-de-charlas\/","title":{"rendered":"Invita GESMujer a serie de charlas"},"content":{"rendered":"\n<p>Guadalupe Espinoza, Mi\u00e8rcoles 03 de marzo de 2021, Diario Marca.- El Grupo de\u00a0 estudios sobre la mujer \u201cRosario Castellanos\u201d A.C. GESMujer, ha organizado un ciclo de Video \u2013 charlas sobre este tema, enfocado en la seguridad y apropiaci\u00f3n digital de las mujeres en<br>los medios digitales, ya que de acuerdo a\u00a0 datos de la Organizaci\u00f3n Mundial de las Naciones Unidas, en M\u00e9xico m\u00e1s de 9 millones de mujeres son v\u00edctimas de violencia digital.<\/p>\n\n\n\n<p>n este sentido, la doctora y directora acad\u00e9mica del Centro de Ense\u00f1anza e<br>Investigaci\u00f3n Aplicada del GESMujer, Soledad Venegas Nava, refiri\u00f3 que la violencia digital limita el ejercicio de los derechos esenciales de mujeres y ni\u00f1as para su pleno desarrollo, como el derecho a la libertad de expresi\u00f3n, a la informaci\u00f3n y a la no discriminaci\u00f3n.<\/p>\n\n\n\n<p>Toda vez de que dijo, que&nbsp; se ha demostrado que despu\u00e9s de sufrir ciberacoso, las mujeres&nbsp; disminuyen severamente su participaci\u00f3n en el uso de tecnolog\u00edas.<\/p>\n\n\n\n<p>\u201cAunque los grupos de mujeres hemos estado hablando hace tiempo del tema, la pandemia ha revelado la urgencia de analizar el uso de la tecnolog\u00eda digital, ya que hay informes que nos muestran que el 73 % de mujeres en el mundo han experimentado alg\u00fan tipo de violencia en l\u00ednea\u201d, expres\u00f3 Venegas Nava.<\/p>\n\n\n\n<p>Cabe mencionar, que para este ciclo de charlas se contar\u00e1 con especialistas nacionales e internacionales, investigadoras, ciberfeministas, tecn\u00f3logas y hackers que mostrar\u00e1n la realidad en los entornos digitales en relaci\u00f3n con las mujeres y la violencia en la regi\u00f3n.<\/p>\n\n\n\n<p>Tambi\u00e9n proporcionar\u00e1n herramientas y estrategias para frenar este grave problema que cada vez m\u00e1s se potencia en la era digital.<\/p>\n\n\n\n<p><br>Los video charlas ser\u00e1n cada mi\u00e9rcoles del mes de marzo, en punto de las cinco de la tarde a trav\u00e9s de la fan page del GESMujer <a href=\"https:\/\/www.facebook.com\/gesmujer.rosario.castellanos.ac\" target=\"_blank\" rel=\"noreferrer noopener\">https:\/\/www.facebook.com\/gesmujer.rosario.castellanos.ac<\/a><\/p>\n\n\n\n<p>Fuente: https:\/\/www.diariomarca.com.mx\/2021\/03\/invita-gesmujer-a-serie-de-charlas\/<\/p>\n","protected":false},"excerpt":{"rendered":"<p>Guadalupe Espinoza, Mi\u00e8rcoles 03 de marzo de 2021, Diario Marca.- El Grupo de\u00a0 estudios sobre la mujer \u201cRosario Castellanos\u201d A.C. GESMujer, ha organizado un ciclo de Video \u2013 charlas sobre este tema, enfocado en la seguridad y apropiaci\u00f3n digital de las mujeres enlos medios digitales, ya que de acuerdo a\u00a0 datos de la Organizaci\u00f3n Mundial [&hellip;]<\/p>\n","protected":false},"author":4,"featured_media":6424,"comment_status":"closed","ping_status":"open","sticky":false,"template":"","format":"standard","meta":{"give_campaign_id":0,"footnotes":""},"categories":[91,32,3],"tags":[],"class_list":["post-6423","post","type-post","status-publish","format-standard","has-post-thumbnail","hentry","category-notas","category-novedades","category-portada"],"yoast_head":"<!-- This site is optimized with the Yoast SEO plugin v27.4 - https:\/\/yoast.com\/product\/yoast-seo-wordpress\/ -->\n<title>Invita GESMujer a serie de charlas - GESMujer &quot;Rosario Castellanos&quot;<\/title>\n<meta name=\"robots\" content=\"index, follow, max-snippet:-1, max-image-preview:large, max-video-preview:-1\" \/>\n<link rel=\"canonical\" href=\"https:\/\/www.gesmujer.org\/sitio\/invita-gesmujer-a-serie-de-charlas\/\" \/>\n<meta property=\"og:locale\" content=\"es_MX\" \/>\n<meta property=\"og:type\" content=\"article\" \/>\n<meta property=\"og:title\" content=\"Invita GESMujer a serie de charlas\" \/>\n<meta property=\"og:description\" content=\"El Grupo de estudios sobre la mujer \u201cRosario Castellanos\u201d A.C. GESMujer, ha organizado un ciclo de videocharlas sobre este tema, enfocado en la seguridad y apropiaci\u00f3n digital de las mujeres enlos medios digitales.\" \/>\n<meta property=\"og:url\" content=\"https:\/\/www.gesmujer.org\/sitio\/invita-gesmujer-a-serie-de-charlas\/\" \/>\n<meta property=\"og:site_name\" content=\"GESMujer &quot;Rosario Castellanos&quot;\" \/>\n<meta property=\"article:publisher\" content=\"https:\/\/www.facebook.com\/gesmujer.rosario.castellanos.ac\" \/>\n<meta property=\"article:published_time\" content=\"2021-03-03T20:53:50+00:00\" \/>\n<meta property=\"article:modified_time\" content=\"2021-03-03T20:53:53+00:00\" \/>\n<meta property=\"og:image\" content=\"https:\/\/www.gesmujer.org\/sitio\/wp-content\/uploads\/2021\/03\/1-12.jpg\" \/>\n\t<meta property=\"og:image:width\" content=\"700\" \/>\n\t<meta property=\"og:image:height\" content=\"934\" \/>\n\t<meta property=\"og:image:type\" content=\"image\/jpeg\" \/>\n<meta name=\"author\" content=\"cendoc\" \/>\n<meta name=\"twitter:card\" content=\"summary_large_image\" \/>\n<meta name=\"twitter:title\" content=\"Invita GESMujer a serie de charlas\" \/>\n<meta name=\"twitter:description\" content=\"El Grupo de estudios sobre la mujer \u201cRosario Castellanos\u201d A.C. GESMujer, ha organizado un ciclo de videocharlas sobre este tema, enfocado en la seguridad y apropiaci\u00f3n digital de las mujeres enlos medios digitales.\" \/>\n<meta name=\"twitter:image\" content=\"https:\/\/www.gesmujer.org\/sitio\/wp-content\/uploads\/2021\/03\/1-12.jpg\" \/>\n<meta name=\"twitter:creator\" content=\"@GES_Mujer\" \/>\n<meta name=\"twitter:site\" content=\"@GES_Mujer\" \/>\n<meta name=\"twitter:label1\" content=\"Escrito por\" \/>\n\t<meta name=\"twitter:data1\" content=\"cendoc\" \/>\n\t<meta name=\"twitter:label2\" content=\"Tiempo de lectura\" \/>\n\t<meta name=\"twitter:data2\" content=\"2 minutos\" \/>\n<script type=\"application\/ld+json\" class=\"yoast-schema-graph\">{\"@context\":\"https:\\\/\\\/schema.org\",\"@graph\":[{\"@type\":\"Article\",\"@id\":\"https:\\\/\\\/www.gesmujer.org\\\/sitio\\\/invita-gesmujer-a-serie-de-charlas\\\/#article\",\"isPartOf\":{\"@id\":\"https:\\\/\\\/www.gesmujer.org\\\/sitio\\\/invita-gesmujer-a-serie-de-charlas\\\/\"},\"author\":{\"name\":\"cendoc\",\"@id\":\"https:\\\/\\\/www.gesmujer.org\\\/sitio\\\/#\\\/schema\\\/person\\\/50e03387f883646c2714c51783a7e288\"},\"headline\":\"Invita GESMujer a serie de charlas\",\"datePublished\":\"2021-03-03T20:53:50+00:00\",\"dateModified\":\"2021-03-03T20:53:53+00:00\",\"mainEntityOfPage\":{\"@id\":\"https:\\\/\\\/www.gesmujer.org\\\/sitio\\\/invita-gesmujer-a-serie-de-charlas\\\/\"},\"wordCount\":338,\"publisher\":{\"@id\":\"https:\\\/\\\/www.gesmujer.org\\\/sitio\\\/#organization\"},\"image\":{\"@id\":\"https:\\\/\\\/www.gesmujer.org\\\/sitio\\\/invita-gesmujer-a-serie-de-charlas\\\/#primaryimage\"},\"thumbnailUrl\":\"https:\\\/\\\/www.gesmujer.org\\\/sitio\\\/wp-content\\\/uploads\\\/2021\\\/03\\\/1-12.jpg\",\"articleSection\":[\"NOTAS\",\"NOTICIAS\",\"portada\"],\"inLanguage\":\"es\"},{\"@type\":\"WebPage\",\"@id\":\"https:\\\/\\\/www.gesmujer.org\\\/sitio\\\/invita-gesmujer-a-serie-de-charlas\\\/\",\"url\":\"https:\\\/\\\/www.gesmujer.org\\\/sitio\\\/invita-gesmujer-a-serie-de-charlas\\\/\",\"name\":\"Invita GESMujer a serie de charlas - GESMujer &quot;Rosario Castellanos&quot;\",\"isPartOf\":{\"@id\":\"https:\\\/\\\/www.gesmujer.org\\\/sitio\\\/#website\"},\"primaryImageOfPage\":{\"@id\":\"https:\\\/\\\/www.gesmujer.org\\\/sitio\\\/invita-gesmujer-a-serie-de-charlas\\\/#primaryimage\"},\"image\":{\"@id\":\"https:\\\/\\\/www.gesmujer.org\\\/sitio\\\/invita-gesmujer-a-serie-de-charlas\\\/#primaryimage\"},\"thumbnailUrl\":\"https:\\\/\\\/www.gesmujer.org\\\/sitio\\\/wp-content\\\/uploads\\\/2021\\\/03\\\/1-12.jpg\",\"datePublished\":\"2021-03-03T20:53:50+00:00\",\"dateModified\":\"2021-03-03T20:53:53+00:00\",\"breadcrumb\":{\"@id\":\"https:\\\/\\\/www.gesmujer.org\\\/sitio\\\/invita-gesmujer-a-serie-de-charlas\\\/#breadcrumb\"},\"inLanguage\":\"es\",\"potentialAction\":[{\"@type\":\"ReadAction\",\"target\":[\"https:\\\/\\\/www.gesmujer.org\\\/sitio\\\/invita-gesmujer-a-serie-de-charlas\\\/\"]}]},{\"@type\":\"ImageObject\",\"inLanguage\":\"es\",\"@id\":\"https:\\\/\\\/www.gesmujer.org\\\/sitio\\\/invita-gesmujer-a-serie-de-charlas\\\/#primaryimage\",\"url\":\"https:\\\/\\\/www.gesmujer.org\\\/sitio\\\/wp-content\\\/uploads\\\/2021\\\/03\\\/1-12.jpg\",\"contentUrl\":\"https:\\\/\\\/www.gesmujer.org\\\/sitio\\\/wp-content\\\/uploads\\\/2021\\\/03\\\/1-12.jpg\",\"width\":700,\"height\":934},{\"@type\":\"BreadcrumbList\",\"@id\":\"https:\\\/\\\/www.gesmujer.org\\\/sitio\\\/invita-gesmujer-a-serie-de-charlas\\\/#breadcrumb\",\"itemListElement\":[{\"@type\":\"ListItem\",\"position\":1,\"name\":\"Home\",\"item\":\"https:\\\/\\\/www.gesmujer.org\\\/sitio\\\/\"},{\"@type\":\"ListItem\",\"position\":2,\"name\":\"Invita GESMujer a serie de charlas\"}]},{\"@type\":\"WebSite\",\"@id\":\"https:\\\/\\\/www.gesmujer.org\\\/sitio\\\/#website\",\"url\":\"https:\\\/\\\/www.gesmujer.org\\\/sitio\\\/\",\"name\":\"GESMujer \\\"Rosario Castellanos\\\"\",\"description\":\"M\u00e1s de 45 a\u00f1os ha llevado a cabo acciones para erradicar la violencia de g\u00e9nero y construir entornos donde las mujeres encuentren su resiliencia, incrementen su agencia y autonom\u00eda que les permita lograr su empoderamiento a trav\u00e9s de cinco l\u00edneas de acci\u00f3n.\",\"publisher\":{\"@id\":\"https:\\\/\\\/www.gesmujer.org\\\/sitio\\\/#organization\"},\"alternateName\":\"GESMujer\",\"potentialAction\":[{\"@type\":\"SearchAction\",\"target\":{\"@type\":\"EntryPoint\",\"urlTemplate\":\"https:\\\/\\\/www.gesmujer.org\\\/sitio\\\/?s={search_term_string}\"},\"query-input\":{\"@type\":\"PropertyValueSpecification\",\"valueRequired\":true,\"valueName\":\"search_term_string\"}}],\"inLanguage\":\"es\"},{\"@type\":\"Organization\",\"@id\":\"https:\\\/\\\/www.gesmujer.org\\\/sitio\\\/#organization\",\"name\":\"Grupo de estudios sobre la mujer Rosario Castellanos ac\",\"alternateName\":\"GESMujer\",\"url\":\"https:\\\/\\\/www.gesmujer.org\\\/sitio\\\/\",\"logo\":{\"@type\":\"ImageObject\",\"inLanguage\":\"es\",\"@id\":\"https:\\\/\\\/www.gesmujer.org\\\/sitio\\\/#\\\/schema\\\/logo\\\/image\\\/\",\"url\":\"https:\\\/\\\/www.gesmujer.org\\\/sitio\\\/wp-content\\\/uploads\\\/2026\\\/03\\\/Logo-GESMujer-300.png\",\"contentUrl\":\"https:\\\/\\\/www.gesmujer.org\\\/sitio\\\/wp-content\\\/uploads\\\/2026\\\/03\\\/Logo-GESMujer-300.png\",\"width\":300,\"height\":141,\"caption\":\"Grupo de estudios sobre la mujer Rosario Castellanos ac\"},\"image\":{\"@id\":\"https:\\\/\\\/www.gesmujer.org\\\/sitio\\\/#\\\/schema\\\/logo\\\/image\\\/\"},\"sameAs\":[\"https:\\\/\\\/www.facebook.com\\\/gesmujer.rosario.castellanos.ac\",\"https:\\\/\\\/x.com\\\/GES_Mujer\",\"https:\\\/\\\/www.instagram.com\\\/ges_mujer\\\/?hl=es\",\"https:\\\/\\\/www.youtube.com\\\/c\\\/GESMujerRosarioCastellanos\\\/videos\",\"https:\\\/\\\/soundcloud.com\\\/gesmujerac\",\"https:\\\/\\\/www.tiktok.com\\\/@gesmujer\"]},{\"@type\":\"Person\",\"@id\":\"https:\\\/\\\/www.gesmujer.org\\\/sitio\\\/#\\\/schema\\\/person\\\/50e03387f883646c2714c51783a7e288\",\"name\":\"cendoc\",\"image\":{\"@type\":\"ImageObject\",\"inLanguage\":\"es\",\"@id\":\"https:\\\/\\\/secure.gravatar.com\\\/avatar\\\/2f187338ccb33c33bc1b08e92e2247a6891db221398e12bbc0f5ff0cfc462495?s=96&d=mm&r=g\",\"url\":\"https:\\\/\\\/secure.gravatar.com\\\/avatar\\\/2f187338ccb33c33bc1b08e92e2247a6891db221398e12bbc0f5ff0cfc462495?s=96&d=mm&r=g\",\"contentUrl\":\"https:\\\/\\\/secure.gravatar.com\\\/avatar\\\/2f187338ccb33c33bc1b08e92e2247a6891db221398e12bbc0f5ff0cfc462495?s=96&d=mm&r=g\",\"caption\":\"cendoc\"},\"sameAs\":[\"http:\\\/\\\/gesmujer.org\"],\"url\":\"https:\\\/\\\/www.gesmujer.org\\\/sitio\\\/author\\\/cendoc\\\/\"}]}<\/script>\n<!-- \/ Yoast SEO plugin. -->","yoast_head_json":{"title":"Invita GESMujer a serie de charlas - GESMujer &quot;Rosario Castellanos&quot;","robots":{"index":"index","follow":"follow","max-snippet":"max-snippet:-1","max-image-preview":"max-image-preview:large","max-video-preview":"max-video-preview:-1"},"canonical":"https:\/\/www.gesmujer.org\/sitio\/invita-gesmujer-a-serie-de-charlas\/","og_locale":"es_MX","og_type":"article","og_title":"Invita GESMujer a serie de charlas","og_description":"El Grupo de estudios sobre la mujer \u201cRosario Castellanos\u201d A.C. GESMujer, ha organizado un ciclo de videocharlas sobre este tema, enfocado en la seguridad y apropiaci\u00f3n digital de las mujeres enlos medios digitales.","og_url":"https:\/\/www.gesmujer.org\/sitio\/invita-gesmujer-a-serie-de-charlas\/","og_site_name":"GESMujer &quot;Rosario Castellanos&quot;","article_publisher":"https:\/\/www.facebook.com\/gesmujer.rosario.castellanos.ac","article_published_time":"2021-03-03T20:53:50+00:00","article_modified_time":"2021-03-03T20:53:53+00:00","og_image":[{"width":700,"height":934,"url":"https:\/\/www.gesmujer.org\/sitio\/wp-content\/uploads\/2021\/03\/1-12.jpg","type":"image\/jpeg"}],"author":"cendoc","twitter_card":"summary_large_image","twitter_title":"Invita GESMujer a serie de charlas","twitter_description":"El Grupo de estudios sobre la mujer \u201cRosario Castellanos\u201d A.C. GESMujer, ha organizado un ciclo de videocharlas sobre este tema, enfocado en la seguridad y apropiaci\u00f3n digital de las mujeres enlos medios digitales.","twitter_image":"https:\/\/www.gesmujer.org\/sitio\/wp-content\/uploads\/2021\/03\/1-12.jpg","twitter_creator":"@GES_Mujer","twitter_site":"@GES_Mujer","twitter_misc":{"Escrito por":"cendoc","Tiempo de lectura":"2 minutos"},"schema":{"@context":"https:\/\/schema.org","@graph":[{"@type":"Article","@id":"https:\/\/www.gesmujer.org\/sitio\/invita-gesmujer-a-serie-de-charlas\/#article","isPartOf":{"@id":"https:\/\/www.gesmujer.org\/sitio\/invita-gesmujer-a-serie-de-charlas\/"},"author":{"name":"cendoc","@id":"https:\/\/www.gesmujer.org\/sitio\/#\/schema\/person\/50e03387f883646c2714c51783a7e288"},"headline":"Invita GESMujer a serie de charlas","datePublished":"2021-03-03T20:53:50+00:00","dateModified":"2021-03-03T20:53:53+00:00","mainEntityOfPage":{"@id":"https:\/\/www.gesmujer.org\/sitio\/invita-gesmujer-a-serie-de-charlas\/"},"wordCount":338,"publisher":{"@id":"https:\/\/www.gesmujer.org\/sitio\/#organization"},"image":{"@id":"https:\/\/www.gesmujer.org\/sitio\/invita-gesmujer-a-serie-de-charlas\/#primaryimage"},"thumbnailUrl":"https:\/\/www.gesmujer.org\/sitio\/wp-content\/uploads\/2021\/03\/1-12.jpg","articleSection":["NOTAS","NOTICIAS","portada"],"inLanguage":"es"},{"@type":"WebPage","@id":"https:\/\/www.gesmujer.org\/sitio\/invita-gesmujer-a-serie-de-charlas\/","url":"https:\/\/www.gesmujer.org\/sitio\/invita-gesmujer-a-serie-de-charlas\/","name":"Invita GESMujer a serie de charlas - GESMujer &quot;Rosario Castellanos&quot;","isPartOf":{"@id":"https:\/\/www.gesmujer.org\/sitio\/#website"},"primaryImageOfPage":{"@id":"https:\/\/www.gesmujer.org\/sitio\/invita-gesmujer-a-serie-de-charlas\/#primaryimage"},"image":{"@id":"https:\/\/www.gesmujer.org\/sitio\/invita-gesmujer-a-serie-de-charlas\/#primaryimage"},"thumbnailUrl":"https:\/\/www.gesmujer.org\/sitio\/wp-content\/uploads\/2021\/03\/1-12.jpg","datePublished":"2021-03-03T20:53:50+00:00","dateModified":"2021-03-03T20:53:53+00:00","breadcrumb":{"@id":"https:\/\/www.gesmujer.org\/sitio\/invita-gesmujer-a-serie-de-charlas\/#breadcrumb"},"inLanguage":"es","potentialAction":[{"@type":"ReadAction","target":["https:\/\/www.gesmujer.org\/sitio\/invita-gesmujer-a-serie-de-charlas\/"]}]},{"@type":"ImageObject","inLanguage":"es","@id":"https:\/\/www.gesmujer.org\/sitio\/invita-gesmujer-a-serie-de-charlas\/#primaryimage","url":"https:\/\/www.gesmujer.org\/sitio\/wp-content\/uploads\/2021\/03\/1-12.jpg","contentUrl":"https:\/\/www.gesmujer.org\/sitio\/wp-content\/uploads\/2021\/03\/1-12.jpg","width":700,"height":934},{"@type":"BreadcrumbList","@id":"https:\/\/www.gesmujer.org\/sitio\/invita-gesmujer-a-serie-de-charlas\/#breadcrumb","itemListElement":[{"@type":"ListItem","position":1,"name":"Home","item":"https:\/\/www.gesmujer.org\/sitio\/"},{"@type":"ListItem","position":2,"name":"Invita GESMujer a serie de charlas"}]},{"@type":"WebSite","@id":"https:\/\/www.gesmujer.org\/sitio\/#website","url":"https:\/\/www.gesmujer.org\/sitio\/","name":"GESMujer \"Rosario Castellanos\"","description":"M\u00e1s de 45 a\u00f1os ha llevado a cabo acciones para erradicar la violencia de g\u00e9nero y construir entornos donde las mujeres encuentren su resiliencia, incrementen su agencia y autonom\u00eda que les permita lograr su empoderamiento a trav\u00e9s de cinco l\u00edneas de acci\u00f3n.","publisher":{"@id":"https:\/\/www.gesmujer.org\/sitio\/#organization"},"alternateName":"GESMujer","potentialAction":[{"@type":"SearchAction","target":{"@type":"EntryPoint","urlTemplate":"https:\/\/www.gesmujer.org\/sitio\/?s={search_term_string}"},"query-input":{"@type":"PropertyValueSpecification","valueRequired":true,"valueName":"search_term_string"}}],"inLanguage":"es"},{"@type":"Organization","@id":"https:\/\/www.gesmujer.org\/sitio\/#organization","name":"Grupo de estudios sobre la mujer Rosario Castellanos ac","alternateName":"GESMujer","url":"https:\/\/www.gesmujer.org\/sitio\/","logo":{"@type":"ImageObject","inLanguage":"es","@id":"https:\/\/www.gesmujer.org\/sitio\/#\/schema\/logo\/image\/","url":"https:\/\/www.gesmujer.org\/sitio\/wp-content\/uploads\/2026\/03\/Logo-GESMujer-300.png","contentUrl":"https:\/\/www.gesmujer.org\/sitio\/wp-content\/uploads\/2026\/03\/Logo-GESMujer-300.png","width":300,"height":141,"caption":"Grupo de estudios sobre la mujer Rosario Castellanos ac"},"image":{"@id":"https:\/\/www.gesmujer.org\/sitio\/#\/schema\/logo\/image\/"},"sameAs":["https:\/\/www.facebook.com\/gesmujer.rosario.castellanos.ac","https:\/\/x.com\/GES_Mujer","https:\/\/www.instagram.com\/ges_mujer\/?hl=es","https:\/\/www.youtube.com\/c\/GESMujerRosarioCastellanos\/videos","https:\/\/soundcloud.com\/gesmujerac","https:\/\/www.tiktok.com\/@gesmujer"]},{"@type":"Person","@id":"https:\/\/www.gesmujer.org\/sitio\/#\/schema\/person\/50e03387f883646c2714c51783a7e288","name":"cendoc","image":{"@type":"ImageObject","inLanguage":"es","@id":"https:\/\/secure.gravatar.com\/avatar\/2f187338ccb33c33bc1b08e92e2247a6891db221398e12bbc0f5ff0cfc462495?s=96&d=mm&r=g","url":"https:\/\/secure.gravatar.com\/avatar\/2f187338ccb33c33bc1b08e92e2247a6891db221398e12bbc0f5ff0cfc462495?s=96&d=mm&r=g","contentUrl":"https:\/\/secure.gravatar.com\/avatar\/2f187338ccb33c33bc1b08e92e2247a6891db221398e12bbc0f5ff0cfc462495?s=96&d=mm&r=g","caption":"cendoc"},"sameAs":["http:\/\/gesmujer.org"],"url":"https:\/\/www.gesmujer.org\/sitio\/author\/cendoc\/"}]}},"_links":{"self":[{"href":"https:\/\/www.gesmujer.org\/sitio\/wp-json\/wp\/v2\/posts\/6423","targetHints":{"allow":["GET"]}}],"collection":[{"href":"https:\/\/www.gesmujer.org\/sitio\/wp-json\/wp\/v2\/posts"}],"about":[{"href":"https:\/\/www.gesmujer.org\/sitio\/wp-json\/wp\/v2\/types\/post"}],"author":[{"embeddable":true,"href":"https:\/\/www.gesmujer.org\/sitio\/wp-json\/wp\/v2\/users\/4"}],"replies":[{"embeddable":true,"href":"https:\/\/www.gesmujer.org\/sitio\/wp-json\/wp\/v2\/comments?post=6423"}],"version-history":[{"count":1,"href":"https:\/\/www.gesmujer.org\/sitio\/wp-json\/wp\/v2\/posts\/6423\/revisions"}],"predecessor-version":[{"id":6425,"href":"https:\/\/www.gesmujer.org\/sitio\/wp-json\/wp\/v2\/posts\/6423\/revisions\/6425"}],"wp:featuredmedia":[{"embeddable":true,"href":"https:\/\/www.gesmujer.org\/sitio\/wp-json\/wp\/v2\/media\/6424"}],"wp:attachment":[{"href":"https:\/\/www.gesmujer.org\/sitio\/wp-json\/wp\/v2\/media?parent=6423"}],"wp:term":[{"taxonomy":"category","embeddable":true,"href":"https:\/\/www.gesmujer.org\/sitio\/wp-json\/wp\/v2\/categories?post=6423"},{"taxonomy":"post_tag","embeddable":true,"href":"https:\/\/www.gesmujer.org\/sitio\/wp-json\/wp\/v2\/tags?post=6423"}],"curies":[{"name":"wp","href":"https:\/\/api.w.org\/{rel}","templated":true}]}}