{"id":6476,"date":"2021-03-19T11:23:26","date_gmt":"2021-03-19T17:23:26","guid":{"rendered":"https:\/\/www.gesmujer.org\/web\/?p=6476"},"modified":"2021-03-19T11:23:31","modified_gmt":"2021-03-19T17:23:31","slug":"exigimos-una-fiscalia-que-sirva","status":"publish","type":"post","link":"https:\/\/www.gesmujer.org\/sitio\/?p=6476","title":{"rendered":"EXIGIMOS UNA FISCAL\u00cdA QUE SIRVA"},"content":{"rendered":"\n<ul class=\"wp-block-list\"><li>Peimbert no es el fiscal que Oaxaca necesita.<\/li><li>Congreso de Oaxaca traiciona al pueblo oaxaque\u00f1o con su designaci\u00f3n.<\/li><\/ul>\n\n\n\n<p>El Congreso del Estado de Oaxaca design\u00f3 como titular de la Fiscal\u00eda General del Estado de Oaxaca a Arturo Peimbert, este jueves 18 de marzo, en comparecencia <em>fast track <\/em>que sin duda alguna fue una elecci\u00f3n a modo, de evidente simulaci\u00f3n y sin los filtros necesarios.<\/p>\n\n\n\n<p>Quienes suscribimos, condenamos la decisi\u00f3n de la 64 legislatura local al elegir como fiscal al ex titular de la Defensor\u00eda de los Derechos Humanos, quien, durante su administraci\u00f3n dej\u00f3 muchas deudas con el pueblo oaxaque\u00f1o, fue denunciado p\u00fablicamente como agresor sexual y estuvo ausente de manera permanente durante los siete a\u00f1os en el cargo.<\/p>\n\n\n\n<p>Exigimos una Fiscal\u00eda que funcione, que investigue, que se comprometa con las v\u00edctimas, que act\u00fae independientemente del Poder Ejecutivo por lo que Arturo Peimbert no es el fiscal que Oaxaca necesita para procurar la justicia. No cumpli\u00f3 con los requisitos constitucionales y tiene antecedentes de violencia de g\u00e9nero.<\/p>\n\n\n\n<p>Las diputadas y diputados traicionaron al pueblo oaxaque\u00f1o, su equivocaci\u00f3n en la decisi\u00f3n de Rub\u00e9n Vasconcelos nos \u00ad\u00ad\u00ad\u00adha costado la vida de 514 mujeres en Oaxaca. Les hacemos responsables del fracaso de Arturo Peimbert que se vislumbra como nuevo fiscal, una persona c\u00f3mplice del poder, violenta y corrupta.<\/p>\n\n\n\n<p>Asuman el costo pol\u00edtico de esta equivocaci\u00f3n que pone en entre dicho sus promesas de campa\u00f1a cuando buscaron el voto de las mujeres.<\/p>\n\n\n\n<p>Rechazamos a Arturo Peimbert como fiscal y seguiremos exigiendo una Fiscal\u00eda que sirva.<\/p>\n\n\n\n<p class=\"has-text-align-center\"><strong>Atentamente:<\/strong><\/p>\n\n\n\n<p class=\"has-text-align-center\">Alba Leilany Victoria Ortiz<\/p>\n\n\n\n<p class=\"has-text-align-center\">Alejandro Cruz Esteban<\/p>\n\n\n\n<p class=\"has-text-align-center\">Ana Mar\u00eda Ortencia Cervantes Flores<\/p>\n\n\n\n<p class=\"has-text-align-center\">Andrea S\u00e1nchez Hern\u00e1ndez<\/p>\n\n\n\n<p class=\"has-text-align-center\">Angelica Ayala Ortiz<\/p>\n\n\n\n<p class=\"has-text-align-center\">B\u00e1rbara Garc\u00eda Ch\u00e1vez<\/p>\n\n\n\n<p class=\"has-text-align-center\">Beatriz Hern\u00e1ndez Bautista<\/p>\n\n\n\n<p class=\"has-text-align-center\">Beatriz Picazo P\u00e9rez<\/p>\n\n\n\n<p class=\"has-text-align-center\">Bellanira L\u00f3pez S\u00e1nchez<\/p>\n\n\n\n<p class=\"has-text-align-center\">Braulia Bernardita Pazos Fabi\u00e1n<\/p>\n\n\n\n<p class=\"has-text-align-center\">Carmen Calvo Cruz<\/p>\n\n\n\n<p class=\"has-text-align-center\">Cristina P\u00e9rez Luis<\/p>\n\n\n\n<p class=\"has-text-align-center\">Cinthia Pacheco Moo<\/p>\n\n\n\n<p class=\"has-text-align-center\">Derwin Arturo Coache Rivera<\/p>\n\n\n\n<p class=\"has-text-align-center\">Diana Leticia P\u00e9rez L\u00f3pez<\/p>\n\n\n\n<p class=\"has-text-align-center\">Elizabeth Lorenzana Albino<\/p>\n\n\n\n<p class=\"has-text-align-center\">Genaro Vasquez R\u00edos<\/p>\n\n\n\n<p class=\"has-text-align-center\">Guadalupe Ramos Ortiz<\/p>\n\n\n\n<p class=\"has-text-align-center\">Itandehui Santiago Galicia<\/p>\n\n\n\n<p class=\"has-text-align-center\">Janet Mart\u00ednez Valdivieso<\/p>\n\n\n\n<p class=\"has-text-align-center\">Jes\u00fas Quintana Vega<\/p>\n\n\n\n<p class=\"has-text-align-center\">Josefina Aranda<\/p>\n\n\n\n<p class=\"has-text-align-center\">Juan Carlos Orozco Mart\u00ednez<\/p>\n\n\n\n<p class=\"has-text-align-center\">Juan Sosa Maldonado<\/p>\n\n\n\n<p class=\"has-text-align-center\">Leocadia Mart\u00ednez Berm\u00fadez<\/p>\n\n\n\n<p class=\"has-text-align-center\">Leonide Mart\u00ednez Calvo<\/p>\n\n\n\n<p class=\"has-text-align-center\">Lidia Florencio Guerrero<\/p>\n\n\n\n<p class=\"has-text-align-center\">Lorena Guti\u00e9rrez Rangel<\/p>\n\n\n\n<p class=\"has-text-align-center\">Lorena Harp<\/p>\n\n\n\n<p class=\"has-text-align-center\">Lucero Ayerim Contreras Alceda<\/p>\n\n\n\n<p class=\"has-text-align-center\">Luz Mar\u00eda Hern\u00e1ndez Mart\u00ednez<\/p>\n\n\n\n<p class=\"has-text-align-center\">Ma. Magdalena Saucedo D\u00edaz<\/p>\n\n\n\n<p class=\"has-text-align-center\">Magdalena Velarde tepoz<\/p>\n\n\n\n<p class=\"has-text-align-center\">Mar\u00eda Elena Belmonte Cruz<\/p>\n\n\n\n<p class=\"has-text-align-center\">Mar\u00eda Guadalupe M\u00e9ndez Reyes<\/p>\n\n\n\n<p class=\"has-text-align-center\">Maximina Reyna Rivera Torres<\/p>\n\n\n\n<p class=\"has-text-align-center\">Mireya Smith Mart\u00ednez<\/p>\n\n\n\n<p class=\"has-text-align-center\">Modesta Martinez Calvo<\/p>\n\n\n\n<p class=\"has-text-align-center\">Nashieeli Valencia N\u00fa\u00f1ez<\/p>\n\n\n\n<p class=\"has-text-align-center\">Norma Cleyver Cruz Gonz\u00e1lez<\/p>\n\n\n\n<p class=\"has-text-align-center\">Pedro Bautista Hern\u00e1ndez<\/p>\n\n\n\n<p class=\"has-text-align-center\">Rosa Bertha Sim\u00f3n S\u00e1nchez<\/p>\n\n\n\n<p class=\"has-text-align-center\">Rosa Grijalva Vallejo<\/p>\n\n\n\n<p class=\"has-text-align-center\">Roselia Guti\u00e9rrez<\/p>\n\n\n\n<p class=\"has-text-align-center\">Rub\u00ed Jazm\u00edn Cort\u00e9s Salazar<\/p>\n\n\n\n<p class=\"has-text-align-center\">Rubi Martinez<\/p>\n\n\n\n<p class=\"has-text-align-center\">Sara Brena<\/p>\n\n\n\n<p class=\"has-text-align-center\">Silvia Gabriela Hernandez<\/p>\n\n\n\n<p class=\"has-text-align-center\">Soledad Jarqu\u00edn Edgar<\/p>\n\n\n\n<p class=\"has-text-align-center\">Tania Esquivel Hern\u00e1ndez<\/p>\n\n\n\n<p class=\"has-text-align-center\">Ver\u00f3nica Santiago M\u00e9ndez<\/p>\n\n\n\n<p class=\"has-text-align-center\">Y\u00e9sica Sanchez Maya<\/p>\n\n\n\n<p class=\"has-text-align-center\">Yolanda Barranco Hern\u00e1ndez<\/p>\n\n\n\n<p class=\"has-text-align-center\"><strong>Organizaciones:<\/strong><\/p>\n\n\n\n<p class=\"has-text-align-center\">Asamblea Permanente de V\u00edctimas, Sobrevivientes y Expresos Pol\u00edticos de Oaxaca 2006-2007.<\/p>\n\n\n\n<p class=\"has-text-align-center\">Centro Calpulli A.C.<\/p>\n\n\n\n<p class=\"has-text-align-center\">Colectivo Uni\u00f3n de Mujeres por la Equidad<\/p>\n\n\n\n<p class=\"has-text-align-center\">Comit\u00e9 Dami\u00e1n Gallardo Mart\u00ednez<\/p>\n\n\n\n<p class=\"has-text-align-center\">Consorcio para el Di\u00e1logo Parlamentario y la Equidad Oaxaca, AC<\/p>\n\n\n\n<p class=\"has-text-align-center\">Corriente del Pueblo Sol Rojo (CP-Sol Rojo)<\/p>\n\n\n\n<p class=\"has-text-align-center\">Espiral por la Vida, A.C<\/p>\n\n\n\n<p class=\"has-text-align-center\">Frente de Egresadas&nbsp; ENRUVA<\/p>\n\n\n\n<p class=\"has-text-align-center\">Grupo de estudios sobre la mujer Rosario Castellanos A.C.<\/p>\n\n\n\n<p class=\"has-text-align-center\">Hitandekas A. C.<\/p>\n","protected":false},"excerpt":{"rendered":"<p>Peimbert no es el fiscal que Oaxaca necesita. Congreso de Oaxaca traiciona al pueblo oaxaque\u00f1o con su designaci\u00f3n. El Congreso del Estado de Oaxaca design\u00f3 como titular de la Fiscal\u00eda General del Estado de Oaxaca a Arturo Peimbert, este jueves 18 de marzo, en comparecencia fast track que sin duda alguna fue una elecci\u00f3n a [&hellip;]<\/p>\n","protected":false},"author":4,"featured_media":6477,"comment_status":"closed","ping_status":"open","sticky":false,"template":"","format":"standard","meta":{"give_campaign_id":0,"rs_blank_template":"","rs_page_bg_color":"","slide_template_v7":"","footnotes":""},"categories":[36,3],"tags":[],"class_list":["post-6476","post","type-post","status-publish","format-standard","has-post-thumbnail","hentry","category-comunicados","category-portada"],"_links":{"self":[{"href":"https:\/\/www.gesmujer.org\/sitio\/index.php?rest_route=\/wp\/v2\/posts\/6476","targetHints":{"allow":["GET"]}}],"collection":[{"href":"https:\/\/www.gesmujer.org\/sitio\/index.php?rest_route=\/wp\/v2\/posts"}],"about":[{"href":"https:\/\/www.gesmujer.org\/sitio\/index.php?rest_route=\/wp\/v2\/types\/post"}],"author":[{"embeddable":true,"href":"https:\/\/www.gesmujer.org\/sitio\/index.php?rest_route=\/wp\/v2\/users\/4"}],"replies":[{"embeddable":true,"href":"https:\/\/www.gesmujer.org\/sitio\/index.php?rest_route=%2Fwp%2Fv2%2Fcomments&post=6476"}],"version-history":[{"count":1,"href":"https:\/\/www.gesmujer.org\/sitio\/index.php?rest_route=\/wp\/v2\/posts\/6476\/revisions"}],"predecessor-version":[{"id":6478,"href":"https:\/\/www.gesmujer.org\/sitio\/index.php?rest_route=\/wp\/v2\/posts\/6476\/revisions\/6478"}],"wp:featuredmedia":[{"embeddable":true,"href":"https:\/\/www.gesmujer.org\/sitio\/index.php?rest_route=\/wp\/v2\/media\/6477"}],"wp:attachment":[{"href":"https:\/\/www.gesmujer.org\/sitio\/index.php?rest_route=%2Fwp%2Fv2%2Fmedia&parent=6476"}],"wp:term":[{"taxonomy":"category","embeddable":true,"href":"https:\/\/www.gesmujer.org\/sitio\/index.php?rest_route=%2Fwp%2Fv2%2Fcategories&post=6476"},{"taxonomy":"post_tag","embeddable":true,"href":"https:\/\/www.gesmujer.org\/sitio\/index.php?rest_route=%2Fwp%2Fv2%2Ftags&post=6476"}],"curies":[{"name":"wp","href":"https:\/\/api.w.org\/{rel}","templated":true}]}}