{"id":6512,"date":"2021-03-24T18:13:29","date_gmt":"2021-03-25T00:13:29","guid":{"rendered":"https:\/\/www.gesmujer.org\/web\/?p=6512"},"modified":"2021-03-24T18:13:49","modified_gmt":"2021-03-25T00:13:49","slug":"el-gesmujer-cierra-su-ciclo-de-videocharlas-sobre-violencia-digital-con-el-tema-inmersion-de-las-personas-con-discapacidad-en-los-entornos-digitales","status":"publish","type":"post","link":"https:\/\/www.gesmujer.org\/sitio\/?p=6512","title":{"rendered":"El GESMujer cierra su ciclo de videocharlas sobre violencia digital, con el tema \u201cinmersi\u00f3n de las personas con discapacidad en los entornos digitales\u201d"},"content":{"rendered":"\n<p class=\"has-text-align-right\">Mi\u00e9rcoles 24 de marzo de 2021<\/p>\n\n\n\n<p><strong>\u00b7\u00a0\u00a0\u00a0\u00a0\u00a0\u00a0\u00a0\u00a0\u00a0Los mitos sobre la sexualidad de las personas con discapacidad, han impedido el libre acceso a sus derechos sexuales y reproductivos.<\/strong><\/p>\n\n\n\n<p><strong>\u00b7\u00a0\u00a0\u00a0\u00a0\u00a0\u00a0\u00a0\u00a0\u00a0Motivemos a que las mujeres estudien carreras tecnol\u00f3gicas e ingenier\u00edas para promover las soluciones de desarrollo para personas con alguna limitaci\u00f3n o capacidades diferentes.<\/strong><\/p>\n\n\n\n<p>Seg\u00fan la Organizaci\u00f3n Mundial de la Salud (OMS), m\u00e1s de 650 millones de personas viven con alg\u00fan tipo de discapacidad que puede reducir sus posibilidades tanto profesionales como personales, sin embargo, las tecnolog\u00edas pueden incrementar su autonom\u00eda y empoderamiento significativamente, ya que si bien gran cantidad de sitios web, apps y dispositivos electr\u00f3nicos a\u00fan no cumplen los est\u00e1ndares de accesibilidad, las personas con discapacidad avanzan hacia su integraci\u00f3n digital y social en igualdad de condiciones gracias al desarrollo de tecnolog\u00edas, sistemas de apoyo y herramientas digitales para personas con discapacidad, afirm\u00f3 la Dra. Soledad Venegas Nava, directora acad\u00e9mica del Centro de Ense\u00f1anza e Investigaci\u00f3n Aplicada del Grupo de estudios sobre la mujer Rosario Castellanos AC, al anunciar la \u00faltima charla del ciclo sobre violencia digital llevado a cabo por esta organizaci\u00f3n.&nbsp;<\/p>\n\n\n\n<p>Venegas Nava , insisti\u00f3 \u201cpor esa raz\u00f3n es importante que motivemos a que las mujeres estudien carreras tecnol\u00f3gicas e ingenier\u00edas para promover las soluciones de desarrollo para personas con alguna limitaci\u00f3n o capacidades diferentes y animar que quienes ya est\u00e1n en esos \u00e1mbitos volteen a ver las necesidades de este sector, pues tal como se\u00f1ala la OMS, la discapacidad forma parte de la propia condici\u00f3n humana, por lo que existe una alta probabilidad de que cualquier persona sufra de alg\u00fan tipo de discapacidad ya sea temporal o permanente en alg\u00fan momento de su vida\u201d.<\/p>\n\n\n\n<p>En esta charla que se llevar\u00e1 a cabo el mi\u00e9rcoles 24 del presente a partir de las cinco de la tarde por la p\u00e1gina de Facebook&nbsp;@<a href=\"http:\/\/gesmujer.rosario.castellanos.ac\/\" target=\"_blank\" rel=\"noreferrer noopener\">gesmujer.rosario.castellanos.ac<\/a>, la Innovadora Social Carmen Ana Montiel Fundadora del movimiento Wheeling Women, nos hablar\u00e1 sobre como la inmersi\u00f3n de las personas con discapacidad en los entornos digitales es un ejercicio interesante,&nbsp; cada vez m\u00e1s est\u00e1 tomando fuerza a trav\u00e9s de movimientos de interacci\u00f3n,&nbsp; rompiendo el patr\u00f3n,&nbsp; visualizando la discapacidad en una esfera de empoderamiento y desaf\u00edo, permitiendo inspirar al p\u00fablico en un concepto de \u201cPlataforma\u201d gestando el desarrollo de&nbsp; una vida sin l\u00edmites, redescubriendo el universo del cuerpo humano,&nbsp; agregando valor desde la&nbsp; aceptaci\u00f3n,&nbsp; el amor propio y el respeto, este conjunto de acciones positivas, motivan a las personas a construir&nbsp; espacios f\u00edsicos y virtuales con pr\u00e1cticas de accesibilidad e inclusi\u00f3n en el constructo social.&nbsp;<\/p>\n\n\n\n<p>Carmen Ana Montiel es colombiana y directora ejecutiva de la plataforma Wheeling Women&nbsp;<a href=\"https:\/\/l.facebook.com\/l.php?u=http%3A%2F%2Fwww.wheelingwomen.org%2F%3Ffbclid%3DIwAR3gWSPw0mi3os00Z66ltmjN_iPYSXVlo-TUhOR5g3rG2_heDOBfXe-LTs4&amp;h=AT0OULDoYX27rdgPzbkItruSHqKA_TOANaYjO0uqyibpD6PegS42xoxRHIodNgSnS7oAgCY31UtrueOegPZIEA5ajs0UX7J0hPCljtrj29jz6wRX4Yxg2LyzJc8kC9VtH-g\" target=\"_blank\" rel=\"noreferrer noopener\">www.wheelingwomen.org<\/a>. Innovadora social, Reconocimiento Emprender Sena 2020, categor\u00eda&nbsp; Cuarta revoluci\u00f3n industrial en Colombia,&nbsp; fundadora del movimiento&nbsp; Wheeling Women para Latinoam\u00e9rica, cocreando estrategias digitales de empoderamiento&nbsp; a mujeres en situaci\u00f3n de discapacidad&nbsp; a trav\u00e9s de la tecnolog\u00eda&nbsp; impulsando las buenas pr\u00e1cticas de inclusi\u00f3n y accesibilidad y estar\u00e1 en este evento compartiendo sus experiencias de como la tecnolog\u00eda ha sido aliada para su empoderamiento tanto profesional, acad\u00e9mico y social -afectivo.<\/p>\n\n\n\n<p>Uno de los temas que abordar\u00e1 la ponente es como los mitos sobre la sexualidad de una persona con discapacidad impactan negativamente. Pues por un lado se silencia, se invisibiliza esa diversidad y se considera peligrosa e innecesaria la educaci\u00f3n sexual para ellas y ellos, por lo tanto, se les evita y&nbsp; reprime, limit\u00e1ndoles el pleno ejercicio de sus derechos sexuales y reproductivos; \u201cy si hablamos de la expresi\u00f3n de la sexualidad, la sexualidad de las personas con diversidad funcional no es mejor ni peor que la de los dem\u00e1s, es la suya propia y se expresa en su forma de vivirla y experimentarla como cualquier otra persona\u201d.<\/p>\n\n\n\n<p>La cita es este mi\u00e9rcoles 24 de marzo, en punto de las 5:00 de la tarde a trav\u00e9s de la fan page de Facebook del GESMujer:<\/p>\n\n\n\n<p><a href=\"https:\/\/www.facebook.com\/518741278241299\/posts\/3844382909010436\/?d=n\" target=\"_blank\" rel=\"noreferrer noopener\">https:\/\/www.facebook.com\/518741278241299\/posts\/3844382909010436\/?d=n<\/a><\/p>\n","protected":false},"excerpt":{"rendered":"<p>Mi\u00e9rcoles 24 de marzo de 2021 \u00b7\u00a0\u00a0\u00a0\u00a0\u00a0\u00a0\u00a0\u00a0\u00a0Los mitos sobre la sexualidad de las personas con discapacidad, han impedido el libre acceso a sus derechos sexuales y reproductivos. \u00b7\u00a0\u00a0\u00a0\u00a0\u00a0\u00a0\u00a0\u00a0\u00a0Motivemos a que las mujeres estudien carreras tecnol\u00f3gicas e ingenier\u00edas para promover las soluciones de desarrollo para personas con alguna limitaci\u00f3n o capacidades diferentes. Seg\u00fan la Organizaci\u00f3n Mundial [&hellip;]<\/p>\n","protected":false},"author":4,"featured_media":6513,"comment_status":"closed","ping_status":"open","sticky":false,"template":"","format":"standard","meta":{"footnotes":""},"categories":[36],"tags":[],"class_list":["post-6512","post","type-post","status-publish","format-standard","has-post-thumbnail","hentry","category-comunicados"],"_links":{"self":[{"href":"https:\/\/www.gesmujer.org\/sitio\/index.php?rest_route=\/wp\/v2\/posts\/6512","targetHints":{"allow":["GET"]}}],"collection":[{"href":"https:\/\/www.gesmujer.org\/sitio\/index.php?rest_route=\/wp\/v2\/posts"}],"about":[{"href":"https:\/\/www.gesmujer.org\/sitio\/index.php?rest_route=\/wp\/v2\/types\/post"}],"author":[{"embeddable":true,"href":"https:\/\/www.gesmujer.org\/sitio\/index.php?rest_route=\/wp\/v2\/users\/4"}],"replies":[{"embeddable":true,"href":"https:\/\/www.gesmujer.org\/sitio\/index.php?rest_route=%2Fwp%2Fv2%2Fcomments&post=6512"}],"version-history":[{"count":1,"href":"https:\/\/www.gesmujer.org\/sitio\/index.php?rest_route=\/wp\/v2\/posts\/6512\/revisions"}],"predecessor-version":[{"id":6514,"href":"https:\/\/www.gesmujer.org\/sitio\/index.php?rest_route=\/wp\/v2\/posts\/6512\/revisions\/6514"}],"wp:featuredmedia":[{"embeddable":true,"href":"https:\/\/www.gesmujer.org\/sitio\/index.php?rest_route=\/wp\/v2\/media\/6513"}],"wp:attachment":[{"href":"https:\/\/www.gesmujer.org\/sitio\/index.php?rest_route=%2Fwp%2Fv2%2Fmedia&parent=6512"}],"wp:term":[{"taxonomy":"category","embeddable":true,"href":"https:\/\/www.gesmujer.org\/sitio\/index.php?rest_route=%2Fwp%2Fv2%2Fcategories&post=6512"},{"taxonomy":"post_tag","embeddable":true,"href":"https:\/\/www.gesmujer.org\/sitio\/index.php?rest_route=%2Fwp%2Fv2%2Ftags&post=6512"}],"curies":[{"name":"wp","href":"https:\/\/api.w.org\/{rel}","templated":true}]}}