{"id":6542,"date":"2021-04-08T11:24:47","date_gmt":"2021-04-08T17:24:47","guid":{"rendered":"https:\/\/www.gesmujer.org\/web\/?p=6542"},"modified":"2021-04-08T11:24:53","modified_gmt":"2021-04-08T17:24:53","slug":"miedo-enojo-e-irritabilidad-principales-manifestaciones-en-los-ninos-por-el-confinamiento","status":"publish","type":"post","link":"https:\/\/www.gesmujer.org\/sitio\/?p=6542","title":{"rendered":"Miedo, enojo e irritabilidad, principales manifestaciones en los ni\u00f1os por el confinamiento"},"content":{"rendered":"\n<p>Citlalli Luciana, Jueves 04 de Abril de 2021, Noticias Voz e Imagen de Oaxaca.- Miedo, enojo, exceso de sue\u00f1o, irritabilidad, son algunas de las principales manifestaciones en las y los ni\u00f1os ocasionadas por el confinamiento debido a la pandemia por COVID-19.<\/p>\n\n\n\n<p>Escucharlos y permitirles que se expresen, es la mejor forma de apoyar a superar esos sentimientos, que de no atenderse podr\u00edan ocasionar da\u00f1os a su salud emocional, se\u00f1al\u00f3 la especialista Mar\u00eda Elena S\u00e1nchez Cruz.<\/p>\n\n\n\n<p>Tras explicar que la salud emocional es la capacidad que tenemos las personas de&nbsp;expresar las emociones coherentes con los sentires y pensares, destac\u00f3 que las infancias y las adolescencias son los sectores de la poblaci\u00f3n que m\u00e1s han resultado afectados e invisibilizados de la sociedad.<\/p>\n\n\n\n<p>\u201cSe cree que a\u00fan est\u00e1n peque\u00f1os para entender lo que est\u00e1 pasando, que no es necesario explicarles y eso es completamente equivocado. Las ni\u00f1as y los ni\u00f1os son los m\u00e1s perceptivos de lo que sucede. Quiz\u00e1 no lo entiendan como las personas adultas lo entendemos, pero s\u00ed llegan a preguntarse y a comprender desde sus capacidades algo que no est\u00e1 bien o no les favorece\u201d, indic\u00f3.<\/p>\n\n\n\n<p>S\u00e1nchez Cruz, quien imparti\u00f3 la charla \u201cSalud emocional de las ni\u00f1as y los ni\u00f1os en la etapa de confinamiento\u201d, dentro del ciclo de ponencias del Grupo de Estudios Sobre la Mujer Rosario Castellanos, indic\u00f3 que la forma en&nbsp;que las infancias y adolescencias manifestan las afectaciones del encierro es el paso de una emoci\u00f3n a otra de manera repentina, es decir, del llanto a la alegr\u00eda de un momento a otro, o en otros casos no poder controlar el llanto.<\/p>\n\n\n\n<p>Las alteraciones del sue\u00f1o son otra problem\u00e1tica, por un lado, dormir en exceso o no poder dormir; dificultades en el apetito como consumir cantidades excesivas de cosas dulces o dejar de comer para no subir de peso.<\/p>\n\n\n\n<p>De manera cada vez m\u00e1s frecuente se nota aislamiento dentro de la misma casa, as\u00ed como abuso en el uso de los aparatos electr\u00f3nicos.<\/p>\n\n\n\n<p>Culmin\u00f3 que en el caso del enojo es recomendable permitirles expresarlo siempre y cuando no se lastimen ellos mismos o a otras personas. Cada una de las emociones pueden ser canalizadas a trav\u00e9s de actividades art\u00edsticas y l\u00fadicas.<\/p>\n\n\n\n<p>Fuente: https:\/\/www.nvinoticias.com\/nota\/181171\/miedo-enojo-e-irritabilidad-principales-manifestaciones-en-los-ninos-ocasionadas-por-el<\/p>\n","protected":false},"excerpt":{"rendered":"<p>Citlalli Luciana, Jueves 04 de Abril de 2021, Noticias Voz e Imagen de Oaxaca.- Miedo, enojo, exceso de sue\u00f1o, irritabilidad, son algunas de las principales manifestaciones en las y los ni\u00f1os ocasionadas por el confinamiento debido a la pandemia por COVID-19. Escucharlos y permitirles que se expresen, es la mejor forma de apoyar a superar [&hellip;]<\/p>\n","protected":false},"author":4,"featured_media":6543,"comment_status":"closed","ping_status":"open","sticky":false,"template":"","format":"standard","meta":{"give_campaign_id":0,"rs_blank_template":"","rs_page_bg_color":"","slide_template_v7":"","footnotes":""},"categories":[91,32],"tags":[],"class_list":["post-6542","post","type-post","status-publish","format-standard","has-post-thumbnail","hentry","category-notas","category-novedades"],"_links":{"self":[{"href":"https:\/\/www.gesmujer.org\/sitio\/index.php?rest_route=\/wp\/v2\/posts\/6542","targetHints":{"allow":["GET"]}}],"collection":[{"href":"https:\/\/www.gesmujer.org\/sitio\/index.php?rest_route=\/wp\/v2\/posts"}],"about":[{"href":"https:\/\/www.gesmujer.org\/sitio\/index.php?rest_route=\/wp\/v2\/types\/post"}],"author":[{"embeddable":true,"href":"https:\/\/www.gesmujer.org\/sitio\/index.php?rest_route=\/wp\/v2\/users\/4"}],"replies":[{"embeddable":true,"href":"https:\/\/www.gesmujer.org\/sitio\/index.php?rest_route=%2Fwp%2Fv2%2Fcomments&post=6542"}],"version-history":[{"count":1,"href":"https:\/\/www.gesmujer.org\/sitio\/index.php?rest_route=\/wp\/v2\/posts\/6542\/revisions"}],"predecessor-version":[{"id":6544,"href":"https:\/\/www.gesmujer.org\/sitio\/index.php?rest_route=\/wp\/v2\/posts\/6542\/revisions\/6544"}],"wp:featuredmedia":[{"embeddable":true,"href":"https:\/\/www.gesmujer.org\/sitio\/index.php?rest_route=\/wp\/v2\/media\/6543"}],"wp:attachment":[{"href":"https:\/\/www.gesmujer.org\/sitio\/index.php?rest_route=%2Fwp%2Fv2%2Fmedia&parent=6542"}],"wp:term":[{"taxonomy":"category","embeddable":true,"href":"https:\/\/www.gesmujer.org\/sitio\/index.php?rest_route=%2Fwp%2Fv2%2Fcategories&post=6542"},{"taxonomy":"post_tag","embeddable":true,"href":"https:\/\/www.gesmujer.org\/sitio\/index.php?rest_route=%2Fwp%2Fv2%2Ftags&post=6542"}],"curies":[{"name":"wp","href":"https:\/\/api.w.org\/{rel}","templated":true}]}}