{"id":6581,"date":"2021-04-23T09:27:08","date_gmt":"2021-04-23T15:27:08","guid":{"rendered":"https:\/\/www.gesmujer.org\/web\/?p=6581"},"modified":"2021-04-23T09:29:14","modified_gmt":"2021-04-23T15:29:14","slug":"especialistas-de-oaxaca-proponen-desarrollar-masculinidad-positiva-desde-la-infancia","status":"publish","type":"post","link":"https:\/\/www.gesmujer.org\/sitio\/?p=6581","title":{"rendered":"Especialistas de Oaxaca proponen desarrollar masculinidad positiva desde la infancia"},"content":{"rendered":"\n<p><strong>Citlalli Luciana, Jueves 22 de Abril de 2021, Noticias Voz e Imagen de Oaxaca.-<\/strong> Amar, sentir, llorar son emociones que ejercen masculinidades positivas y deconstruyen los patrones machistas que da\u00f1an a la familia y sociedad.<\/p>\n\n\n\n<p>Laura Ivonne G\u00f3mez y G\u00f3mez, coordinadora de di\u00e1logos terap\u00e9uticos, y H\u00e9ctor Valle, coordinador del colectivo Di\u00e1logos, especialistas en el tema, indicaron que desde que los hombres son ni\u00f1os tienen una gran posibilidad de ampliar su territorio lejos del machismo, aqu\u00e9l que reduce las posibilidades a mostrar y demostrar sus sentimientos, pues esto restringe a los hombres de los planos emocionales y creativos.<\/p>\n\n\n\n<p><strong>\u201cVivimos en una sociedad con una masculinidad muy marcada, un modelo hegem\u00f3nico machista, es decir, cuadrada, r\u00edgida, poco permisiva con los propios hombres, lo cual ha provocado que se reduzca en posibilidades, es decir, nosotros pens\u00e1bamos la identidad de los hombres como un territorio. Cuando decidimos aliarnos a la masculinidad machista es como si nos redujeran el territorio de las posibilidades, como si nos pusiera fronteras muy infranqueables, nos dejan en un territorio muy limitado\u201d, indic\u00f3 H\u00e9ctor Valle previo al conversatorio &#8220;<\/strong>Nuevas masculinidades en la infancia&#8221; organizado por el Grupo de Estudios sobre la Mujer Rosario Castellanos (GESMujer).<\/p>\n\n\n\n<h3 class=\"wp-block-heading\">Deconstrucci\u00f3n de la personalidad<\/h3>\n\n\n\n<p>Para forjar en los ni\u00f1os un masculinidad positiva -explic\u00f3- no existe una receta o manual a seguir, lo mas importante tiene que ver con la deconstrucci\u00f3n de la personalidad o de la identidad de la persona que est\u00e1 ejerciendo la paternidad y la familia en s\u00ed misma. Cuando se pueden incorporar, nuevas creencias, esperanzas, sue\u00f1os en las formas de ser y actuar, los ni\u00f1os ir\u00e1n incorporando estas nuevas formas.<\/p>\n\n\n\n<p><strong>\u201cEl hecho de poder decirnos: te amo, entre hijos y padres, eso me parece una postura muy radical y me parece que en este momento la forma que tenemos para explorar la construcci\u00f3n de una masculinidad diferente con ni\u00f1os, tiene que ver con esa resistencia a los discursos cl\u00e1sicos y la incorporaci\u00f3n con valores, flexibilidad, creatividad, esperanza\u201d<\/strong>, destac\u00f3.<\/p>\n\n\n\n<p>G\u00f3mez y G\u00f3mez agreg\u00f3 que en el momento en que se hace deconstrucci\u00f3n masculinidades machistas y construcci\u00f3n de masculinidades positivas, las sociedades se van guiando hacia una equidad de g\u00e9nero en la que haya privilegios para ambos. De igual manera se podr\u00eda transitar hacia la erradicaci\u00f3n de la violencia en pareja y la violencia generalizada.<\/p>\n\n\n\n<p>Actualmente, destac\u00f3 hay grupos de reeducaci\u00f3n tanto a nivel institucional como desde la sociedad civil en donde hay mayor postura de resistencia a la hegemon\u00eda machista, convencidos de que es necesario transitar a masculinidades positivas.<\/p>\n\n\n\n<p>Si deseas tener m\u00e1s informaci\u00f3n sobre masculinidades positivas y emprender un cambio hacia este camino puede llamar a Di\u00e1logos Terap\u00e9uticos al 9514653520.<\/p>\n\n\n\n<h3 class=\"wp-block-heading\">\u201cVivimos en una sociedad con una masculinidad muy marcada, un modelo hegem\u00f3nico machista&#8221;.<\/h3>\n\n\n\n<h3 class=\"wp-block-heading\">H\u00e9ctor Valle, Coordinador del colectivo Di\u00e1logos.<\/h3>\n\n\n\n<p>Fuente: https:\/\/www.nvinoticias.com\/nota\/182605\/especialistas-de-oaxaca-proponen-desarrollar-masculinidad-positiva-desde-la-infancia<\/p>\n","protected":false},"excerpt":{"rendered":"<p>Citlalli Luciana, Jueves 22 de Abril de 2021, Noticias Voz e Imagen de Oaxaca.- Amar, sentir, llorar son emociones que ejercen masculinidades positivas y deconstruyen los patrones machistas que da\u00f1an a la familia y sociedad. Laura Ivonne G\u00f3mez y G\u00f3mez, coordinadora de di\u00e1logos terap\u00e9uticos, y H\u00e9ctor Valle, coordinador del colectivo Di\u00e1logos, especialistas en el tema, [&hellip;]<\/p>\n","protected":false},"author":4,"featured_media":6582,"comment_status":"closed","ping_status":"open","sticky":false,"template":"","format":"standard","meta":{"footnotes":""},"categories":[91,32],"tags":[],"class_list":["post-6581","post","type-post","status-publish","format-standard","has-post-thumbnail","hentry","category-notas","category-novedades"],"_links":{"self":[{"href":"https:\/\/www.gesmujer.org\/sitio\/index.php?rest_route=\/wp\/v2\/posts\/6581","targetHints":{"allow":["GET"]}}],"collection":[{"href":"https:\/\/www.gesmujer.org\/sitio\/index.php?rest_route=\/wp\/v2\/posts"}],"about":[{"href":"https:\/\/www.gesmujer.org\/sitio\/index.php?rest_route=\/wp\/v2\/types\/post"}],"author":[{"embeddable":true,"href":"https:\/\/www.gesmujer.org\/sitio\/index.php?rest_route=\/wp\/v2\/users\/4"}],"replies":[{"embeddable":true,"href":"https:\/\/www.gesmujer.org\/sitio\/index.php?rest_route=%2Fwp%2Fv2%2Fcomments&post=6581"}],"version-history":[{"count":2,"href":"https:\/\/www.gesmujer.org\/sitio\/index.php?rest_route=\/wp\/v2\/posts\/6581\/revisions"}],"predecessor-version":[{"id":6585,"href":"https:\/\/www.gesmujer.org\/sitio\/index.php?rest_route=\/wp\/v2\/posts\/6581\/revisions\/6585"}],"wp:featuredmedia":[{"embeddable":true,"href":"https:\/\/www.gesmujer.org\/sitio\/index.php?rest_route=\/wp\/v2\/media\/6582"}],"wp:attachment":[{"href":"https:\/\/www.gesmujer.org\/sitio\/index.php?rest_route=%2Fwp%2Fv2%2Fmedia&parent=6581"}],"wp:term":[{"taxonomy":"category","embeddable":true,"href":"https:\/\/www.gesmujer.org\/sitio\/index.php?rest_route=%2Fwp%2Fv2%2Fcategories&post=6581"},{"taxonomy":"post_tag","embeddable":true,"href":"https:\/\/www.gesmujer.org\/sitio\/index.php?rest_route=%2Fwp%2Fv2%2Ftags&post=6581"}],"curies":[{"name":"wp","href":"https:\/\/api.w.org\/{rel}","templated":true}]}}