{"id":6607,"date":"2021-05-08T08:47:55","date_gmt":"2021-05-08T14:47:55","guid":{"rendered":"https:\/\/www.gesmujer.org\/web\/?p=6607"},"modified":"2021-05-08T08:47:59","modified_gmt":"2021-05-08T14:47:59","slug":"otro-feminicidio-en-tuxtepec-relacionado-con-inseguridad-en-la-cuenca-feministas-condenan-acto","status":"publish","type":"post","link":"https:\/\/www.gesmujer.org\/sitio\/?p=6607","title":{"rendered":"Otro feminicidio en Tuxtepec relacionado con inseguridad en la Cuenca; feministas condenan acto"},"content":{"rendered":"\n<p><strong>Dora Timoteo, Mi\u00e9rcoles 5 de mayo de 2021, TVBus.-<\/strong> El pasado domingo una mujer que estaba secuestrada en una comunidad de La Reforma perteneciente a Tuxtepec, falleci\u00f3 durante el fuego cruzado, este suceso relacionado a la inseguridad que se vive en la regi\u00f3n de la Cuenca del Papaloapan, es condenado por grupos feministas y lo catalogan como un feminicidio.<\/p>\n\n\n\n<p>En el informe del Centro de Documentaci\u00f3n del Grupo de estudios sobre la mujer \u201cRosario Castellanos\u201d (GESMujer) respecto a muertes violentas en Oaxaca, se\u00f1ala que en lo que va de este sexenio hasta este 5 de mayo, suman 524 casos de mujeres asesinadas, del total un 15% de estos asesinatos corresponden a la Cuenca del Papaloapan o lo que es igual a 79 mujeres asesinadas.<\/p>\n\n\n\n<p>Los datos que proporcionan en este informe son que en el 2016 ocurrieron 9 asesinatos hacia mujeres, en el 2017 fueron 117, en el 2018 fueron 123, en el 2019 se contabilizaron 135, en el 2020 111 y en este 2021 van 29, tan solo 11 casos en el mes de marzo.<\/p>\n\n\n\n<p>Del total de las mujeres asesinadas en este 2021, 2 de \u00e9stas son en la Cuenca del Papaloapan y el \u00faltimo caso fue el del pasado domingo, cuando una mujer perdi\u00f3 la vida luego de haber sido secuestrada.<br>La mayor\u00eda de estas mujeres asesinadas en este a\u00f1o fue por impactos de bala.<\/p>\n\n\n\n<p>Fuente: http:\/\/www.tvbus.tv\/web\/2021\/05\/05\/otro-feminicidio-en-tuxtepec-relacionado-con-inseguridad-en-la-cuenca-feministas-condenan-acto\/<\/p>\n","protected":false},"excerpt":{"rendered":"<p>Dora Timoteo, Mi\u00e9rcoles 5 de mayo de 2021, TVBus.- El pasado domingo una mujer que estaba secuestrada en una comunidad de La Reforma perteneciente a Tuxtepec, falleci\u00f3 durante el fuego cruzado, este suceso relacionado a la inseguridad que se vive en la regi\u00f3n de la Cuenca del Papaloapan, es condenado por grupos feministas y lo [&hellip;]<\/p>\n","protected":false},"author":4,"featured_media":6608,"comment_status":"closed","ping_status":"open","sticky":false,"template":"","format":"standard","meta":{"give_campaign_id":0,"rs_blank_template":"","rs_page_bg_color":"","slide_template_v7":"","footnotes":""},"categories":[91,32],"tags":[],"class_list":["post-6607","post","type-post","status-publish","format-standard","has-post-thumbnail","hentry","category-notas","category-novedades"],"_links":{"self":[{"href":"https:\/\/www.gesmujer.org\/sitio\/index.php?rest_route=\/wp\/v2\/posts\/6607","targetHints":{"allow":["GET"]}}],"collection":[{"href":"https:\/\/www.gesmujer.org\/sitio\/index.php?rest_route=\/wp\/v2\/posts"}],"about":[{"href":"https:\/\/www.gesmujer.org\/sitio\/index.php?rest_route=\/wp\/v2\/types\/post"}],"author":[{"embeddable":true,"href":"https:\/\/www.gesmujer.org\/sitio\/index.php?rest_route=\/wp\/v2\/users\/4"}],"replies":[{"embeddable":true,"href":"https:\/\/www.gesmujer.org\/sitio\/index.php?rest_route=%2Fwp%2Fv2%2Fcomments&post=6607"}],"version-history":[{"count":1,"href":"https:\/\/www.gesmujer.org\/sitio\/index.php?rest_route=\/wp\/v2\/posts\/6607\/revisions"}],"predecessor-version":[{"id":6609,"href":"https:\/\/www.gesmujer.org\/sitio\/index.php?rest_route=\/wp\/v2\/posts\/6607\/revisions\/6609"}],"wp:featuredmedia":[{"embeddable":true,"href":"https:\/\/www.gesmujer.org\/sitio\/index.php?rest_route=\/wp\/v2\/media\/6608"}],"wp:attachment":[{"href":"https:\/\/www.gesmujer.org\/sitio\/index.php?rest_route=%2Fwp%2Fv2%2Fmedia&parent=6607"}],"wp:term":[{"taxonomy":"category","embeddable":true,"href":"https:\/\/www.gesmujer.org\/sitio\/index.php?rest_route=%2Fwp%2Fv2%2Fcategories&post=6607"},{"taxonomy":"post_tag","embeddable":true,"href":"https:\/\/www.gesmujer.org\/sitio\/index.php?rest_route=%2Fwp%2Fv2%2Ftags&post=6607"}],"curies":[{"name":"wp","href":"https:\/\/api.w.org\/{rel}","templated":true}]}}