{"id":6614,"date":"2021-05-11T17:38:12","date_gmt":"2021-05-11T23:38:12","guid":{"rendered":"https:\/\/www.gesmujer.org\/web\/?p=6614"},"modified":"2021-05-11T17:38:16","modified_gmt":"2021-05-11T23:38:16","slug":"ofrecera-gesmujer-la-video-charla-desmitificando-las-maternidades","status":"publish","type":"post","link":"https:\/\/www.gesmujer.org\/sitio\/?p=6614","title":{"rendered":"Ofrecer\u00e1 GESMujer la video charla desmitificando las maternidades"},"content":{"rendered":"\n<p><strong>Martes 11 de Mayo de 2021, Quadrat\u00edn<\/strong>.-  El Grupo de estudios sobre la mujer Rosario Castellanos (GESMujer), ofrecer\u00e1 este mi\u00e9rcoles la charla \u00bfEres una &#8220;buena&#8221; o una &#8220;mala&#8221; madre? , como parte del ciclo de video charlas del mes de mayo.<\/p>\n\n\n\n<p>En un comunicado, informaron que la charla esta enfocada en abordar temas que visibilicen y abonen a las diversas maneras de ejercer y percibir la maternidad. En esta segunda ponencia la intervenci\u00f3n de la maestra en psicoterapia Ang\u00e9lica Nevarez, sera con el tema \u00bfEres una \u00abbuena\u201d o una \u00abmala\u00bb madre?, desmitificando las maternidades, a las 5 de la tarde. <\/p>\n\n\n\n<p>Durante esta pl\u00e1tica, la especialista, formada en campos de la psicoterapia, como las constelaciones familiares, el entrenamiento psico corporal y abordaje de trauma, nos compartir\u00e1 su postura y conocimiento sobre los juicios que han llevado a la idealizaci\u00f3n de lo que socialmente significa ser madre, teniendo entre sus consecuencias, la adopci\u00f3n de modelos de maternidad nocivos como la maternidad sacrificada, la exigida o controladora; los cuales desencadenan en problemas como el agobio, el enojo, o incluso la violencia. <\/p>\n\n\n\n<blockquote class=\"wp-block-quote is-layout-flow wp-block-quote-is-layout-flow\"><p><strong>\u201cEn la maternidad idealizada hay una enorme exigencia que hace que no exista la posibilidad de relajarse, de disfrutar, de aprender y madurar en este tema, en la forma de la crianza, o las crianzas, que se deben ver bajo un mismo compromiso tanto en hombres como en mujeres\u201d<\/strong> declara la psicoterapeuta Ang\u00e9lica Nevarez, y a\u00f1ade que<strong> \u201cadem\u00e1s est\u00e1 absolutamente fuera de toda equidad de g\u00e9nero, pues aprisiona, limita e incluso centraliza a todo el ser de una mujer, exclusivamente en su actuar como madre, y las mujeres somos mucho m\u00e1s que s\u00f3lo ser mam\u00e1s cuando as\u00ed se ha elegido\u201d.<\/strong><\/p><\/blockquote>\n\n\n\n<figure class=\"wp-block-image size-large\"><img fetchpriority=\"high\" decoding=\"async\" width=\"1024\" height=\"634\" src=\"https:\/\/www.gesmujer.org\/web\/wp-content\/uploads\/2021\/05\/Copia-de-Copia-de-Copia-de-Copia-de-Copia-de-Copia-de-Copia-de-Copia-de-Copia-de-Copia-de-Copia-de-Copia-de-Copia-de-Copia-de-Pinceles-9-1024x634.png\" alt=\"\" class=\"wp-image-6615\" srcset=\"https:\/\/www.gesmujer.org\/sitio\/wp-content\/uploads\/2021\/05\/Copia-de-Copia-de-Copia-de-Copia-de-Copia-de-Copia-de-Copia-de-Copia-de-Copia-de-Copia-de-Copia-de-Copia-de-Copia-de-Copia-de-Pinceles-9-1024x634.png 1024w, https:\/\/www.gesmujer.org\/sitio\/wp-content\/uploads\/2021\/05\/Copia-de-Copia-de-Copia-de-Copia-de-Copia-de-Copia-de-Copia-de-Copia-de-Copia-de-Copia-de-Copia-de-Copia-de-Copia-de-Copia-de-Pinceles-9-600x371.png 600w, https:\/\/www.gesmujer.org\/sitio\/wp-content\/uploads\/2021\/05\/Copia-de-Copia-de-Copia-de-Copia-de-Copia-de-Copia-de-Copia-de-Copia-de-Copia-de-Copia-de-Copia-de-Copia-de-Copia-de-Copia-de-Pinceles-9-300x186.png 300w, https:\/\/www.gesmujer.org\/sitio\/wp-content\/uploads\/2021\/05\/Copia-de-Copia-de-Copia-de-Copia-de-Copia-de-Copia-de-Copia-de-Copia-de-Copia-de-Copia-de-Copia-de-Copia-de-Copia-de-Copia-de-Pinceles-9-768x475.png 768w, https:\/\/www.gesmujer.org\/sitio\/wp-content\/uploads\/2021\/05\/Copia-de-Copia-de-Copia-de-Copia-de-Copia-de-Copia-de-Copia-de-Copia-de-Copia-de-Copia-de-Copia-de-Copia-de-Copia-de-Copia-de-Pinceles-9-97x60.png 97w, https:\/\/www.gesmujer.org\/sitio\/wp-content\/uploads\/2021\/05\/Copia-de-Copia-de-Copia-de-Copia-de-Copia-de-Copia-de-Copia-de-Copia-de-Copia-de-Copia-de-Copia-de-Copia-de-Copia-de-Copia-de-Pinceles-9.png 1049w\" sizes=\"(max-width: 1024px) 100vw, 1024px\" \/><\/figure>\n\n\n\n<p>El texto original de este art\u00edculo fue publicado por la Agencia Quadrat\u00edn en la siguiente direcci\u00f3n:&nbsp;<a href=\"https:\/\/oaxaca.quadratin.com.mx\/ofrecera-gesmujer-la-video-charla-desmitificando-las-maternidades\/\">https:\/\/oaxaca.quadratin.com.mx\/ofrecera-gesmujer-la-video-charla-desmitificando-las-maternidades\/<\/a><\/p>\n\n\n\n<p>Fuente: https:\/\/oaxaca.quadratin.com.mx\/ofrecera-gesmujer-la-video-charla-desmitificando-las-maternidades\/<\/p>\n","protected":false},"excerpt":{"rendered":"<p>Martes 11 de Mayo de 2021, Quadrat\u00edn.- El Grupo de estudios sobre la mujer Rosario Castellanos (GESMujer), ofrecer\u00e1 este mi\u00e9rcoles la charla \u00bfEres una &#8220;buena&#8221; o una &#8220;mala&#8221; madre? , como parte del ciclo de video charlas del mes de mayo. En un comunicado, informaron que la charla esta enfocada en abordar temas que visibilicen [&hellip;]<\/p>\n","protected":false},"author":4,"featured_media":6616,"comment_status":"closed","ping_status":"open","sticky":false,"template":"","format":"standard","meta":{"give_campaign_id":0,"rs_blank_template":"","rs_page_bg_color":"","slide_template_v7":"","footnotes":""},"categories":[91,32,3],"tags":[],"class_list":["post-6614","post","type-post","status-publish","format-standard","has-post-thumbnail","hentry","category-notas","category-novedades","category-portada"],"_links":{"self":[{"href":"https:\/\/www.gesmujer.org\/sitio\/index.php?rest_route=\/wp\/v2\/posts\/6614","targetHints":{"allow":["GET"]}}],"collection":[{"href":"https:\/\/www.gesmujer.org\/sitio\/index.php?rest_route=\/wp\/v2\/posts"}],"about":[{"href":"https:\/\/www.gesmujer.org\/sitio\/index.php?rest_route=\/wp\/v2\/types\/post"}],"author":[{"embeddable":true,"href":"https:\/\/www.gesmujer.org\/sitio\/index.php?rest_route=\/wp\/v2\/users\/4"}],"replies":[{"embeddable":true,"href":"https:\/\/www.gesmujer.org\/sitio\/index.php?rest_route=%2Fwp%2Fv2%2Fcomments&post=6614"}],"version-history":[{"count":1,"href":"https:\/\/www.gesmujer.org\/sitio\/index.php?rest_route=\/wp\/v2\/posts\/6614\/revisions"}],"predecessor-version":[{"id":6617,"href":"https:\/\/www.gesmujer.org\/sitio\/index.php?rest_route=\/wp\/v2\/posts\/6614\/revisions\/6617"}],"wp:featuredmedia":[{"embeddable":true,"href":"https:\/\/www.gesmujer.org\/sitio\/index.php?rest_route=\/wp\/v2\/media\/6616"}],"wp:attachment":[{"href":"https:\/\/www.gesmujer.org\/sitio\/index.php?rest_route=%2Fwp%2Fv2%2Fmedia&parent=6614"}],"wp:term":[{"taxonomy":"category","embeddable":true,"href":"https:\/\/www.gesmujer.org\/sitio\/index.php?rest_route=%2Fwp%2Fv2%2Fcategories&post=6614"},{"taxonomy":"post_tag","embeddable":true,"href":"https:\/\/www.gesmujer.org\/sitio\/index.php?rest_route=%2Fwp%2Fv2%2Ftags&post=6614"}],"curies":[{"name":"wp","href":"https:\/\/api.w.org\/{rel}","templated":true}]}}