{"id":6624,"date":"2021-05-17T12:09:08","date_gmt":"2021-05-17T18:09:08","guid":{"rendered":"https:\/\/www.gesmujer.org\/web\/?p=6624"},"modified":"2021-05-18T10:34:28","modified_gmt":"2021-05-18T16:34:28","slug":"exigen-justicia-para-maria-paula-de-63-anos-asesinada-en-la-mixteca-de-oaxaca-tras-denunciar-un-robo","status":"publish","type":"post","link":"https:\/\/www.gesmujer.org\/sitio\/?p=6624","title":{"rendered":"Exigen justicia para Mar\u00eda Paula, de 63 a\u00f1os, asesinada en la Mixteca de Oaxaca tras denunciar un robo"},"content":{"rendered":"\n<p><strong>Christian Jim\u00e9nez, Viernes 15 de Mayo de 2021, El Universal<\/strong>.-Convocadas por&nbsp;<strong>colectivas feministas<\/strong>, mujeres de la regi\u00f3n&nbsp;<strong>Mixteca&nbsp;<\/strong>salieron a las calles para exigir justicia por el asesinato de&nbsp;<strong>Mar\u00eda Paula Burgos Calvo<\/strong>, de 63 a\u00f1os,&nbsp;<em>quien fue asesinada en su propia casa, en San Pedro y San Pablo Tequixtepec.<\/em><\/p>\n\n\n\n<p>Hasta el d\u00eda en el que&nbsp;<strong>Burgos Calvo<\/strong>&nbsp;fue ultimada, el Grupo de estudios sobre la mujer&nbsp;<em>Rosario Castellanos<\/em>&nbsp;(GESMujer) contabiliz\u00f3 29 muertes violentas de mujeres. La de&nbsp;<strong>Mar\u00eda Paula<\/strong>&nbsp;es la primera sucedida en la Mixteca en el a\u00f1o.<\/p>\n\n\n\n<p><strong>GESMujer&nbsp;<\/strong>tambi\u00e9n precisa que la mayor\u00eda de<em>&nbsp;las muertes de mujeres se consuman en sus hogares.<\/em><\/p>\n\n\n\n<p>De acuerdo con informaci\u00f3n preliminar,&nbsp;<strong>Mar\u00eda Paula<\/strong>&nbsp;acudi\u00f3 d\u00edas antes de ser asesinada ante la autoridad municipal&nbsp;<em>a denunciar el robo de sus chivos.<\/em><\/p>\n\n\n\n<p>Por el hurto,&nbsp;<strong>Burgos Calvo<\/strong>&nbsp;denunci\u00f3 a uno de sus vecinos, a quien tambi\u00e9n se\u00f1alo por&nbsp;<strong>acoso sexual<\/strong>&nbsp;y quien tras la acusaci\u00f3n se comprometi\u00f3 ante las autoridades a devolverle sus animales, pero no lo hizo.<\/p>\n\n\n\n<p>Antes,&nbsp;<strong>Mar\u00eda&nbsp;<\/strong>y su hermano fueron amenazados por el mismo hombre, pero antes de ir ante las autoridades a interponer la denuncia, ella fue encontrada sin vida.<\/p>\n\n\n\n<p>Ante lo sucedido, familiares y vecinas de&nbsp;<strong>Mar\u00eda Paula<\/strong>&nbsp;han salido al ayuntamiento a denunciar la presunta responsabilidad del vecino, identificado como&nbsp;<strong>R. M.<\/strong>, quien hasta hoy no ha sido detenido.<\/p>\n\n\n\n<p>Por ello, las colectivas&nbsp;<em><strong>Marea Verde Mixteca<\/strong><\/em>&nbsp;e&nbsp;<em><strong>Hijas de la Luna<\/strong><\/em>&nbsp;protestaron en el Centro de Justicia de la Mixteca para exigir que se aprehenda al responsable del feminicidio de la mujer de 63 a\u00f1os.<\/p>\n\n\n\n<p><strong>\u201cExigimos a la Vicefiscal\u00eda de la Mixteca agilizar las investigaciones por el terrible&nbsp;feminicidio&nbsp;de nuestra hermana&nbsp;Mar\u00eda Paula\u201d<\/strong>, dijeron.<\/p>\n\n\n\n<p>Fuente: https:\/\/oaxaca.eluniversal.com.mx\/sociedad\/exigen-justicia-para-maria-paula-de-63-anos-asesinada-en-la-mixteca-de-oaxaca-tras<\/p>\n","protected":false},"excerpt":{"rendered":"<p>Christian Jim\u00e9nez, Viernes 15 de Mayo de 2021, El Universal.-Convocadas por&nbsp;colectivas feministas, mujeres de la regi\u00f3n&nbsp;Mixteca&nbsp;salieron a las calles para exigir justicia por el asesinato de&nbsp;Mar\u00eda Paula Burgos Calvo, de 63 a\u00f1os,&nbsp;quien fue asesinada en su propia casa, en San Pedro y San Pablo Tequixtepec. Hasta el d\u00eda en el que&nbsp;Burgos Calvo&nbsp;fue ultimada, el Grupo [&hellip;]<\/p>\n","protected":false},"author":4,"featured_media":6625,"comment_status":"closed","ping_status":"open","sticky":false,"template":"","format":"standard","meta":{"footnotes":""},"categories":[91,32],"tags":[89],"class_list":["post-6624","post","type-post","status-publish","format-standard","has-post-thumbnail","hentry","category-notas","category-novedades","tag-gesmujer-oaxaca-mujeres-participacionpolitica"],"_links":{"self":[{"href":"https:\/\/www.gesmujer.org\/sitio\/index.php?rest_route=\/wp\/v2\/posts\/6624","targetHints":{"allow":["GET"]}}],"collection":[{"href":"https:\/\/www.gesmujer.org\/sitio\/index.php?rest_route=\/wp\/v2\/posts"}],"about":[{"href":"https:\/\/www.gesmujer.org\/sitio\/index.php?rest_route=\/wp\/v2\/types\/post"}],"author":[{"embeddable":true,"href":"https:\/\/www.gesmujer.org\/sitio\/index.php?rest_route=\/wp\/v2\/users\/4"}],"replies":[{"embeddable":true,"href":"https:\/\/www.gesmujer.org\/sitio\/index.php?rest_route=%2Fwp%2Fv2%2Fcomments&post=6624"}],"version-history":[{"count":3,"href":"https:\/\/www.gesmujer.org\/sitio\/index.php?rest_route=\/wp\/v2\/posts\/6624\/revisions"}],"predecessor-version":[{"id":6629,"href":"https:\/\/www.gesmujer.org\/sitio\/index.php?rest_route=\/wp\/v2\/posts\/6624\/revisions\/6629"}],"wp:featuredmedia":[{"embeddable":true,"href":"https:\/\/www.gesmujer.org\/sitio\/index.php?rest_route=\/wp\/v2\/media\/6625"}],"wp:attachment":[{"href":"https:\/\/www.gesmujer.org\/sitio\/index.php?rest_route=%2Fwp%2Fv2%2Fmedia&parent=6624"}],"wp:term":[{"taxonomy":"category","embeddable":true,"href":"https:\/\/www.gesmujer.org\/sitio\/index.php?rest_route=%2Fwp%2Fv2%2Fcategories&post=6624"},{"taxonomy":"post_tag","embeddable":true,"href":"https:\/\/www.gesmujer.org\/sitio\/index.php?rest_route=%2Fwp%2Fv2%2Ftags&post=6624"}],"curies":[{"name":"wp","href":"https:\/\/api.w.org\/{rel}","templated":true}]}}