{"id":6630,"date":"2021-05-18T16:09:27","date_gmt":"2021-05-18T22:09:27","guid":{"rendered":"https:\/\/www.gesmujer.org\/web\/?p=6630"},"modified":"2021-05-18T16:12:18","modified_gmt":"2021-05-18T22:12:18","slug":"transmitira-gesmujer-videocharla-sobre-maternidad-y-duelo","status":"publish","type":"post","link":"https:\/\/www.gesmujer.org\/sitio\/?p=6630","title":{"rendered":"Transmitir\u00e1 GESMujer videocharla sobre maternidad y duelo"},"content":{"rendered":"\n<p><strong>Martes 18 de Marzo de 2021, Quadrat\u00edn.-<\/strong> En el marco de las viodeocharlas que el GESMujer realiza cada mi\u00e9rcoles a las 5:00 de la tarde, durante el mes de mayo se presentar\u00e1n diversos aspectos relacionados con la maternidad. <\/p>\n\n\n\n<p>Dentro de esta tem\u00e1tica, el pr\u00f3ximo 19 de mayo se abordar\u00e1 el duelo que viven las mujeres frente a la p\u00e9rdida de un hijo o una hija, sus implicaciones personales, familiares y sociales, as\u00ed como abrir un espacio de di\u00e1logo colectivo para reflexionar sobre la importancia de identificar pautas de apoyo para aprender a vivir con ello, as\u00ed como estrategias de acompa\u00f1amiento a quienes enfrentan la dolorosa p\u00e9rdida de un hijo o una hija. <\/p>\n\n\n\n<p>De acuerdo con un comunicado, aunque existen t\u00e9rminos y neologismos que definen esta condici\u00f3n parental, lo cierto es que cualquier concepto sobre ello, adem\u00e1s de ser poco utilizado, encierra un tema que a\u00fan permanece invisibilizado e incomprendido, pues por lo regular, un progenitor o progenitora, no se enfrenta a la idea de perder a su descendencia, y mucho menos se encuentra emocionalmente preparado o preparada si se le presenta esta situaci\u00f3n. <\/p>\n\n\n\n<p>Las madres y padres se involucran de forma \u00edntima en la vida de sus hijos e hijas, por lo tanto, su ausencia puede representar un impacto importante en su estado emocional, y su proceso de duelo no lo puede determinar la edad del hijo o hija que falleci\u00f3 o alg\u00fan otro factor. <\/p>\n\n\n\n<p>Es por ello que el Grupo de estudios sobre la mujer Rosario Castellanos, se interesa en abordar el duelo de las madres, a trav\u00e9s de la charla \u201cUna p\u00e9rdida sin nombre: Maternidad y duelo\u201d, como parte del ciclo de videocharlas del mayo. <\/p>\n\n\n\n<p>La maestra en terapia Gestalt y diplomada en tanatolog\u00eda cl\u00ednica, Laura Cort\u00e9s Mart\u00ednez, ser\u00e1 la ponente de esta charla, la cual se transmitir\u00e1 en vivo el pr\u00f3ximo mi\u00e9rcoles 19 de mayo, a las 5:00 de la tarde, en la p\u00e1gina de facebook del GESMujer. <\/p>\n\n\n\n<figure class=\"wp-block-image size-large\"><img loading=\"lazy\" decoding=\"async\" width=\"1024\" height=\"634\" src=\"https:\/\/www.gesmujer.org\/web\/wp-content\/uploads\/2021\/05\/Cartel.-Charla-sobre-maternidad-y-duelo-1024x634.png\" alt=\"\" class=\"wp-image-6634\" srcset=\"https:\/\/www.gesmujer.org\/sitio\/wp-content\/uploads\/2021\/05\/Cartel.-Charla-sobre-maternidad-y-duelo-1024x634.png 1024w, https:\/\/www.gesmujer.org\/sitio\/wp-content\/uploads\/2021\/05\/Cartel.-Charla-sobre-maternidad-y-duelo-600x371.png 600w, https:\/\/www.gesmujer.org\/sitio\/wp-content\/uploads\/2021\/05\/Cartel.-Charla-sobre-maternidad-y-duelo-300x186.png 300w, https:\/\/www.gesmujer.org\/sitio\/wp-content\/uploads\/2021\/05\/Cartel.-Charla-sobre-maternidad-y-duelo-768x475.png 768w, https:\/\/www.gesmujer.org\/sitio\/wp-content\/uploads\/2021\/05\/Cartel.-Charla-sobre-maternidad-y-duelo-97x60.png 97w, https:\/\/www.gesmujer.org\/sitio\/wp-content\/uploads\/2021\/05\/Cartel.-Charla-sobre-maternidad-y-duelo.png 1049w\" sizes=\"auto, (max-width: 1024px) 100vw, 1024px\" \/><\/figure>\n\n\n\n<p>Enlace: https:\/\/www.facebook.com\/gesmujer.rosario.castellanos.ac<\/p>\n\n\n\n<p>Fuente:\u00a0<a href=\"https:\/\/oaxaca.quadratin.com.mx\/transmitira-gesmujer-videocharla-sobre-maternidad-y-duelo\/\">https:\/\/oaxaca.quadratin.com.mx\/transmitira-gesmujer-videocharla-sobre-maternidad-y-duelo\/<\/a><\/p>\n","protected":false},"excerpt":{"rendered":"<p>Martes 18 de Marzo de 2021, Quadrat\u00edn.- En el marco de las viodeocharlas que el GESMujer realiza cada mi\u00e9rcoles a las 5:00 de la tarde, durante el mes de mayo se presentar\u00e1n diversos aspectos relacionados con la maternidad. Dentro de esta tem\u00e1tica, el pr\u00f3ximo 19 de mayo se abordar\u00e1 el duelo que viven las mujeres [&hellip;]<\/p>\n","protected":false},"author":4,"featured_media":6632,"comment_status":"closed","ping_status":"open","sticky":false,"template":"","format":"standard","meta":{"footnotes":""},"categories":[36,32,3],"tags":[],"class_list":["post-6630","post","type-post","status-publish","format-standard","has-post-thumbnail","hentry","category-comunicados","category-novedades","category-portada"],"_links":{"self":[{"href":"https:\/\/www.gesmujer.org\/sitio\/index.php?rest_route=\/wp\/v2\/posts\/6630","targetHints":{"allow":["GET"]}}],"collection":[{"href":"https:\/\/www.gesmujer.org\/sitio\/index.php?rest_route=\/wp\/v2\/posts"}],"about":[{"href":"https:\/\/www.gesmujer.org\/sitio\/index.php?rest_route=\/wp\/v2\/types\/post"}],"author":[{"embeddable":true,"href":"https:\/\/www.gesmujer.org\/sitio\/index.php?rest_route=\/wp\/v2\/users\/4"}],"replies":[{"embeddable":true,"href":"https:\/\/www.gesmujer.org\/sitio\/index.php?rest_route=%2Fwp%2Fv2%2Fcomments&post=6630"}],"version-history":[{"count":2,"href":"https:\/\/www.gesmujer.org\/sitio\/index.php?rest_route=\/wp\/v2\/posts\/6630\/revisions"}],"predecessor-version":[{"id":6636,"href":"https:\/\/www.gesmujer.org\/sitio\/index.php?rest_route=\/wp\/v2\/posts\/6630\/revisions\/6636"}],"wp:featuredmedia":[{"embeddable":true,"href":"https:\/\/www.gesmujer.org\/sitio\/index.php?rest_route=\/wp\/v2\/media\/6632"}],"wp:attachment":[{"href":"https:\/\/www.gesmujer.org\/sitio\/index.php?rest_route=%2Fwp%2Fv2%2Fmedia&parent=6630"}],"wp:term":[{"taxonomy":"category","embeddable":true,"href":"https:\/\/www.gesmujer.org\/sitio\/index.php?rest_route=%2Fwp%2Fv2%2Fcategories&post=6630"},{"taxonomy":"post_tag","embeddable":true,"href":"https:\/\/www.gesmujer.org\/sitio\/index.php?rest_route=%2Fwp%2Fv2%2Ftags&post=6630"}],"curies":[{"name":"wp","href":"https:\/\/api.w.org\/{rel}","templated":true}]}}